{"id":4682,"date":"2025-04-22T22:56:51","date_gmt":"2025-04-23T01:56:51","guid":{"rendered":"https:\/\/conexaodjota.com.br\/?p=4682"},"modified":"2025-04-22T22:56:51","modified_gmt":"2025-04-23T01:56:51","slug":"entidades-e-liderancas-religiosas-lamentam-morte-do-papa","status":"publish","type":"post","link":"https:\/\/conexaodjota.com.br\/?p=4682","title":{"rendered":"Entidades e lideran\u00e7as religiosas lamentam morte do papa"},"content":{"rendered":"<\/p>\n<p><a class=\"\" href=\"https:\/\/agenciabrasil.ebc.com.br\/geral\/noticia\/2025-04\/entidades-e-lideran%C3%A7as-religiosas-lamentam-morte-do-papa\"><br \/>\n                    <img decoding=\"async\" src=\"https:\/\/cdn.jsdelivr.net\/gh\/sergiosdlima\/assets-ebc@1.0.0\/abr\/assets\/images\/logo-agenciabrasil.svg\" alt=\"Logo Ag\u00eancia Brasil\"><br \/>\n\t\t\t\t<\/a><\/p>\n<p>Entidades e representantes\u00a0de diversas cren\u00e7as e religi\u00f5es do Brasil lamentaram a morte do papa Francisco, l\u00edder mundial da Igreja Cat\u00f3lica. Ele morreu na madrugada desse domingo (21), <a href=\"https:\/\/agenciabrasil.ebc.com.br\/internacional\/noticia\/2025-04\/vaticano-confirma-morte-do-papa-por-avc-e-colapso-cardiorrespiratorio\" target=\"_blank\">v\u00edtima de acidente vascular cerebral<\/a> (AVC), seguido por coma e colapso cardiovascular irrevers\u00edvel.<img decoding=\"async\" src=\"https:\/\/agenciabrasil.ebc.com.br\/ebc.png?id=1639733&#038;o=rss\"><img decoding=\"async\" src=\"https:\/\/agenciabrasil.ebc.com.br\/ebc.gif?id=1639733&#038;o=rss\"><\/p>\n<p><strong>Em nota, organiza\u00e7\u00f5es da comunidade judaica se uniram em luto pela morte do papa<\/strong>. A Confedera\u00e7\u00e3o Israelita do Brasil (Conib) afirmou\u00a0que a morte do l\u00edder cat\u00f3lico foi uma &#8220;grande perda para a humanidade&#8221;.<\/p>\n<blockquote>\n<h3>Not\u00edcias relacionadas:<\/h3>\n<ul>\n<li><a href=\"https:\/\/agenciabrasil.ebc.com.br\/geral\/noticia\/2025-04\/lula-celebra-francisco-como-o-papa-da-esperanca-da-alegria-e-da-paz\">Lula celebra Francisco como o papa da esperan\u00e7a, da alegria e da paz.<\/a><\/li>\n<li><a href=\"https:\/\/agenciabrasil.ebc.com.br\/internacional\/noticia\/2025-04\/papa-pediu-velorio-simples-em-testamento-assinado-em-2022\">Papa pediu vel\u00f3rio simples em testamento assinado em 2022.<\/a><\/li>\n<li><a href=\"https:\/\/agenciabrasil.ebc.com.br\/internacional\/noticia\/2025-04\/entenda-o-conclave-ritual-de-escolha-do-novo-papa\">Entenda o conclave, ritual de escolha do novo papa no Vaticano.<\/a><\/li>\n<\/ul>\n<p>\u201cO papa Francisco, com seu carisma e vis\u00e3o inclusiva, tocou o cora\u00e7\u00e3o das pessoas em seu papado transformador. Ele visitou o campo de exterm\u00ednio nazista de Auschwitz, condenou o antissemitismo, o discurso de \u00f3dio e o racismo, al\u00e9m de promover o di\u00e1logo inter-religioso\u201d, escreveu a Conib. \u201cQue seu legado continue a nos guiar na busca por um mundo mais humano, justo e pac\u00edfico\u201d, ressaltou.<br \/>\n\u00a0\n<\/p><\/blockquote>\n<p><strong>A Federa\u00e7\u00e3o Israelita do Estado de S\u00e3o Paulo expressou solidariedade aos cat\u00f3licos de todo o mundo.<\/strong><\/p>\n<blockquote>\n<p>\u201cReconhecemos o legado de um l\u00edder incans\u00e1vel na luta contra o discurso de \u00f3dio, o racismo e todas as formas de intoler\u00e2ncia. Sua voz firme contra o antissemitismo e a promo\u00e7\u00e3o do di\u00e1logo inter-religioso representaram um farol de esperan\u00e7a em tempos de crescente intoler\u00e2ncia\u201d, disse a federa\u00e7\u00e3o.<\/p>\n<\/blockquote>\n<p><strong>O Centro de Divulga\u00e7\u00e3o do Islam Para Am\u00e9rica Latina (CDIAL) expressou condol\u00eancias pelo falecimento do papa.<\/strong><\/p>\n<blockquote>\n<p>\u201cO papa Francisco, nascido Jorge Mario Bergoglio em Buenos Aires, Argentina, foi o primeiro pont\u00edfice jesu\u00edta e latino-americano da hist\u00f3ria da Igreja Cat\u00f3lica. Desde sua elei\u00e7\u00e3o em 2013, destacou-se por seu compromisso com os mais pobres, sua incans\u00e1vel defesa dos direitos humanos e sua dedica\u00e7\u00e3o ao di\u00e1logo inter-religioso e \u00e0 promo\u00e7\u00e3o da paz mundial\u201d, disse\u00a0o centro.<\/p>\n<\/blockquote>\n<p>\u201cSua lideran\u00e7a inspiradora promoveu reformas significativas na Igreja, incluindo a reestrutura\u00e7\u00e3o da C\u00faria Romana, medidas para maior inclus\u00e3o das mulheres e o enfrentamento de desafios internos com coragem e transpar\u00eancia. Sua postura aberta e acolhedora deixou uma marca indel\u00e9vel na hist\u00f3ria da Igreja e do mundo. Em suas palavras, atitudes e escolhas, deixou um legado de empatia e um olhar profundamente humanit\u00e1rio para com os pobres, os imigrantes, os doentes e todos os que sofrem\u201d, acrescentou o centro de divulga\u00e7\u00e3o isl\u00e2mico.<\/p>\n<p><strong>Para a Federa\u00e7\u00e3o Esp\u00edrita Brasileira, o papa foi um \u201cdedicado irm\u00e3o na doutrina crist\u00e3 que aproximou fi\u00e9is cat\u00f3licos e de outras denomina\u00e7\u00f5es religiosas pelo exemplo de amor, humildade e fraternidade\u201d.<\/strong><\/p>\n<blockquote>\n<p>\u201cTrabalhou o debate inter-religioso, assim como a humildade e a indulg\u00eancia para com todos, independente da cren\u00e7a. Trouxe a pauta das mudan\u00e7as clim\u00e1ticas e das a\u00e7\u00f5es diplom\u00e1ticas pela paz entre os povos, assim como a causa dos refugiados. Aos nossos irm\u00e3os em Cristo, desejamos amor e paz nesta passagem de Papa Francisco, evocando a fraternidade e a compaix\u00e3o a todos os lares\u201d, afirmou.<\/p>\n<\/blockquote>\n<p><strong>Tamb\u00e9m em nota, a Frente de Evang\u00e9licos lamentou profundamente a morte do papa.<\/strong><\/p>\n<blockquote>\n<p>\u201cO primeiro papa latino-americano marcou seu pontificado numa trajet\u00f3ria de simplicidade e defesa aos direitos humanos. Em sua \u00faltima apari\u00e7\u00e3o p\u00fablica, no domingo de P\u00e1scoa, pediu o cessar-fogo na Faixa de Gaza e disse: \u2018Expresso minha proximidade aos sofrimentos\u2026 de todo o povo israelense e do povo palestino\u2019. Reconhecemos em sua lideran\u00e7a os ensinos de Jesus de solidariedade, paz, amor e igualdade. Oramos e agradecemos a vida e o testemunho de Jorge Mario Bergoglio\u201d.<\/p>\n<\/blockquote>\n<p><strong>O Conselho Nacional de Igrejas Crist\u00e3s do Brasil (Conic) lembrou\u00a0que a vida do papa Francisco foi \u201cum testemunho corajoso em contextos hostis\u201d.<\/strong><\/p>\n<blockquote>\n<p>\u201cAo colocar-se ao lado das pessoas imigrantes e refugiadas e fazer mem\u00f3ria \u00e0s que morreram na travessia, denunciou os colonialismos contempor\u00e2neos que ferem a dignidade humana. Na Am\u00e9rica Latina, dialogou com os movimentos sociais e incentivou a luta pelo direito \u00e0 Terra, ao teto e ao trabalho\u201d, disse\u00a0o Conic. \u201cN\u00f3s, teus irm\u00e3os e irm\u00e3s ecum\u00eanicos, oraremos, papa Francisco, em solidariedade \u00e0s comunidades enlutadas da Igreja Cat\u00f3lica Apost\u00f3lica Romana e para agradecer a Deus por sua vida e testemunho\u201d.<\/p>\n<\/blockquote>\n<p><strong>A M\u00e3e Meninazinha de Oxum, Iyalorix\u00e1 do Il\u00ea Omolu Oxum, afirmou\u00a0que o papa \u201cser\u00e1 lembrado e celebrado pela sua atua\u00e7\u00e3o voltada para o enfrentamento \u00e0s injusti\u00e7as e todas as formas de preconceitos<\/strong>. Ele era uma verdadeira luz para o mundo\u201d.<\/p>\n<p><strong>J\u00e1 a M\u00e3e Nilce de Ians\u00e3, coordenadora nacional da Renafro, escreveu, em sua mensagem, que o papa \u201csemeou amor por onde passou\u201d.<\/strong><\/p>\n<p>\u201cQuando fechamos os olhos e pensamos no papa Francisco, imediatamente nos vem a imagem de seu sorriso, reflexo de toda a sua jornada de acolhimento e respeito a todas as pessoas, independentemente de religi\u00e3o. Ele semeou o seu amor por onde passou e certamente a for\u00e7a de seu trabalho germinar\u00e1 para as gera\u00e7\u00f5es futuras\u201d, disse a coordenadora da Renafro.<\/p>\n<div class=\"dnd-widget-wrapper context-cheio_8colunas type-image\">\n<div class=\"dnd-atom-rendered\"><!-- scald=83712:cheio_8colunas --><br \/>\n            <img decoding=\"async\" src=\"https:\/\/agenciabrasil.ebc.com.br\/sites\/default\/files\/thumbnails\/image\/loading_v2.gif\" data-echo=\"https:\/\/imagens.ebc.com.br\/ZzZap48vjR4wLQX0mnYO_VRvvZw=\/754x0\/smart\/https:\/\/agenciabrasil.ebc.com.br\/sites\/default\/files\/atoms\/image\/1010411-05042016-capa-dsc_2643-.jpg?itok=0tMUaXdo\" alt=\"Bras\u00edlia -  O representante da Organiza\u00e7\u00e3o Viva Rio Ronilso Pacheco da Silva, participa da comiss\u00e3o especial sobre homic\u00eddio de jovens no Brasil (Valter Campanato\/Ag\u00eancia Brasil)\" title=\"Valter Campanato\/Ag\u00eancia Brasil\"><br \/>\n        <noscript><img decoding=\"async\" src=\"https:\/\/imagens.ebc.com.br\/ZzZap48vjR4wLQX0mnYO_VRvvZw=\/754x0\/smart\/https:\/\/agenciabrasil.ebc.com.br\/sites\/default\/files\/atoms\/image\/1010411-05042016-capa-dsc_2643-.jpg?itok=0tMUaXdo\" alt=\"Bras\u00edlia -  O representante da Organiza\u00e7\u00e3o Viva Rio Ronilso Pacheco da Silva, participa da comiss\u00e3o especial sobre homic\u00eddio de jovens no Brasil (Valter Campanato\/Ag\u00eancia Brasil)\" title=\"Valter Campanato\/Ag\u00eancia Brasil\"><\/noscript><br \/>\n    <!-- END scald=83712 --><\/div>\n<div class=\"dnd-caption-wrapper\">\n<h6 class=\"meta\">Pastor Ronilso Pacheco, da Comunidade Batista em S\u00e3o Gon\u00e7alo, destaca agenda humanit\u00e1ria de Francisco &#8211; <strong>Foto Valter Campanato\/Ag\u00eancia Brasil\/Arquivo<\/strong><!--END copyright=83712--><\/h6>\n<\/div>\n<\/div>\n<p>O pastor Ronilso Pacheco, da\u00a0Comunidade Batista em S\u00e3o Gon\u00e7alo, no Rio de Janeiro, lembrou o trabalho de grande transforma\u00e7\u00e3o do papa\u00a0na abertura da Igreja Cat\u00f3lica. Ele disse que Francisco abra\u00e7ou\u00a0uma agenda humanit\u00e1ria muito forte.\u00a0<\/p>\n","protected":false},"excerpt":{"rendered":"<p>Entidades e representantes\u00a0de diversas cren\u00e7as e religi\u00f5es do Brasil lamentaram a morte do papa Francisco, l\u00edder mundial da Igreja Cat\u00f3lica. Ele morreu na madrugada desse domingo (21), v\u00edtima de acidente vascular cerebral (AVC), seguido por coma e colapso cardiovascular irrevers\u00edvel. Em nota, organiza\u00e7\u00f5es da comunidade judaica se uniram em luto pela morte do papa. A [&hellip;]<\/p>\n","protected":false},"author":6,"featured_media":4683,"comment_status":"open","ping_status":"open","sticky":false,"template":"","format":"standard","meta":{"_monsterinsights_skip_tracking":false,"site-sidebar-layout":"default","site-content-layout":"","ast-site-content-layout":"","site-content-style":"default","site-sidebar-style":"default","ast-global-header-display":"","ast-banner-title-visibility":"","ast-main-header-display":"","ast-hfb-above-header-display":"","ast-hfb-below-header-display":"","ast-hfb-mobile-header-display":"","site-post-title":"","ast-breadcrumbs-content":"","ast-featured-img":"","footer-sml-layout":"","theme-transparent-header-meta":"","adv-header-id-meta":"","stick-header-meta":"","header-above-stick-meta":"","header-main-stick-meta":"","header-below-stick-meta":"","astra-migrate-meta-layouts":"default","ast-page-background-enabled":"default","ast-page-background-meta":{"desktop":{"background-color":"var(--ast-global-color-4)","background-image":"","background-repeat":"repeat","background-position":"center center","background-size":"auto","background-attachment":"scroll","background-type":"","background-media":"","overlay-type":"","overlay-color":"","overlay-opacity":"","overlay-gradient":""},"tablet":{"background-color":"","background-image":"","background-repeat":"repeat","background-position":"center center","background-size":"auto","background-attachment":"scroll","background-type":"","background-media":"","overlay-type":"","overlay-color":"","overlay-opacity":"","overlay-gradient":""},"mobile":{"background-color":"","background-image":"","background-repeat":"repeat","background-position":"center center","background-size":"auto","background-attachment":"scroll","background-type":"","background-media":"","overlay-type":"","overlay-color":"","overlay-opacity":"","overlay-gradient":""}},"ast-content-background-meta":{"desktop":{"background-color":"var(--ast-global-color-5)","background-image":"","background-repeat":"repeat","background-position":"center center","background-size":"auto","background-attachment":"scroll","background-type":"","background-media":"","overlay-type":"","overlay-color":"","overlay-opacity":"","overlay-gradient":""},"tablet":{"background-color":"var(--ast-global-color-5)","background-image":"","background-repeat":"repeat","background-position":"center center","background-size":"auto","background-attachment":"scroll","background-type":"","background-media":"","overlay-type":"","overlay-color":"","overlay-opacity":"","overlay-gradient":""},"mobile":{"background-color":"var(--ast-global-color-5)","background-image":"","background-repeat":"repeat","background-position":"center center","background-size":"auto","background-attachment":"scroll","background-type":"","background-media":"","overlay-type":"","overlay-color":"","overlay-opacity":"","overlay-gradient":""}},"footnotes":""},"categories":[1],"tags":[],"class_list":["post-4682","post","type-post","status-publish","format-standard","has-post-thumbnail","hentry","category-sem-categoria"],"aioseo_notices":[],"_links":{"self":[{"href":"https:\/\/conexaodjota.com.br\/index.php?rest_route=\/wp\/v2\/posts\/4682","targetHints":{"allow":["GET"]}}],"collection":[{"href":"https:\/\/conexaodjota.com.br\/index.php?rest_route=\/wp\/v2\/posts"}],"about":[{"href":"https:\/\/conexaodjota.com.br\/index.php?rest_route=\/wp\/v2\/types\/post"}],"author":[{"embeddable":true,"href":"https:\/\/conexaodjota.com.br\/index.php?rest_route=\/wp\/v2\/users\/6"}],"replies":[{"embeddable":true,"href":"https:\/\/conexaodjota.com.br\/index.php?rest_route=%2Fwp%2Fv2%2Fcomments&post=4682"}],"version-history":[{"count":0,"href":"https:\/\/conexaodjota.com.br\/index.php?rest_route=\/wp\/v2\/posts\/4682\/revisions"}],"wp:featuredmedia":[{"embeddable":true,"href":"https:\/\/conexaodjota.com.br\/index.php?rest_route=\/wp\/v2\/media\/4683"}],"wp:attachment":[{"href":"https:\/\/conexaodjota.com.br\/index.php?rest_route=%2Fwp%2Fv2%2Fmedia&parent=4682"}],"wp:term":[{"taxonomy":"category","embeddable":true,"href":"https:\/\/conexaodjota.com.br\/index.php?rest_route=%2Fwp%2Fv2%2Fcategories&post=4682"},{"taxonomy":"post_tag","embeddable":true,"href":"https:\/\/conexaodjota.com.br\/index.php?rest_route=%2Fwp%2Fv2%2Ftags&post=4682"}],"curies":[{"name":"wp","href":"https:\/\/api.w.org\/{rel}","templated":true}]}}