{"id":25037,"date":"2026-09-05T15:57:29","date_gmt":"2026-09-05T18:57:29","guid":{"rendered":"https:\/\/conexaodjota.com.br\/?p=25037"},"modified":"2026-09-05T15:57:29","modified_gmt":"2026-09-05T18:57:29","slug":"ex-tecnico-da-selecao-parreira-recebe-alta-apos-80-dias-internado","status":"publish","type":"post","link":"https:\/\/conexaodjota.com.br\/?p=25037","title":{"rendered":"Ex-t\u00e9cnico da Sele\u00e7\u00e3o, Parreira recebe alta ap\u00f3s 80 dias internado"},"content":{"rendered":"<\/p>\n<p><a class=\"\" href=\"https:\/\/agenciabrasil.ebc.com.br\/esportes\/noticia\/2026-09\/ex-tecnico-da-selecao-parreira-recebe-alta-apos-80-dias-internado\"><br \/>\n                    <img decoding=\"async\" src=\"https:\/\/cdn.jsdelivr.net\/gh\/sergiosdlima\/assets-ebc@1.0.0\/abr\/assets\/images\/logo-agenciabrasil.svg\" alt=\"Logo Ag\u00eancia Brasil\"><br \/>\n\t\t\t\t<\/a><\/p>\n<p><strong>O ex-t\u00e9cnico da <a href=\"https:\/\/www.cbf.com.br\/selecao-brasileira\/noticias\/selecao-masculina\" target=\"_blank\">Sele\u00e7\u00e3o Brasileira de Futebol<\/a>\u00a0Carlos Alberto Parreira, 83 anos, recebeu alta m\u00e9dica neste s\u00e1bado (5), depois de ficar <a href=\"https:\/\/agenciabrasil.ebc.com.br\/esportes\/noticia\/2026-06\/tecnico-do-tetra-carlos-alberto-parreira-e-internado-no-rio\" target=\"_blank\">80 dias internado <\/a>no Hospital Samaritano Barra, da Rede Am\u00e9ricas, no Rio de Janeiro. Ele foi internado para tratar uma inflama\u00e7\u00e3o pulmonar.<\/strong><img decoding=\"async\" src=\"https:\/\/agenciabrasil.ebc.com.br\/ebc.png?id=1701631&#038;o=rss\"><img decoding=\"async\" src=\"https:\/\/agenciabrasil.ebc.com.br\/ebc.gif?id=1701631&#038;o=rss\"><\/p>\n<p>Segundo o hospital, Parreira\u00a0seguir\u00e1 em acompanhamento domiciliar e ambulatorial para monitoramento do estado geral de sa\u00fade. Durante o per\u00edodo de hospitaliza\u00e7\u00e3o, o ex-t\u00e9cnico foi acompanhado pela equipe do pneumologista Arthur Vianna e por profissionais multidisciplinares da unidade.<\/p>\n<\/p>\n<h3>Not\u00edcias relacionadas:<\/h3>\n<ul>\n<li><a href=\"https:\/\/agenciabrasil.ebc.com.br\/esportes\/noticia\/2026-06\/tecnico-do-tetra-carlos-alberto-parreira-e-internado-no-rio\">T\u00e9cnico do tetra, Carlos Alberto Parreira \u00e9 internado no Rio.<\/a><\/li>\n<li><a href=\"https:\/\/agenciabrasil.ebc.com.br\/esportes\/noticia\/2026-06\/internado-parreira-passa-por-cirurgia-no-rio-de-janeiro\">Internado, Parreira passa por cirurgia no Rio de Janeiro.<\/a><\/li>\n<\/ul>\n<p><strong>Em 2023, <a href=\"https:\/\/agenciabrasil.ebc.com.br\/esportes\/noticia\/2024-01\/carlos-alberto-parreira-trata-linfoma-de-hodgkin-ha-quatro-meses\" target=\"_blank\">foi diagnosticado <\/a>com\u00a0linfoma de Hodgkin \u2013 tipo de c\u00e2ncer que afeta o sistema de defesa do organismo. Desde 2025, segue com acompanhamento m\u00e9dico permanente.<\/strong><\/p>\n<h2>Trajet\u00f3ria<\/h2>\n<p>Professor de educa\u00e7\u00e3o f\u00edsica, formado pelo Ex\u00e9rcito, Parreira \u00e9 um dos nomes mais vitoriosos da hist\u00f3ria do futebol brasileiro.\u00a0Parreira foi preparador f\u00edsico da Sele\u00e7\u00e3o no tricampeonato mundial de 1970 e t\u00e9cnico do Brasil na conquista do tetracampeonato, em 1994.<\/p>\n<p>Tamb\u00e9m comandou a equipe nas Copas de 1986 e 2006 e foi coordenador t\u00e9cnico em 2014. Pela Sele\u00e7\u00e3o, conquistou ainda a Copa Am\u00e9rica de 2004 e a Copa das Confedera\u00e7\u00f5es de 2005.<\/p>\n","protected":false},"excerpt":{"rendered":"<p>O ex-t\u00e9cnico da Sele\u00e7\u00e3o Brasileira de Futebol\u00a0Carlos Alberto Parreira, 83 anos, recebeu alta m\u00e9dica neste s\u00e1bado (5), depois de ficar 80 dias internado no Hospital Samaritano Barra, da Rede Am\u00e9ricas, no Rio de Janeiro. Ele foi internado para tratar uma inflama\u00e7\u00e3o pulmonar. Segundo o hospital, Parreira\u00a0seguir\u00e1 em acompanhamento domiciliar e ambulatorial para monitoramento do estado [&hellip;]<\/p>\n","protected":false},"author":22,"featured_media":25038,"comment_status":"open","ping_status":"open","sticky":false,"template":"","format":"standard","meta":{"_monsterinsights_skip_tracking":false,"site-sidebar-layout":"default","site-content-layout":"","ast-site-content-layout":"","site-content-style":"default","site-sidebar-style":"default","ast-global-header-display":"","ast-banner-title-visibility":"","ast-main-header-display":"","ast-hfb-above-header-display":"","ast-hfb-below-header-display":"","ast-hfb-mobile-header-display":"","site-post-title":"","ast-breadcrumbs-content":"","ast-featured-img":"","footer-sml-layout":"","theme-transparent-header-meta":"","adv-header-id-meta":"","stick-header-meta":"","header-above-stick-meta":"","header-main-stick-meta":"","header-below-stick-meta":"","astra-migrate-meta-layouts":"default","ast-page-background-enabled":"default","ast-page-background-meta":{"desktop":{"background-color":"var(--ast-global-color-4)","background-image":"","background-repeat":"repeat","background-position":"center center","background-size":"auto","background-attachment":"scroll","background-type":"","background-media":"","overlay-type":"","overlay-color":"","overlay-opacity":"","overlay-gradient":""},"tablet":{"background-color":"","background-image":"","background-repeat":"repeat","background-position":"center center","background-size":"auto","background-attachment":"scroll","background-type":"","background-media":"","overlay-type":"","overlay-color":"","overlay-opacity":"","overlay-gradient":""},"mobile":{"background-color":"","background-image":"","background-repeat":"repeat","background-position":"center center","background-size":"auto","background-attachment":"scroll","background-type":"","background-media":"","overlay-type":"","overlay-color":"","overlay-opacity":"","overlay-gradient":""}},"ast-content-background-meta":{"desktop":{"background-color":"var(--ast-global-color-5)","background-image":"","background-repeat":"repeat","background-position":"center center","background-size":"auto","background-attachment":"scroll","background-type":"","background-media":"","overlay-type":"","overlay-color":"","overlay-opacity":"","overlay-gradient":""},"tablet":{"background-color":"var(--ast-global-color-5)","background-image":"","background-repeat":"repeat","background-position":"center center","background-size":"auto","background-attachment":"scroll","background-type":"","background-media":"","overlay-type":"","overlay-color":"","overlay-opacity":"","overlay-gradient":""},"mobile":{"background-color":"var(--ast-global-color-5)","background-image":"","background-repeat":"repeat","background-position":"center center","background-size":"auto","background-attachment":"scroll","background-type":"","background-media":"","overlay-type":"","overlay-color":"","overlay-opacity":"","overlay-gradient":""}},"footnotes":""},"categories":[45],"tags":[],"class_list":["post-25037","post","type-post","status-publish","format-standard","has-post-thumbnail","hentry","category-esportes"],"aioseo_notices":[],"_links":{"self":[{"href":"https:\/\/conexaodjota.com.br\/index.php?rest_route=\/wp\/v2\/posts\/25037","targetHints":{"allow":["GET"]}}],"collection":[{"href":"https:\/\/conexaodjota.com.br\/index.php?rest_route=\/wp\/v2\/posts"}],"about":[{"href":"https:\/\/conexaodjota.com.br\/index.php?rest_route=\/wp\/v2\/types\/post"}],"author":[{"embeddable":true,"href":"https:\/\/conexaodjota.com.br\/index.php?rest_route=\/wp\/v2\/users\/22"}],"replies":[{"embeddable":true,"href":"https:\/\/conexaodjota.com.br\/index.php?rest_route=%2Fwp%2Fv2%2Fcomments&post=25037"}],"version-history":[{"count":0,"href":"https:\/\/conexaodjota.com.br\/index.php?rest_route=\/wp\/v2\/posts\/25037\/revisions"}],"wp:featuredmedia":[{"embeddable":true,"href":"https:\/\/conexaodjota.com.br\/index.php?rest_route=\/wp\/v2\/media\/25038"}],"wp:attachment":[{"href":"https:\/\/conexaodjota.com.br\/index.php?rest_route=%2Fwp%2Fv2%2Fmedia&parent=25037"}],"wp:term":[{"taxonomy":"category","embeddable":true,"href":"https:\/\/conexaodjota.com.br\/index.php?rest_route=%2Fwp%2Fv2%2Fcategories&post=25037"},{"taxonomy":"post_tag","embeddable":true,"href":"https:\/\/conexaodjota.com.br\/index.php?rest_route=%2Fwp%2Fv2%2Ftags&post=25037"}],"curies":[{"name":"wp","href":"https:\/\/api.w.org\/{rel}","templated":true}]}}