{"id":25001,"date":"2026-09-04T08:57:30","date_gmt":"2026-09-04T11:57:30","guid":{"rendered":"https:\/\/conexaodjota.com.br\/?p=25001"},"modified":"2026-09-04T08:57:30","modified_gmt":"2026-09-04T11:57:30","slug":"bienal-do-livro-de-sao-paulo-deve-receber-mais-de-700-mil-pessoas","status":"publish","type":"post","link":"https:\/\/conexaodjota.com.br\/?p=25001","title":{"rendered":"Bienal do Livro de S\u00e3o Paulo deve receber mais de 700 mil pessoas"},"content":{"rendered":"<p>A<strong> Bienal Internacional do Livro de S\u00e3o Paulo <\/strong>come\u00e7a nesta sexta-feira (4). O evento chega \u00e0 edi\u00e7\u00e3o de n\u00famero 28 com a presen\u00e7a de cerca de 350 autores e expectativa de receber mais de 700\u00a0mil pessoas.\u00a0<img decoding=\"async\" src=\"https:\/\/agenciabrasil.ebc.com.br\/ebc.png?id=1701500&#038;o=rss\"><img decoding=\"async\" src=\"https:\/\/agenciabrasil.ebc.com.br\/ebc.gif?id=1701500&#038;o=rss\"><\/p>\n<p>At\u00e9 o dia 13 de setembro, o Distrito Anhembi se torna o destino dos apaixonados por livros. O evento traz cerca de 270 expositores e onze espa\u00e7os tem\u00e1ticos, dedicados a debates sobre literatura, discuss\u00f5es sobre mercado editorial, atividades educativas, apresenta\u00e7\u00e3o de cordelistas e repentistas, al\u00e9m de um est\u00fadio com mais de 30 transmiss\u00f5es ao vivo em formato videocast e encontros com autores reconhecidos pelo Pr\u00eamio Jabuti.\u00a0<\/p>\n<p>A abertura das palestras fica por conta da escritora <strong>Concei\u00e7\u00e3o Evaristo<\/strong>, que fala sobre seus 80 anos de escreviv\u00eancia, na conversa sobre mem\u00f3ria e ancestralidade em sua obra com a escritora <strong>Eliana Alves Cruz.<\/strong>\u00a0<\/p>\n<div class=\"dnd-widget-wrapper context-grande_6colunas type-image atom-align-center\">\n<div class=\"dnd-atom-rendered\"><!-- scald=337947:grande_6colunas {\"additionalClasses\":\"\"} --><br \/>\n            <img decoding=\"async\" src=\"https:\/\/agenciabrasil.ebc.com.br\/sites\/default\/files\/thumbnails\/image\/loading_v2.gif\" data-echo=\"https:\/\/imagens.ebc.com.br\/vsiBcp-VuZAn8N7jNx4jCD-uaQM=\/463x0\/smart\/https:\/\/agenciabrasil.ebc.com.br\/sites\/default\/files\/thumbnails\/image\/_mg_5617_0.jpg?itok=hdTqcki3\" alt=\"Rio de Janeiro (RJ), 20\/07\/2023 - A escritora Concei\u00e7\u00e3o Evaristo lan\u00e7a a Casa Escreviv\u00eancia, um espa\u00e7o aberto ao p\u00fablico com biblioteca, no Largo da Prainha. Foto: Fernando Fraz\u00e3o\/Ag\u00eancia Brasil\" title=\"Fernando Fraz\u00e3o\/Ag\u00eancia Brasil\"><br \/>\n        <noscript><img decoding=\"async\" src=\"https:\/\/imagens.ebc.com.br\/vsiBcp-VuZAn8N7jNx4jCD-uaQM=\/463x0\/smart\/https:\/\/agenciabrasil.ebc.com.br\/sites\/default\/files\/thumbnails\/image\/_mg_5617_0.jpg?itok=hdTqcki3\" alt=\"Rio de Janeiro (RJ), 20\/07\/2023 - A escritora Concei\u00e7\u00e3o Evaristo lan\u00e7a a Casa Escreviv\u00eancia, um espa\u00e7o aberto ao p\u00fablico com biblioteca, no Largo da Prainha. Foto: Fernando Fraz\u00e3o\/Ag\u00eancia Brasil\" title=\"Fernando Fraz\u00e3o\/Ag\u00eancia Brasil\"><\/noscript><br \/>\n    <!-- END scald=337947 --><\/div>\n<div class=\"dnd-caption-wrapper\">\n<div class=\"meta\">Encontro entre as escritoras Concei\u00e7\u00e3o Evaristo e Eliana Alves Cruz abre ciclo de palestras na 28\u00aa edi\u00e7\u00e3o da Bienal Internacional do Livro de S\u00e3o Paulo.\u00a0Foto: Fernando Fraz\u00e3o\/Ag\u00eancia Brasil<!--END copyright=337947--><\/div>\n<\/div>\n<\/div>\n<p>A Bienal do Livro re\u00fane mais de 300\u00a0autores de g\u00eaneros e estilos variados, como <strong>Andrea del Fuego, Socorro Acioli, Daniel Munduruku e Jos\u00e9 Falero<\/strong>.\u00a0<\/p>\n<p>Uma das grandes obras da literatura brasileira,<strong> \u201cGrande Sert\u00e3o: Veredas\u201d<\/strong>, de<strong> Jo\u00e3o Guimar\u00e3es Rosa<\/strong>, \u00e9 celebrada nos 70 anos de sua publica\u00e7\u00e3o em uma mesa que re\u00fane o escritor mo\u00e7ambicano Mia Couto, a escritora brasileira Bruna Lombardi e o cr\u00edtico liter\u00e1rio Italo Moriconi.\u00a0<\/p>\n<p>Entre as novidades deste ano est\u00e3o a Alameda dos Artistas, dedicada \u00e0s hist\u00f3rias em quadrinhos brasileiras, com encontros entre leitores e quadrinistas, e um espa\u00e7o que vai discutir sa\u00fade e bem-estar.\u00a0<\/p>\n<p>O evento oferece a pol\u00edtica de cashback para incentivar a compra de livros durante a visita, valendo inclusive para os ingressos noturnos, ap\u00f3s as 17h. O valor desses gastos pode ser convertido integralmente em cr\u00e9ditos para compra de livros na Bienal.<\/p>\n<p>Um transfer gratuito vai levar e trazer o p\u00fablico ao metr\u00f4 Portuguesa-Tiet\u00ea\u00a0a partir de uma hora antes e at\u00e9 uma hora depois do encerramento. O ingresso custa entre R$15 e R$ 30, e a entrada \u00e9 gratuita para quem tem credencial plena do Sesc. Alguns dias j\u00e1 est\u00e3o com ingressos esgotados.\u00a0Os detalhes est\u00e3o no site\u00a0bienaldolivrosp.com.br.<a href=\"http:\/\/bienaldolivrosp.com.br\/\">http:\/\/bienaldolivrosp.com.br<\/a><\/p>\n<p>\u00a0<\/p>\n<p>\u00a0<\/p>\n<p>  <span class=\"hms hms-format-m-ss\">2:38<\/span><\/p>\n","protected":false},"excerpt":{"rendered":"<p>A Bienal Internacional do Livro de S\u00e3o Paulo come\u00e7a nesta sexta-feira (4). O evento chega \u00e0 edi\u00e7\u00e3o de n\u00famero 28 com a presen\u00e7a de cerca de 350 autores e expectativa de receber mais de 700\u00a0mil pessoas.\u00a0 At\u00e9 o dia 13 de setembro, o Distrito Anhembi se torna o destino dos apaixonados por livros. O evento [&hellip;]<\/p>\n","protected":false},"author":231,"featured_media":25002,"comment_status":"open","ping_status":"open","sticky":false,"template":"","format":"standard","meta":{"_monsterinsights_skip_tracking":false,"site-sidebar-layout":"default","site-content-layout":"","ast-site-content-layout":"","site-content-style":"default","site-sidebar-style":"default","ast-global-header-display":"","ast-banner-title-visibility":"","ast-main-header-display":"","ast-hfb-above-header-display":"","ast-hfb-below-header-display":"","ast-hfb-mobile-header-display":"","site-post-title":"","ast-breadcrumbs-content":"","ast-featured-img":"","footer-sml-layout":"","theme-transparent-header-meta":"","adv-header-id-meta":"","stick-header-meta":"","header-above-stick-meta":"","header-main-stick-meta":"","header-below-stick-meta":"","astra-migrate-meta-layouts":"default","ast-page-background-enabled":"default","ast-page-background-meta":{"desktop":{"background-color":"var(--ast-global-color-4)","background-image":"","background-repeat":"repeat","background-position":"center center","background-size":"auto","background-attachment":"scroll","background-type":"","background-media":"","overlay-type":"","overlay-color":"","overlay-opacity":"","overlay-gradient":""},"tablet":{"background-color":"","background-image":"","background-repeat":"repeat","background-position":"center center","background-size":"auto","background-attachment":"scroll","background-type":"","background-media":"","overlay-type":"","overlay-color":"","overlay-opacity":"","overlay-gradient":""},"mobile":{"background-color":"","background-image":"","background-repeat":"repeat","background-position":"center center","background-size":"auto","background-attachment":"scroll","background-type":"","background-media":"","overlay-type":"","overlay-color":"","overlay-opacity":"","overlay-gradient":""}},"ast-content-background-meta":{"desktop":{"background-color":"var(--ast-global-color-5)","background-image":"","background-repeat":"repeat","background-position":"center center","background-size":"auto","background-attachment":"scroll","background-type":"","background-media":"","overlay-type":"","overlay-color":"","overlay-opacity":"","overlay-gradient":""},"tablet":{"background-color":"var(--ast-global-color-5)","background-image":"","background-repeat":"repeat","background-position":"center center","background-size":"auto","background-attachment":"scroll","background-type":"","background-media":"","overlay-type":"","overlay-color":"","overlay-opacity":"","overlay-gradient":""},"mobile":{"background-color":"var(--ast-global-color-5)","background-image":"","background-repeat":"repeat","background-position":"center center","background-size":"auto","background-attachment":"scroll","background-type":"","background-media":"","overlay-type":"","overlay-color":"","overlay-opacity":"","overlay-gradient":""}},"footnotes":""},"categories":[85],"tags":[],"class_list":["post-25001","post","type-post","status-publish","format-standard","has-post-thumbnail","hentry","category-cultura"],"aioseo_notices":[],"_links":{"self":[{"href":"https:\/\/conexaodjota.com.br\/index.php?rest_route=\/wp\/v2\/posts\/25001","targetHints":{"allow":["GET"]}}],"collection":[{"href":"https:\/\/conexaodjota.com.br\/index.php?rest_route=\/wp\/v2\/posts"}],"about":[{"href":"https:\/\/conexaodjota.com.br\/index.php?rest_route=\/wp\/v2\/types\/post"}],"author":[{"embeddable":true,"href":"https:\/\/conexaodjota.com.br\/index.php?rest_route=\/wp\/v2\/users\/231"}],"replies":[{"embeddable":true,"href":"https:\/\/conexaodjota.com.br\/index.php?rest_route=%2Fwp%2Fv2%2Fcomments&post=25001"}],"version-history":[{"count":0,"href":"https:\/\/conexaodjota.com.br\/index.php?rest_route=\/wp\/v2\/posts\/25001\/revisions"}],"wp:featuredmedia":[{"embeddable":true,"href":"https:\/\/conexaodjota.com.br\/index.php?rest_route=\/wp\/v2\/media\/25002"}],"wp:attachment":[{"href":"https:\/\/conexaodjota.com.br\/index.php?rest_route=%2Fwp%2Fv2%2Fmedia&parent=25001"}],"wp:term":[{"taxonomy":"category","embeddable":true,"href":"https:\/\/conexaodjota.com.br\/index.php?rest_route=%2Fwp%2Fv2%2Fcategories&post=25001"},{"taxonomy":"post_tag","embeddable":true,"href":"https:\/\/conexaodjota.com.br\/index.php?rest_route=%2Fwp%2Fv2%2Ftags&post=25001"}],"curies":[{"name":"wp","href":"https:\/\/api.w.org\/{rel}","templated":true}]}}