{"id":20155,"date":"2026-04-30T10:56:45","date_gmt":"2026-04-30T13:56:45","guid":{"rendered":"https:\/\/conexaodjota.com.br\/?p=20155"},"modified":"2026-04-30T10:56:45","modified_gmt":"2026-04-30T13:56:45","slug":"brasil-ultrapassa-eua-pela-1a-vez-em-ranking-de-liberdade-de-imprensa","status":"publish","type":"post","link":"https:\/\/conexaodjota.com.br\/?p=20155","title":{"rendered":"Brasil ultrapassa EUA pela 1\u00aa vez em ranking de liberdade de imprensa"},"content":{"rendered":"<\/p>\n<p><a class=\"\" href=\"https:\/\/agenciabrasil.ebc.com.br\/geral\/noticia\/2026-04\/brasil-ultrapassa-eua-pela-1a-vez-em-ranking-de-liberdade-de-imprensa\"><br \/>\n                    <img decoding=\"async\" src=\"https:\/\/cdn.jsdelivr.net\/gh\/sergiosdlima\/assets-ebc@1.0.0\/abr\/assets\/images\/logo-agenciabrasil.svg\" alt=\"Logo Ag\u00eancia Brasil\"><br \/>\n\t\t\t\t<\/a><\/p>\n<p><strong>O Brasil chegou \u00e0 52\u00aa coloca\u00e7\u00e3o no \u00faltimo ranking que avalia a liberdade de imprensa no mundo. Com o resultado, o pa\u00eds cresceu 58 posi\u00e7\u00f5es desde 2022 e ultrapassou, pela primeira vez, os Estados Unidos, que ocupa a posi\u00e7\u00e3o 64.<\/strong><img decoding=\"async\" src=\"https:\/\/agenciabrasil.ebc.com.br\/ebc.png?id=1687786&#038;o=rss\"><img decoding=\"async\" src=\"https:\/\/agenciabrasil.ebc.com.br\/ebc.gif?id=1687786&#038;o=rss\"><\/p>\n<p>O levantamento foi divulgado, na quinta (30), pela <strong>organiza\u00e7\u00e3o n\u00e3o-governamental <a href=\"http:\/\/https\/\/rsf.org\/pt-br\" target=\"_blank\">Rep\u00f3rteres Sem Fronteiras (RSF)<\/a><\/strong>.\u00a0<\/p>\n<\/p>\n<h3>Not\u00edcias relacionadas:<\/h3>\n<ul>\n<li><a href=\"https:\/\/agenciabrasil.ebc.com.br\/internacional\/noticia\/2026-04\/milei-proibe-acesso-de-jornalistas-casa-rosada-ataque-imprensa\">Milei pro\u00edbe acesso de jornalistas \u00e0 Casa Rosada: \u201cataque \u00e0 imprensa\u201d.<\/a><\/li>\n<li><a href=\"https:\/\/agenciabrasil.ebc.com.br\/justica\/noticia\/2026-04\/fachin-diz-que-imprensa-exerce-papel-fundamental-para-democracia\">Fachin diz que imprensa exerce papel fundamental para a democracia.<\/a><\/li>\n<li><a href=\"https:\/\/agenciabrasil.ebc.com.br\/internacional\/noticia\/2026-04\/bispos-pedem-dialogo-apos-proibicao-de-jornalistas-na-casa-rosada\">Bispos pedem di\u00e1logo ap\u00f3s proibi\u00e7\u00e3o de jornalistas na Casa Rosada.<\/a><\/li>\n<\/ul>\n<p>Em rela\u00e7\u00e3o ao ano de 2025, o <strong>Brasil cresceu 11 posi\u00e7\u00f5es<\/strong>. <strong>Na Am\u00e9rica do Sul, ficou atr\u00e1s apenas do Uruguai, que est\u00e1 na 48\u00aa coloca\u00e7\u00e3o<\/strong>. Segundo a Rep\u00f3rteres Sem Fronteiras, no entanto, o<strong> caso de melhora brasileiro \u00e9 uma das exce\u00e7\u00f5es no mundo<\/strong>.<\/p>\n<blockquote>\n<p>\u201cTrata-se de um avan\u00e7o muito expressivo em um contexto em que a maioria dos pa\u00edses tem vivido um cen\u00e1rio de deteriora\u00e7\u00e3o\u201d, considerou o diretor da ONG para Am\u00e9rica Latina, o jornalista brasileiro Artur Romeu.\u00a0<\/p>\n<\/blockquote>\n<p>Para ele, o <strong>Brasil \u00e9 um ponto fora da curva<\/strong> com evolu\u00e7\u00e3o depois dos momentos de tens\u00e3o durante o governo de Jair Bolsonaro, quando havia ataques di\u00e1rios contra jornalistas. \u201cUm dos marcadores \u00e9 um cen\u00e1rio de volta \u00e0 normalidade, a uma rela\u00e7\u00e3o institucional dentro de um ambiente democr\u00e1tico entre um governo e a imprensa\u201d, afirmou Romeu.<\/p>\n<p>Outro motivo de evolu\u00e7\u00e3o brasileira foi <strong>n\u00e3o ter jornalistas assassinados no pa\u00eds<\/strong>, desde a morte de Dom Philips, em 2022, na Amaz\u00f4nia. <strong>Entre 2010 e 2022, foram 35 jornalistas assassinados no Brasil<\/strong>. Al\u00e9m disso, o pa\u00eds tem estruturado a\u00e7\u00f5es de prote\u00e7\u00e3o ao trabalho jornal\u00edstico.<\/p>\n<blockquote>\n<p>\u201cO Brasil tem observado uma agenda da regula\u00e7\u00e3o das plataformas, de intelig\u00eancia artificial, da defesa da integridade da informa\u00e7\u00e3o e do enfrentamento \u00e0 desinforma\u00e7\u00e3o.\u201d<\/p>\n<\/blockquote>\n<p>Outras medidas pontuais citadas pelo diretor na entidade foi a cria\u00e7\u00e3o de um Observat\u00f3rio Nacional de Viol\u00eancia contra Jornalistas e a ado\u00e7\u00e3o de um protocolo de investiga\u00e7\u00e3o de crimes cometidos contra a imprensa. No entanto, Artur Romeu contextualiza que o crescimento do Brasil tem tamb\u00e9m rela\u00e7\u00e3o com a degrada\u00e7\u00e3o da situa\u00e7\u00e3o em outras na\u00e7\u00f5es.\u00a0<\/p>\n<h2>Par\u00e2metro negativo<\/h2>\n<p><strong>A pontua\u00e7\u00e3o do Brasil subiu em torno de 11 pontos<\/strong>. Por outro lado, os <strong>Estados Unidos<\/strong> t\u00eam se tornado um <strong>par\u00e2metro negativo<\/strong>, j\u00e1 que tamb\u00e9m encorajaram outros governos mais alinhados aos Estados Unidos a adotarem e reproduzirem pr\u00e1ticas semelhantes. \u201cOs efeitos disso v\u00eam sendo constatados tamb\u00e9m na <strong>Argentina<\/strong>, do presidente Javier Milei. O pa\u00eds caiu j\u00e1 <strong>69 posi\u00e7\u00f5es<\/strong> desde 2022 para c\u00e1\u201d.<\/p>\n<p>No caso dos Estados Unidos, segundo avalia o diretor da ONG, \u00e9 que o governo opera para instrumentalizar uma vis\u00e3o deturpada de liberdade de express\u00e3o ao atacar a imprensa. \u201cA gente v\u00ea, em v\u00e1rios desses pa\u00edses, uma l\u00f3gica de hostilidade sist\u00eamica ao trabalho da imprensa, que capitaliza ganhos eleitorais ao alimentar uma l\u00f3gica de polariza\u00e7\u00e3o pol\u00edtica\u201d.<\/p>\n<h2>Press\u00f5es<\/h2>\n<p>As amea\u00e7as n\u00e3o chegam apenas de representantes eleitos. H\u00e1, ainda como exemplo, a instrumentaliza\u00e7\u00e3o da Justi\u00e7a para intimidar jornalistas e a imprensa. A imprensa brasileira tamb\u00e9m seria alvo de processos judiciais abusivos.<\/p>\n<blockquote>\n<p>\u201cH\u00e1 um cen\u00e1rio de criminaliza\u00e7\u00e3o do jornalismo, que \u00e9 quando atrav\u00e9s de legisla\u00e7\u00f5es s\u00e3o usadas para calar a imprensa.\u201d<\/p>\n<\/blockquote>\n<p>Artur Romeu explica que, nos \u00faltimos quatro anos, quatro dos cinco indicadores do Brasil subiram. Apenas um caiu. Foi o que mede quest\u00f5es como a percep\u00e7\u00e3o de confian\u00e7a da sociedade \u00e0 imprensa, o volume e intensidade de campanhas de \u00f3dio contra jornalistas, a pluralidade de opini\u00f5es refletidas na imprensa e a percep\u00e7\u00e3o sobre autocensura de jornalistas.<\/p>\n<h2>Pelo mundo<\/h2>\n<blockquote>\n<p>\u201cPela primeira vez na hist\u00f3ria do Ranking Mundial da Liberdade de Imprensa, mais da metade dos pa\u00edses do mundo se encontra em uma situa\u00e7\u00e3o dif\u00edcil\u00a0ou grave&#8221;, apontou o relat\u00f3rio.<\/p>\n<\/blockquote>\n<p>Nos 25 anos em que \u00e9 feito o <em>ranking<\/em>, a <strong>pontua\u00e7\u00e3o m\u00e9dia <\/strong>de todos os pa\u00edses do mundo <strong>nunca foi t\u00e3o baixa<\/strong>. A situa\u00e7\u00e3o dos Estados Unidos, por exemplo, \u00e9 observada no relat\u00f3rio em fun\u00e7\u00e3o de que o presidente Donald Trump transformou os <strong>ataques aos jornalistas<\/strong>, na avalia\u00e7\u00e3o dos pesquisadores, uma pr\u00e1tica sistem\u00e1tica. Isso fez com que houvesse uma queda de sete posi\u00e7\u00f5es neste ano.<\/p>\n<p>De acordo com o relat\u00f3rio, o<strong> jornalismo nas Am\u00e9ricas<\/strong> apresenta tend\u00eancia de autoridades que agravam as press\u00f5es por caminhos como<strong> \u201cret\u00f3rica hostil\u201d, \u201crestri\u00e7\u00f5es jur\u00eddicas e<\/strong><\/p>\n<p><strong>administrativas\u201d, \u201cacesso limitado \u00e0 informa\u00e7\u00e3o p\u00fablica\u201d e \u201cinstrumentaliza\u00e7\u00e3o dos sistemas jur\u00eddicos\u201d<\/strong>.\u00a0<\/p>\n<p>No caso dos Estados Unidos, h\u00e1 ainda a pr\u00e1tica de <strong>cortes or\u00e7ament\u00e1rios em emissoras p\u00fablica<\/strong>s, interfer\u00eancias pol\u00edticas na propriedade dos meios de comunica\u00e7\u00e3o e investiga\u00e7\u00f5es com motiva\u00e7\u00e3o pol\u00edtica contra jornalistas e ve\u00edculos de imprensa.\u00a0<\/p>\n<p>\u201cDesde seu retorno ao poder, os jornalistas tamb\u00e9m passaram a ser alvo durante manifesta\u00e7\u00f5es, o que reflete uma deteriora\u00e7\u00e3o mais ampla que constitui uma das crises mais graves para a liberdade de imprensa na hist\u00f3ria moderna dos Estados Unidos\u201d, ressalta o relat\u00f3rio.<\/p>\n<p><strong>A Argentina, sob o governo de Javier Milei, tamb\u00e9m teve queda na situa\u00e7\u00e3o de liberdade de imprensa.<\/strong> Chegou \u00e0 98\u00aa posi\u00e7\u00e3o ap\u00f3s cair 11 posi\u00e7\u00f5es. <strong>J\u00e1 h\u00e1 uma perda de 69 posi\u00e7\u00f5es desde 2022<\/strong>.<\/p>\n<p>Ainda nas Am\u00e9ricas, o Equador teve a maior queda na regi\u00e3o (com <strong>31 posi\u00e7\u00f5es<\/strong>), por causa do avan\u00e7o do crime organizado que matou tr\u00eas jornalistas no \u00faltimo ano. O Peru (<strong>144\u00aa<\/strong>), que teve quatro jornalistas assassinados no ano passado, perdeu <strong>14 posi\u00e7\u00f5es no ranking<\/strong> este ano. Isso significou queda de<strong> 67 posi\u00e7\u00f5es<\/strong> desde 2022.<\/p>\n<p>Na Am\u00e9rica Central, El Salvador (<strong>na posi\u00e7\u00e3o 143\u00aa<\/strong>) manteve sua tend\u00eancia de queda, com perda de<strong> 74 posi\u00e7\u00f5es<\/strong> desde a chegada, em 2019, do presidente Nayib Bukele ao poder.\u00a0<\/p>\n<p>Na Am\u00e9rica do Norte, o M\u00e9xico (<strong>122\u00aa<\/strong>) \u00e9 o pa\u00eds da regi\u00e3o com uma das piores pontua\u00e7\u00f5es do indicador de seguran\u00e7a, perdendo apenas para a Nicar\u00e1gua (<strong>172\u00aa<\/strong>). Na lanterna da regi\u00e3o, seguem pa\u00edses como Nicar\u00e1gua (<strong>172\u00aa<\/strong>), Cuba (<strong>165\u00aa<\/strong>) e Venezuela (<strong>160\u00aa<\/strong>), onde a liberdade de imprensa permanece em seu n\u00edvel mais baixo. As piores posi\u00e7\u00f5es globais s\u00e3o do<strong> Ir\u00e3, China, Coreia do Norte e Eritreia<\/strong>, segundo o relat\u00f3rio.<\/p>\n<p><strong>A melhor posi\u00e7\u00e3o das Am\u00e9ricas \u00e9 a do Canad\u00e1 (em 20\u00ba). Os 19 primeiros s\u00e3o todos europeus. O <em>ranking<\/em> \u00e9 liderado pela Noruega, seguido da Holanda e da Est\u00f4nia<\/strong>.<\/p>\n","protected":false},"excerpt":{"rendered":"<p>O Brasil chegou \u00e0 52\u00aa coloca\u00e7\u00e3o no \u00faltimo ranking que avalia a liberdade de imprensa no mundo. Com o resultado, o pa\u00eds cresceu 58 posi\u00e7\u00f5es desde 2022 e ultrapassou, pela primeira vez, os Estados Unidos, que ocupa a posi\u00e7\u00e3o 64. O levantamento foi divulgado, na quinta (30), pela organiza\u00e7\u00e3o n\u00e3o-governamental Rep\u00f3rteres Sem Fronteiras (RSF).\u00a0 Not\u00edcias [&hellip;]<\/p>\n","protected":false},"author":31,"featured_media":20156,"comment_status":"open","ping_status":"open","sticky":false,"template":"","format":"standard","meta":{"_monsterinsights_skip_tracking":false,"_monsterinsights_sitenote_active":false,"_monsterinsights_sitenote_note":"","_monsterinsights_sitenote_category":0,"site-sidebar-layout":"default","site-content-layout":"","ast-site-content-layout":"","site-content-style":"default","site-sidebar-style":"default","ast-global-header-display":"","ast-banner-title-visibility":"","ast-main-header-display":"","ast-hfb-above-header-display":"","ast-hfb-below-header-display":"","ast-hfb-mobile-header-display":"","site-post-title":"","ast-breadcrumbs-content":"","ast-featured-img":"","footer-sml-layout":"","theme-transparent-header-meta":"","adv-header-id-meta":"","stick-header-meta":"","header-above-stick-meta":"","header-main-stick-meta":"","header-below-stick-meta":"","astra-migrate-meta-layouts":"default","ast-page-background-enabled":"default","ast-page-background-meta":{"desktop":{"background-color":"var(--ast-global-color-4)","background-image":"","background-repeat":"repeat","background-position":"center center","background-size":"auto","background-attachment":"scroll","background-type":"","background-media":"","overlay-type":"","overlay-color":"","overlay-opacity":"","overlay-gradient":""},"tablet":{"background-color":"","background-image":"","background-repeat":"repeat","background-position":"center center","background-size":"auto","background-attachment":"scroll","background-type":"","background-media":"","overlay-type":"","overlay-color":"","overlay-opacity":"","overlay-gradient":""},"mobile":{"background-color":"","background-image":"","background-repeat":"repeat","background-position":"center center","background-size":"auto","background-attachment":"scroll","background-type":"","background-media":"","overlay-type":"","overlay-color":"","overlay-opacity":"","overlay-gradient":""}},"ast-content-background-meta":{"desktop":{"background-color":"var(--ast-global-color-5)","background-image":"","background-repeat":"repeat","background-position":"center center","background-size":"auto","background-attachment":"scroll","background-type":"","background-media":"","overlay-type":"","overlay-color":"","overlay-opacity":"","overlay-gradient":""},"tablet":{"background-color":"var(--ast-global-color-5)","background-image":"","background-repeat":"repeat","background-position":"center center","background-size":"auto","background-attachment":"scroll","background-type":"","background-media":"","overlay-type":"","overlay-color":"","overlay-opacity":"","overlay-gradient":""},"mobile":{"background-color":"var(--ast-global-color-5)","background-image":"","background-repeat":"repeat","background-position":"center center","background-size":"auto","background-attachment":"scroll","background-type":"","background-media":"","overlay-type":"","overlay-color":"","overlay-opacity":"","overlay-gradient":""}},"footnotes":""},"categories":[1],"tags":[],"class_list":["post-20155","post","type-post","status-publish","format-standard","has-post-thumbnail","hentry","category-sem-categoria"],"aioseo_notices":[],"_links":{"self":[{"href":"https:\/\/conexaodjota.com.br\/index.php?rest_route=\/wp\/v2\/posts\/20155","targetHints":{"allow":["GET"]}}],"collection":[{"href":"https:\/\/conexaodjota.com.br\/index.php?rest_route=\/wp\/v2\/posts"}],"about":[{"href":"https:\/\/conexaodjota.com.br\/index.php?rest_route=\/wp\/v2\/types\/post"}],"author":[{"embeddable":true,"href":"https:\/\/conexaodjota.com.br\/index.php?rest_route=\/wp\/v2\/users\/31"}],"replies":[{"embeddable":true,"href":"https:\/\/conexaodjota.com.br\/index.php?rest_route=%2Fwp%2Fv2%2Fcomments&post=20155"}],"version-history":[{"count":0,"href":"https:\/\/conexaodjota.com.br\/index.php?rest_route=\/wp\/v2\/posts\/20155\/revisions"}],"wp:featuredmedia":[{"embeddable":true,"href":"https:\/\/conexaodjota.com.br\/index.php?rest_route=\/wp\/v2\/media\/20156"}],"wp:attachment":[{"href":"https:\/\/conexaodjota.com.br\/index.php?rest_route=%2Fwp%2Fv2%2Fmedia&parent=20155"}],"wp:term":[{"taxonomy":"category","embeddable":true,"href":"https:\/\/conexaodjota.com.br\/index.php?rest_route=%2Fwp%2Fv2%2Fcategories&post=20155"},{"taxonomy":"post_tag","embeddable":true,"href":"https:\/\/conexaodjota.com.br\/index.php?rest_route=%2Fwp%2Fv2%2Ftags&post=20155"}],"curies":[{"name":"wp","href":"https:\/\/api.w.org\/{rel}","templated":true}]}}