{"id":20107,"date":"2026-04-29T13:57:43","date_gmt":"2026-04-29T16:57:43","guid":{"rendered":"https:\/\/conexaodjota.com.br\/?p=20107"},"modified":"2026-04-29T13:57:43","modified_gmt":"2026-04-29T16:57:43","slug":"fim-da-escala-6x1-e-principal-bandeira-nos-atos-do-1-de-maio-no-pais","status":"publish","type":"post","link":"https:\/\/conexaodjota.com.br\/?p=20107","title":{"rendered":"Fim da escala 6&#215;1 \u00e9 principal bandeira nos atos do 1\u00b0 de Maio no pa\u00eds"},"content":{"rendered":"<\/p>\n<p><a class=\"\" href=\"https:\/\/agenciabrasil.ebc.com.br\/politica\/noticia\/2026-04\/fim-da-escala-6x1-e-bandeira-principal-nos-atos-do-1deg-de-maio-no-pais\"><br \/>\n                    <img decoding=\"async\" src=\"https:\/\/cdn.jsdelivr.net\/gh\/sergiosdlima\/assets-ebc@1.0.0\/abr\/assets\/images\/logo-agenciabrasil.svg\" alt=\"Logo Ag\u00eancia Brasil\"><br \/>\n\t\t\t\t<\/a><\/p>\n<p><strong>O fim da escala 6&#215;1 \u00e9 a principal bandeira a ser defendida pelas centrais sindicais nos atos descentralizados realizados em todo o pa\u00eds no 1\u00ba de maio, sexta-feira, data comemorativa do Dia do Trabalhador. A medida \u00e9 vista como essencial para garantir qualidade de vida e equil\u00edbrio entre trabalho e vida pessoal<\/strong>.<img decoding=\"async\" src=\"https:\/\/agenciabrasil.ebc.com.br\/ebc.png?id=1687659&#038;o=rss\"><img decoding=\"async\" src=\"https:\/\/agenciabrasil.ebc.com.br\/ebc.gif?id=1687659&#038;o=rss\"><\/p>\n<p>Atualmente, v\u00e1rias propostas pelo fim da escala 6&#215;1 est\u00e3o em tramita\u00e7\u00e3o no Congresso Nacional. <a href=\"https:\/\/agenciabrasil.ebc.com.br\/politica\/noticia\/2026-04\/ccj-da-camara-retoma-analise-do-fim-da-escala-6x1-nesta-quarta\" target=\"_blank\">O presidente Luiz In\u00e1cio Lula da Silva<\/a>, inclusive, enviou para a Casa Legislativa um projeto de lei (PL) com urg\u00eancia constitucional para acabar com a escala 6&#215;1 e reduzir a jornada de 44 para 40 horas semanais.<\/p>\n<\/p>\n<h3>Not\u00edcias relacionadas:<\/h3>\n<ul>\n<li><a href=\"https:\/\/agenciabrasil.ebc.com.br\/economia\/noticia\/2026-04\/fim-da-escala-6-1-estudos-divergem-sobre-impactos-no-pib-e-inflacao\">Fim da escala 6&#215;1: estudos divergem sobre impactos no PIB e infla\u00e7\u00e3o.<\/a><\/li>\n<li><a href=\"https:\/\/agenciabrasil.ebc.com.br\/politica\/noticia\/2026-04\/lula-pede-mobilizacao-centrais-sindicais-para-fim-da-escala-6x1\">Lula pede mobiliza\u00e7\u00e3o a centrais sindicais para fim da escala 6&#215;1.<\/a><\/li>\n<li><a href=\"https:\/\/agenciabrasil.ebc.com.br\/politica\/noticia\/2026-04\/motta-diz-que-fim-da-escala-6x1-sera-debatida-por-meio-de-pec\">Motta diz que fim da escala 6&#215;1 ser\u00e1 debatida por meio de PEC .<\/a><\/li>\n<\/ul>\n<p><a href=\"https:\/\/www.whatsapp.com\/channel\/0029VaoRTgrInlqYLSk59B2M\" target=\"_blank\">>> Siga o canal da <strong>Ag\u00eancia Brasil <\/strong>no WhatsApp<\/a><\/p>\n<h2>Atos em S\u00e3o Paulo<\/h2>\n<p><strong>Na capital paulista, sem poder reunir os trabalhadores na Avenida Paulista devido a outras manifesta\u00e7\u00f5es marcadas previamente no local, as centrais ocupar\u00e3o outros espa\u00e7os de relev\u00e2ncia.<\/strong><\/p>\n<p>A CUT (Central \u00danica dos Trabalhadores) come\u00e7a sua programa\u00e7\u00e3o com a\u00e7\u00f5es pol\u00edticas, culturais e de presta\u00e7\u00e3o de servi\u00e7os, \u00e0s 14h, no Pa\u00e7o Municipal de S\u00e3o Bernardo, com o lema \u201cNossa luta transforma vidas\u201d.<\/p>\n<p>O objetivo \u00e9 ampliar o di\u00e1logo com a popula\u00e7\u00e3o e fortalecer a organiza\u00e7\u00e3o da classe trabalhadora nos territ\u00f3rios. Nas subsedes, as atividades ser\u00e3o organizadas em parceria com sindicatos locais da grande S\u00e3o Paulo, interior e litoral. A proposta \u00e9 levar para bairros e munic\u00edpios iniciativas que combinem cidadania, cultura e mobiliza\u00e7\u00e3o social.<\/p>\n<p>Entre as pautas consideradas urgentes pela CUT neste 1\u00ba de Maio tamb\u00e9m est\u00e3o a redu\u00e7\u00e3o da jornada de trabalho sem redu\u00e7\u00e3o salarial, o combate ao feminic\u00eddio, o enfrentamento \u00e0 pejotiza\u00e7\u00e3o, fortalecimento das negocia\u00e7\u00f5es coletivas como instrumento fundamental para garantir avan\u00e7os concretos nas condi\u00e7\u00f5es de trabalho, a garantia de direitos para os servidores p\u00fablicos.<\/p>\n<p>Tamb\u00e9m integram a agenda a luta contra a reforma administrativa e a resist\u00eancia \u00e0s privatiza\u00e7\u00f5es, entendidas como medidas que comprometem servi\u00e7os p\u00fablicos essenciais e aprofundam desigualdades.<\/p>\n<p>Na programa\u00e7\u00e3o cultural est\u00e3o confirmados artistas como Gloria Groove, MC IG, Filho do Piseiro, Grupo Intimistas, Grupo Entre Elas, Marquinhos Sensa\u00e7\u00e3o, Grupo SP5, Grupo Raz\u00e3o, Don Ernesto, Samba de Luz, Samba e Amigos, Alex Rocha, Gordinho da Pisada, Kadu do Piseiro e Hyaguinho Vaqueiro.<\/p>\n<p>A Central dos Trabalhadores e Trabalhadoras do Brasil (CTB) far\u00e1 sua concentra\u00e7\u00e3o na Pra\u00e7a Franklin Roosevelt, a partir das 9h. \u201cO 1\u00ba de Maio deste ano vai al\u00e9m de uma celebra\u00e7\u00e3o simb\u00f3lica e se coloca como um espa\u00e7o de press\u00e3o social por mudan\u00e7as concretas. Entre os temas que devem ganhar destaque est\u00e3o o combate \u00e0 precariza\u00e7\u00e3o do trabalho, a necessidade de pol\u00edticas p\u00fablicas que fortale\u00e7am a economia e a defesa de direitos b\u00e1sicos que garantam dignidade \u00e0 popula\u00e7\u00e3o trabalhadora\u201d, diz a CTB.<\/p>\n<p>A Uni\u00e3o Geral dos Trabalhadores (UGT) far\u00e1 na sexta-feira, dia 1\u00ba, o lan\u00e7amento da 12\u00aa edi\u00e7\u00e3o da Expo Paulista, em comemora\u00e7\u00e3o ao Dia do Trabalhador, na Avenida Paulista. A exposi\u00e7\u00e3o ter\u00e1 30 pain\u00e9is com o tema \u201cIsto \u00c9 Conquista: Lutas e Vit\u00f3rias do Trabalhador Brasileiro\u201d, criados pelo estilista mineiro Ronaldo Fraga.<\/p>\n<p><strong>Considerada a maior exposi\u00e7\u00e3o a c\u00e9u aberto da Am\u00e9rica Latina, ela ter\u00e1 seus pain\u00e9is expostos at\u00e9 31 de maio, com a expectativa de ser vista por 1,5 milh\u00e3o de pessoas por dia.<\/strong><\/p>\n<blockquote>\n<p>\u201cA exposi\u00e7\u00e3o prop\u00f5e uma reflex\u00e3o visual sobre o universo do trabalho, suas transforma\u00e7\u00f5es e desafios que contam a hist\u00f3ria do trabalhador brasileiro\u201d. A cerim\u00f4nia ser\u00e1 realizada \u00e0s 9h, no Blue Note, localizado no Conjunto Nacional, na Avenida Paulista 2073.<\/p>\n<\/blockquote>\n<p>J\u00e1 a Central dos Sindicatos Brasileiros (CSB) realizar\u00e1 seus atos em diversas cidades do estado de S\u00e3o Paulo, como Ara\u00e7atuba, Itatiba, Ribeir\u00e3o Preto e Osasco.<\/p>\n<p>\u201cA nova determina\u00e7\u00e3o possibilita que os sindicatos, federa\u00e7\u00f5es e confedera\u00e7\u00f5es realizem eventos em seus bairros e regi\u00f5es de atua\u00e7\u00e3o. E permite mais visibilidade \u00e0s reivindica\u00e7\u00f5es dos movimentos e contato direto com trabalhadores, ampliando a mobiliza\u00e7\u00e3o das bases\u201d, explica a central.<\/p>\n","protected":false},"excerpt":{"rendered":"<p>O fim da escala 6&#215;1 \u00e9 a principal bandeira a ser defendida pelas centrais sindicais nos atos descentralizados realizados em todo o pa\u00eds no 1\u00ba de maio, sexta-feira, data comemorativa do Dia do Trabalhador. A medida \u00e9 vista como essencial para garantir qualidade de vida e equil\u00edbrio entre trabalho e vida pessoal. Atualmente, v\u00e1rias propostas [&hellip;]<\/p>\n","protected":false},"author":103,"featured_media":20108,"comment_status":"open","ping_status":"open","sticky":false,"template":"","format":"standard","meta":{"_monsterinsights_skip_tracking":false,"_monsterinsights_sitenote_active":false,"_monsterinsights_sitenote_note":"","_monsterinsights_sitenote_category":0,"site-sidebar-layout":"default","site-content-layout":"","ast-site-content-layout":"","site-content-style":"default","site-sidebar-style":"default","ast-global-header-display":"","ast-banner-title-visibility":"","ast-main-header-display":"","ast-hfb-above-header-display":"","ast-hfb-below-header-display":"","ast-hfb-mobile-header-display":"","site-post-title":"","ast-breadcrumbs-content":"","ast-featured-img":"","footer-sml-layout":"","theme-transparent-header-meta":"","adv-header-id-meta":"","stick-header-meta":"","header-above-stick-meta":"","header-main-stick-meta":"","header-below-stick-meta":"","astra-migrate-meta-layouts":"default","ast-page-background-enabled":"default","ast-page-background-meta":{"desktop":{"background-color":"var(--ast-global-color-4)","background-image":"","background-repeat":"repeat","background-position":"center center","background-size":"auto","background-attachment":"scroll","background-type":"","background-media":"","overlay-type":"","overlay-color":"","overlay-opacity":"","overlay-gradient":""},"tablet":{"background-color":"","background-image":"","background-repeat":"repeat","background-position":"center center","background-size":"auto","background-attachment":"scroll","background-type":"","background-media":"","overlay-type":"","overlay-color":"","overlay-opacity":"","overlay-gradient":""},"mobile":{"background-color":"","background-image":"","background-repeat":"repeat","background-position":"center center","background-size":"auto","background-attachment":"scroll","background-type":"","background-media":"","overlay-type":"","overlay-color":"","overlay-opacity":"","overlay-gradient":""}},"ast-content-background-meta":{"desktop":{"background-color":"var(--ast-global-color-5)","background-image":"","background-repeat":"repeat","background-position":"center center","background-size":"auto","background-attachment":"scroll","background-type":"","background-media":"","overlay-type":"","overlay-color":"","overlay-opacity":"","overlay-gradient":""},"tablet":{"background-color":"var(--ast-global-color-5)","background-image":"","background-repeat":"repeat","background-position":"center center","background-size":"auto","background-attachment":"scroll","background-type":"","background-media":"","overlay-type":"","overlay-color":"","overlay-opacity":"","overlay-gradient":""},"mobile":{"background-color":"var(--ast-global-color-5)","background-image":"","background-repeat":"repeat","background-position":"center center","background-size":"auto","background-attachment":"scroll","background-type":"","background-media":"","overlay-type":"","overlay-color":"","overlay-opacity":"","overlay-gradient":""}},"footnotes":""},"categories":[1],"tags":[],"class_list":["post-20107","post","type-post","status-publish","format-standard","has-post-thumbnail","hentry","category-sem-categoria"],"aioseo_notices":[],"_links":{"self":[{"href":"https:\/\/conexaodjota.com.br\/index.php?rest_route=\/wp\/v2\/posts\/20107","targetHints":{"allow":["GET"]}}],"collection":[{"href":"https:\/\/conexaodjota.com.br\/index.php?rest_route=\/wp\/v2\/posts"}],"about":[{"href":"https:\/\/conexaodjota.com.br\/index.php?rest_route=\/wp\/v2\/types\/post"}],"author":[{"embeddable":true,"href":"https:\/\/conexaodjota.com.br\/index.php?rest_route=\/wp\/v2\/users\/103"}],"replies":[{"embeddable":true,"href":"https:\/\/conexaodjota.com.br\/index.php?rest_route=%2Fwp%2Fv2%2Fcomments&post=20107"}],"version-history":[{"count":0,"href":"https:\/\/conexaodjota.com.br\/index.php?rest_route=\/wp\/v2\/posts\/20107\/revisions"}],"wp:featuredmedia":[{"embeddable":true,"href":"https:\/\/conexaodjota.com.br\/index.php?rest_route=\/wp\/v2\/media\/20108"}],"wp:attachment":[{"href":"https:\/\/conexaodjota.com.br\/index.php?rest_route=%2Fwp%2Fv2%2Fmedia&parent=20107"}],"wp:term":[{"taxonomy":"category","embeddable":true,"href":"https:\/\/conexaodjota.com.br\/index.php?rest_route=%2Fwp%2Fv2%2Fcategories&post=20107"},{"taxonomy":"post_tag","embeddable":true,"href":"https:\/\/conexaodjota.com.br\/index.php?rest_route=%2Fwp%2Fv2%2Ftags&post=20107"}],"curies":[{"name":"wp","href":"https:\/\/api.w.org\/{rel}","templated":true}]}}