{"id":20105,"date":"2026-04-29T13:57:39","date_gmt":"2026-04-29T16:57:39","guid":{"rendered":"https:\/\/conexaodjota.com.br\/?p=20105"},"modified":"2026-04-29T13:57:39","modified_gmt":"2026-04-29T16:57:39","slug":"dia-internacional-da-danca-e-comemorado-em-29-de-abril","status":"publish","type":"post","link":"https:\/\/conexaodjota.com.br\/?p=20105","title":{"rendered":"Dia Internacional da Dan\u00e7a \u00e9 comemorado em 29 de abril"},"content":{"rendered":"<p>Celebrado em 29 de abril, o <strong><em>Dia Internacional da Dan\u00e7a <\/em><\/strong>destaca a import\u00e2ncia dessa express\u00e3o art\u00edstica presente em diferentes culturas. A data tamb\u00e9m chama aten\u00e7\u00e3o para a necessidade de mais incentivo para o setor. O professor de dan\u00e7a Lucas Kzan refor\u00e7a os benef\u00edcios da pr\u00e1tica.\u00a0<img decoding=\"async\" src=\"https:\/\/agenciabrasil.ebc.com.br\/ebc.png?id=1687623&#038;o=rss\"><img decoding=\"async\" src=\"https:\/\/agenciabrasil.ebc.com.br\/ebc.gif?id=1687623&#038;o=rss\"><\/p>\n<blockquote>\n<p>\u201cA dan\u00e7a, para mim, representa a liberdade de express\u00e3o e conex\u00e3o. \u00c9 uma forma de \u00a0comunicar sentimentos e hist\u00f3rias sem precisar de palavras. Tamb\u00e9m me ensinou disciplina, foco e autoconfian\u00e7a. Sobre a minha trajet\u00f3ria, comecei por curiosidade e paix\u00e3o pela m\u00fasica. No in\u00edcio, eu dan\u00e7ava de forma informal, observando v\u00eddeos e participando de eventos. Depois, eu fui buscando aulas e treinos e oportunidade para evoluir tecnicamente na dan\u00e7a\u201d.<\/p>\n<\/blockquote>\n<p>\u00a0Al\u00e9m de promover sa\u00fade e bem-estar, a dan\u00e7a tamb\u00e9m <strong>fortalece a autoestima, estimula a conviv\u00eancia social e amplia oportunidades para crian\u00e7as, jovens e adultos<\/strong>. Lucas Kzan reafirma que a arte \u00e9 capaz de transformar vidas.\u00a0<\/p>\n<blockquote>\n<p>\u201cUm dos maiores desafios que eu enfrentei foi lidar com a inseguran\u00e7a, compara\u00e7\u00f5es e momentos de des\u00e2nimo. E al\u00e9m disso, manter a const\u00e2ncia nos treinos e superar as limita\u00e7\u00f5es f\u00edsicas, que exigem muita dedica\u00e7\u00e3o\u201d.\u00a0<\/p>\n<\/blockquote>\n<p>Criada pela Unesco em 1982, a comemora\u00e7\u00e3o busca valorizar profissionais da \u00e1rea e incentivar pol\u00edticas p\u00fablicas que garantam mais acesso \u00e0 dan\u00e7a em escolas, projetos sociais e espa\u00e7os culturais.<\/p>\n<p>\u00a0<\/p>\n<p>  <span class=\"hms hms-format-m-ss\">1:31<\/span><\/p>\n","protected":false},"excerpt":{"rendered":"<p>Celebrado em 29 de abril, o Dia Internacional da Dan\u00e7a destaca a import\u00e2ncia dessa express\u00e3o art\u00edstica presente em diferentes culturas. A data tamb\u00e9m chama aten\u00e7\u00e3o para a necessidade de mais incentivo para o setor. O professor de dan\u00e7a Lucas Kzan refor\u00e7a os benef\u00edcios da pr\u00e1tica.\u00a0 \u201cA dan\u00e7a, para mim, representa a liberdade de express\u00e3o e [&hellip;]<\/p>\n","protected":false},"author":386,"featured_media":20106,"comment_status":"open","ping_status":"open","sticky":false,"template":"","format":"standard","meta":{"_monsterinsights_skip_tracking":false,"_monsterinsights_sitenote_active":false,"_monsterinsights_sitenote_note":"","_monsterinsights_sitenote_category":0,"site-sidebar-layout":"default","site-content-layout":"","ast-site-content-layout":"","site-content-style":"default","site-sidebar-style":"default","ast-global-header-display":"","ast-banner-title-visibility":"","ast-main-header-display":"","ast-hfb-above-header-display":"","ast-hfb-below-header-display":"","ast-hfb-mobile-header-display":"","site-post-title":"","ast-breadcrumbs-content":"","ast-featured-img":"","footer-sml-layout":"","theme-transparent-header-meta":"","adv-header-id-meta":"","stick-header-meta":"","header-above-stick-meta":"","header-main-stick-meta":"","header-below-stick-meta":"","astra-migrate-meta-layouts":"default","ast-page-background-enabled":"default","ast-page-background-meta":{"desktop":{"background-color":"var(--ast-global-color-4)","background-image":"","background-repeat":"repeat","background-position":"center center","background-size":"auto","background-attachment":"scroll","background-type":"","background-media":"","overlay-type":"","overlay-color":"","overlay-opacity":"","overlay-gradient":""},"tablet":{"background-color":"","background-image":"","background-repeat":"repeat","background-position":"center center","background-size":"auto","background-attachment":"scroll","background-type":"","background-media":"","overlay-type":"","overlay-color":"","overlay-opacity":"","overlay-gradient":""},"mobile":{"background-color":"","background-image":"","background-repeat":"repeat","background-position":"center center","background-size":"auto","background-attachment":"scroll","background-type":"","background-media":"","overlay-type":"","overlay-color":"","overlay-opacity":"","overlay-gradient":""}},"ast-content-background-meta":{"desktop":{"background-color":"var(--ast-global-color-5)","background-image":"","background-repeat":"repeat","background-position":"center center","background-size":"auto","background-attachment":"scroll","background-type":"","background-media":"","overlay-type":"","overlay-color":"","overlay-opacity":"","overlay-gradient":""},"tablet":{"background-color":"var(--ast-global-color-5)","background-image":"","background-repeat":"repeat","background-position":"center center","background-size":"auto","background-attachment":"scroll","background-type":"","background-media":"","overlay-type":"","overlay-color":"","overlay-opacity":"","overlay-gradient":""},"mobile":{"background-color":"var(--ast-global-color-5)","background-image":"","background-repeat":"repeat","background-position":"center center","background-size":"auto","background-attachment":"scroll","background-type":"","background-media":"","overlay-type":"","overlay-color":"","overlay-opacity":"","overlay-gradient":""}},"footnotes":""},"categories":[85],"tags":[],"class_list":["post-20105","post","type-post","status-publish","format-standard","has-post-thumbnail","hentry","category-cultura"],"aioseo_notices":[],"_links":{"self":[{"href":"https:\/\/conexaodjota.com.br\/index.php?rest_route=\/wp\/v2\/posts\/20105","targetHints":{"allow":["GET"]}}],"collection":[{"href":"https:\/\/conexaodjota.com.br\/index.php?rest_route=\/wp\/v2\/posts"}],"about":[{"href":"https:\/\/conexaodjota.com.br\/index.php?rest_route=\/wp\/v2\/types\/post"}],"author":[{"embeddable":true,"href":"https:\/\/conexaodjota.com.br\/index.php?rest_route=\/wp\/v2\/users\/386"}],"replies":[{"embeddable":true,"href":"https:\/\/conexaodjota.com.br\/index.php?rest_route=%2Fwp%2Fv2%2Fcomments&post=20105"}],"version-history":[{"count":0,"href":"https:\/\/conexaodjota.com.br\/index.php?rest_route=\/wp\/v2\/posts\/20105\/revisions"}],"wp:featuredmedia":[{"embeddable":true,"href":"https:\/\/conexaodjota.com.br\/index.php?rest_route=\/wp\/v2\/media\/20106"}],"wp:attachment":[{"href":"https:\/\/conexaodjota.com.br\/index.php?rest_route=%2Fwp%2Fv2%2Fmedia&parent=20105"}],"wp:term":[{"taxonomy":"category","embeddable":true,"href":"https:\/\/conexaodjota.com.br\/index.php?rest_route=%2Fwp%2Fv2%2Fcategories&post=20105"},{"taxonomy":"post_tag","embeddable":true,"href":"https:\/\/conexaodjota.com.br\/index.php?rest_route=%2Fwp%2Fv2%2Ftags&post=20105"}],"curies":[{"name":"wp","href":"https:\/\/api.w.org\/{rel}","templated":true}]}}