{"id":20095,"date":"2026-04-29T12:56:58","date_gmt":"2026-04-29T15:56:58","guid":{"rendered":"https:\/\/conexaodjota.com.br\/?p=20095"},"modified":"2026-04-29T12:56:58","modified_gmt":"2026-04-29T15:56:58","slug":"lula-sanciona-lei-que-regulamenta-profissao-de-danca-no-brasil","status":"publish","type":"post","link":"https:\/\/conexaodjota.com.br\/?p=20095","title":{"rendered":"Lula sanciona lei que regulamenta profiss\u00e3o de dan\u00e7a no Brasil"},"content":{"rendered":"<p>No Dia Internacional da Dan\u00e7a, celebrado nesta quarta-feira (29) , foi sancionada pelo presidente Lula a lei que regulamenta a profiss\u00e3o de quem trabalha com o of\u00edcio no Brasil, al\u00e9m de dar mais seguran\u00e7a jur\u00eddica.<img decoding=\"async\" src=\"https:\/\/agenciabrasil.ebc.com.br\/ebc.png?id=1687654&#038;o=rss\"><img decoding=\"async\" src=\"https:\/\/agenciabrasil.ebc.com.br\/ebc.gif?id=1687654&#038;o=rss\"><\/p>\n<p>Considerada um avan\u00e7o para os direitos trabalhista e autorais, a chamada Lei da Dan\u00e7a abrange bailarinos, core\u00f3grafos, professores e outros profissionais da \u00e1rea, como por exemplo cr\u00edtico, diretor e dramaturgo de dan\u00e7a. A norma entra em vigor imediatamente.<\/p>\n<p>A nova legisla\u00e7\u00e3o diz que podem exercer a profiss\u00e3o aqueles que possuam diploma de curso superior ou certificado em cursos t\u00e9cnicos de dan\u00e7a reconhecidos por lei, ou ainda, quem tenha atestado de capacita\u00e7\u00e3o profissional emitido por \u00f3rg\u00e3os competentes. \u00a0<\/p>\n<p>Quem j\u00e1 atuava na \u00e1rea antes da san\u00e7\u00e3o pode continuar exercendo a atividade.<\/p>\n<p>A lei assegura v\u00e1rios direitos, com regras para contratos de trabalho, com registro em sindicatos, garantindo direitos como piso e conven\u00e7\u00f5es coletivas.<\/p>\n<p>O profissional da dan\u00e7a que precise se deslocar para outra cidade para cumprir suas obriga\u00e7\u00f5es contratuais, tem assegurado o pagamento pelo empregador das despesas de transporte, alimenta\u00e7\u00e3o e hospedagem.<\/p>\n<p>A cl\u00e1usula de exclusividade em contrato de trabalho n\u00e3o impedir\u00e1 o profissional de trabalhar para outros empregadores, desde que isso n\u00e3o prejudique a execu\u00e7\u00e3o do que j\u00e1 foi contratado.<\/p>\n<p>Em rela\u00e7\u00e3o aos direitos autorais, os artistas poder\u00e3o criar de forma livre, respeitando os argumentos das obras, e ter\u00e3o seus direitos autorais reconhecidos e pagos a cada exibi\u00e7\u00e3o das suas produ\u00e7\u00f5es.<\/p>\n<p>  <span class=\"hms hms-format-m-ss\">1:54<\/span><\/p>\n","protected":false},"excerpt":{"rendered":"<p>No Dia Internacional da Dan\u00e7a, celebrado nesta quarta-feira (29) , foi sancionada pelo presidente Lula a lei que regulamenta a profiss\u00e3o de quem trabalha com o of\u00edcio no Brasil, al\u00e9m de dar mais seguran\u00e7a jur\u00eddica. Considerada um avan\u00e7o para os direitos trabalhista e autorais, a chamada Lei da Dan\u00e7a abrange bailarinos, core\u00f3grafos, professores e outros [&hellip;]<\/p>\n","protected":false},"author":244,"featured_media":20096,"comment_status":"open","ping_status":"open","sticky":false,"template":"","format":"standard","meta":{"_monsterinsights_skip_tracking":false,"_monsterinsights_sitenote_active":false,"_monsterinsights_sitenote_note":"","_monsterinsights_sitenote_category":0,"site-sidebar-layout":"default","site-content-layout":"","ast-site-content-layout":"","site-content-style":"default","site-sidebar-style":"default","ast-global-header-display":"","ast-banner-title-visibility":"","ast-main-header-display":"","ast-hfb-above-header-display":"","ast-hfb-below-header-display":"","ast-hfb-mobile-header-display":"","site-post-title":"","ast-breadcrumbs-content":"","ast-featured-img":"","footer-sml-layout":"","theme-transparent-header-meta":"","adv-header-id-meta":"","stick-header-meta":"","header-above-stick-meta":"","header-main-stick-meta":"","header-below-stick-meta":"","astra-migrate-meta-layouts":"default","ast-page-background-enabled":"default","ast-page-background-meta":{"desktop":{"background-color":"var(--ast-global-color-4)","background-image":"","background-repeat":"repeat","background-position":"center center","background-size":"auto","background-attachment":"scroll","background-type":"","background-media":"","overlay-type":"","overlay-color":"","overlay-opacity":"","overlay-gradient":""},"tablet":{"background-color":"","background-image":"","background-repeat":"repeat","background-position":"center center","background-size":"auto","background-attachment":"scroll","background-type":"","background-media":"","overlay-type":"","overlay-color":"","overlay-opacity":"","overlay-gradient":""},"mobile":{"background-color":"","background-image":"","background-repeat":"repeat","background-position":"center center","background-size":"auto","background-attachment":"scroll","background-type":"","background-media":"","overlay-type":"","overlay-color":"","overlay-opacity":"","overlay-gradient":""}},"ast-content-background-meta":{"desktop":{"background-color":"var(--ast-global-color-5)","background-image":"","background-repeat":"repeat","background-position":"center center","background-size":"auto","background-attachment":"scroll","background-type":"","background-media":"","overlay-type":"","overlay-color":"","overlay-opacity":"","overlay-gradient":""},"tablet":{"background-color":"var(--ast-global-color-5)","background-image":"","background-repeat":"repeat","background-position":"center center","background-size":"auto","background-attachment":"scroll","background-type":"","background-media":"","overlay-type":"","overlay-color":"","overlay-opacity":"","overlay-gradient":""},"mobile":{"background-color":"var(--ast-global-color-5)","background-image":"","background-repeat":"repeat","background-position":"center center","background-size":"auto","background-attachment":"scroll","background-type":"","background-media":"","overlay-type":"","overlay-color":"","overlay-opacity":"","overlay-gradient":""}},"footnotes":""},"categories":[85],"tags":[],"class_list":["post-20095","post","type-post","status-publish","format-standard","has-post-thumbnail","hentry","category-cultura"],"aioseo_notices":[],"_links":{"self":[{"href":"https:\/\/conexaodjota.com.br\/index.php?rest_route=\/wp\/v2\/posts\/20095","targetHints":{"allow":["GET"]}}],"collection":[{"href":"https:\/\/conexaodjota.com.br\/index.php?rest_route=\/wp\/v2\/posts"}],"about":[{"href":"https:\/\/conexaodjota.com.br\/index.php?rest_route=\/wp\/v2\/types\/post"}],"author":[{"embeddable":true,"href":"https:\/\/conexaodjota.com.br\/index.php?rest_route=\/wp\/v2\/users\/244"}],"replies":[{"embeddable":true,"href":"https:\/\/conexaodjota.com.br\/index.php?rest_route=%2Fwp%2Fv2%2Fcomments&post=20095"}],"version-history":[{"count":0,"href":"https:\/\/conexaodjota.com.br\/index.php?rest_route=\/wp\/v2\/posts\/20095\/revisions"}],"wp:featuredmedia":[{"embeddable":true,"href":"https:\/\/conexaodjota.com.br\/index.php?rest_route=\/wp\/v2\/media\/20096"}],"wp:attachment":[{"href":"https:\/\/conexaodjota.com.br\/index.php?rest_route=%2Fwp%2Fv2%2Fmedia&parent=20095"}],"wp:term":[{"taxonomy":"category","embeddable":true,"href":"https:\/\/conexaodjota.com.br\/index.php?rest_route=%2Fwp%2Fv2%2Fcategories&post=20095"},{"taxonomy":"post_tag","embeddable":true,"href":"https:\/\/conexaodjota.com.br\/index.php?rest_route=%2Fwp%2Fv2%2Ftags&post=20095"}],"curies":[{"name":"wp","href":"https:\/\/api.w.org\/{rel}","templated":true}]}}