{"id":20093,"date":"2026-04-29T11:01:56","date_gmt":"2026-04-29T14:01:56","guid":{"rendered":"https:\/\/conexaodjota.com.br\/?p=20093"},"modified":"2026-04-29T11:01:56","modified_gmt":"2026-04-29T14:01:56","slug":"reforma-casa-brasil-programa-sera-detalhado-em-breve-diz-ministro","status":"publish","type":"post","link":"https:\/\/conexaodjota.com.br\/?p=20093","title":{"rendered":"Reforma Casa Brasil: programa ser\u00e1 detalhado em breve, diz ministro"},"content":{"rendered":"<\/p>\n<p><a class=\"\" href=\"https:\/\/agenciabrasil.ebc.com.br\/politica\/noticia\/2026-04\/reforma-casa-brasil-programa-sera-detalhado-em-breve-diz-ministro\"><br \/>\n                    <img decoding=\"async\" src=\"https:\/\/cdn.jsdelivr.net\/gh\/sergiosdlima\/assets-ebc@1.0.0\/abr\/assets\/images\/logo-agenciabrasil.svg\" alt=\"Logo Ag\u00eancia Brasil\"><br \/>\n\t\t\t\t<\/a><\/p>\n<p><strong>O ministro das Cidades, Vladimir Lima, disse nesta quarta-feira (29) que \u201cnos pr\u00f3ximos dias\u201d ser\u00e1 publicada a regulamenta\u00e7\u00e3o do Reforma Casa Brasil, com as novas faixas a serem atendidas pelo programa.\u00a0<\/strong><img decoding=\"async\" src=\"https:\/\/agenciabrasil.ebc.com.br\/ebc.png?id=1687619&#038;o=rss\"><img decoding=\"async\" src=\"https:\/\/agenciabrasil.ebc.com.br\/ebc.gif?id=1687619&#038;o=rss\"><\/p>\n<p>Lan\u00e7ada em <a href=\"https:\/\/agenciabrasil.ebc.com.br\/politica\/noticia\/2025-10\/saiba-como-vai-funcionar-o-reforma-casa-brasil-que-sera-lancado-hoje\" target=\"_blank\">outubro do ano passado<\/a>, a iniciativa do governo oferece cr\u00e9dito para reformas, amplia\u00e7\u00f5es e melhorias em moradias urbanas.<\/p>\n<\/p>\n<h3>Not\u00edcias relacionadas:<\/h3>\n<ul>\n<li><a href=\"https:\/\/agenciabrasil.ebc.com.br\/politica\/noticia\/2025-10\/saiba-como-vai-funcionar-o-reforma-casa-brasil-que-sera-lancado-hoje\">Saiba como vai funcionar o Reforma Casa Brasil, que ser\u00e1 lan\u00e7ado hoje.<\/a><\/li>\n<li><a href=\"https:\/\/agenciabrasil.ebc.com.br\/economia\/noticia\/2025-11\/caixa-abre-nesta-segunda-contratacoes-do-programa-reforma-casa-brasil\">Caixa abre nesta segunda contrata\u00e7\u00f5es do programa Reforma Casa Brasil.<\/a><\/li>\n<\/ul>\n<p>Coordenado pelo Minist\u00e9rio das Cidades e operado pela Caixa Econ\u00f4mica Federal, o Reforma Casa Brasil foi criado para enfrentar a inadequa\u00e7\u00e3o habitacional e melhorar as condi\u00e7\u00f5es de moradia das fam\u00edlias brasileiras que j\u00e1 possuem im\u00f3vel.<\/p>\n<p><strong>O financiamento pode ser utilizado para comprar materiais de constru\u00e7\u00e3o, pagar m\u00e3o de obra e contratar servi\u00e7os t\u00e9cnicos.<\/strong><\/p>\n<p>\u201cEstamos finalizando a regulamenta\u00e7\u00e3o do Reforma Casa Brasil. Ela ser\u00e1 publicada j\u00e1 nos pr\u00f3ximos dias\u201d, disse Lima ap\u00f3s participar do programa <em>Bom dia, Ministro<\/em>, produzido pela <strong>Empresa Brasil de Comunica\u00e7\u00e3o<\/strong> (<strong>EBC<\/strong>).<\/p>\n<h2>Reformas e melhorias<\/h2>\n<p><strong>Entre as interven\u00e7\u00f5es previstas para o Reforma Casa Brasil est\u00e3o as feitas em telhados, instala\u00e7\u00f5es el\u00e9tricas e hidr\u00e1ulicas, constru\u00e7\u00e3o de c\u00f4modos, melhorias de acessibilidade e adapta\u00e7\u00f5es para maior conforto e seguran\u00e7a.<\/strong><\/p>\n<p>Segundo o Minist\u00e9rio das Cidades, o valor m\u00e1ximo do financiamento passou de R$ 30 mil para R$ 50 mil por fam\u00edlia.\u00a0O prazo de pagamento foi ampliado de 60 para at\u00e9 72 meses (seis meses).<\/p>\n<p>O p\u00fablico-alvo foi ampliado para fam\u00edlias com renda de at\u00e9 R$ 13 mil, igualando-se ao teto do programa Minha Casa, Minha Vida e garantindo que mais brasileiros possam melhorar suas moradias.<\/p>\n<p><strong>Com rela\u00e7\u00e3o \u00e0s taxas de juros, o governo informou que elas ser\u00e3o reduzidas a 0,99% ao m\u00eas para todas as faixas de renda. <\/strong>Antes, a taxa mensal cobrada era de at\u00e9 1,95%, variando conforme a renda familiar.<\/p>\n<p>Confira o passo a passo para acesso ao programa:<br \/>\n\u00a0<\/p>\n<div class=\"dnd-widget-wrapper context-cheio_8colunas type-image\">\n<div class=\"dnd-atom-rendered\"><!-- scald=460953:cheio_8colunas {\"additionalClasses\":\"\"} --><br \/>\n            <img decoding=\"async\" src=\"https:\/\/agenciabrasil.ebc.com.br\/sites\/default\/files\/thumbnails\/image\/loading_v2.gif\" data-echo=\"https:\/\/imagens.ebc.com.br\/OMmdoYHSXooqUJ4Xgf4qdkZ65_I=\/754x0\/smart\/https:\/\/agenciabrasil.ebc.com.br\/sites\/default\/files\/thumbnails\/image\/2026\/04\/29\/infografico_reforma_brasil.jpeg?itok=rs0PIw8J\" alt=\"Informa\u00e7\u00e3o Passo a Passo Programa Reforma Casa Brasil\" title=\"EBC\"><br \/>\n        <noscript><img decoding=\"async\" src=\"https:\/\/imagens.ebc.com.br\/OMmdoYHSXooqUJ4Xgf4qdkZ65_I=\/754x0\/smart\/https:\/\/agenciabrasil.ebc.com.br\/sites\/default\/files\/thumbnails\/image\/2026\/04\/29\/infografico_reforma_brasil.jpeg?itok=rs0PIw8J\" alt=\"Informa\u00e7\u00e3o Passo a Passo Programa Reforma Casa Brasil\" title=\"EBC\"><\/noscript><br \/>\n    <!-- END scald=460953 --><\/div>\n<\/div>\n<h2>Mais aportes<\/h2>\n<p>O an\u00fancio de que novos perfis e valores seriam aplicados ao Reforma Casa Brasil foi feito no dia 15 de abril, em cerim\u00f4nia no Pal\u00e1cio do Planalto <a href=\"https:\/\/agenciabrasil.ebc.com.br\/politica\/noticia\/2026-04\/aportes-para-mcmv-sao-ampliados-para-r-200-bilhoes\" target=\"_blank\">sobre a amplia\u00e7\u00e3o de aportes<\/a> para o Minha Casa Minha Vida.<\/p>\n<p><strong>Em termos gerais, o governo ampliou o p\u00fablico atendido pelo MCMV por meio da atualiza\u00e7\u00e3o das faixas de renda. Aumentou tamb\u00e9m o valor m\u00e1ximo do financiamento dos im\u00f3veis e reduziu as taxas de juros aplicadas.<\/strong><\/p>\n<p>As novas regras preveem aumento no limite de renda familiar mensal para acesso ao cr\u00e9dito, passando a ser de at\u00e9 R$ 13 mil, para im\u00f3veis que custam at\u00e9 R$ 600 mil.<\/p>\n<p>\u00a0<\/p>\n","protected":false},"excerpt":{"rendered":"<p>O ministro das Cidades, Vladimir Lima, disse nesta quarta-feira (29) que \u201cnos pr\u00f3ximos dias\u201d ser\u00e1 publicada a regulamenta\u00e7\u00e3o do Reforma Casa Brasil, com as novas faixas a serem atendidas pelo programa.\u00a0 Lan\u00e7ada em outubro do ano passado, a iniciativa do governo oferece cr\u00e9dito para reformas, amplia\u00e7\u00f5es e melhorias em moradias urbanas. Not\u00edcias relacionadas: Saiba como [&hellip;]<\/p>\n","protected":false},"author":1,"featured_media":20094,"comment_status":"open","ping_status":"open","sticky":false,"template":"","format":"standard","meta":{"_monsterinsights_skip_tracking":false,"_monsterinsights_sitenote_active":false,"_monsterinsights_sitenote_note":"","_monsterinsights_sitenote_category":0,"site-sidebar-layout":"default","site-content-layout":"","ast-site-content-layout":"","site-content-style":"default","site-sidebar-style":"default","ast-global-header-display":"","ast-banner-title-visibility":"","ast-main-header-display":"","ast-hfb-above-header-display":"","ast-hfb-below-header-display":"","ast-hfb-mobile-header-display":"","site-post-title":"","ast-breadcrumbs-content":"","ast-featured-img":"","footer-sml-layout":"","theme-transparent-header-meta":"","adv-header-id-meta":"","stick-header-meta":"","header-above-stick-meta":"","header-main-stick-meta":"","header-below-stick-meta":"","astra-migrate-meta-layouts":"default","ast-page-background-enabled":"default","ast-page-background-meta":{"desktop":{"background-color":"var(--ast-global-color-4)","background-image":"","background-repeat":"repeat","background-position":"center center","background-size":"auto","background-attachment":"scroll","background-type":"","background-media":"","overlay-type":"","overlay-color":"","overlay-opacity":"","overlay-gradient":""},"tablet":{"background-color":"","background-image":"","background-repeat":"repeat","background-position":"center center","background-size":"auto","background-attachment":"scroll","background-type":"","background-media":"","overlay-type":"","overlay-color":"","overlay-opacity":"","overlay-gradient":""},"mobile":{"background-color":"","background-image":"","background-repeat":"repeat","background-position":"center center","background-size":"auto","background-attachment":"scroll","background-type":"","background-media":"","overlay-type":"","overlay-color":"","overlay-opacity":"","overlay-gradient":""}},"ast-content-background-meta":{"desktop":{"background-color":"var(--ast-global-color-5)","background-image":"","background-repeat":"repeat","background-position":"center center","background-size":"auto","background-attachment":"scroll","background-type":"","background-media":"","overlay-type":"","overlay-color":"","overlay-opacity":"","overlay-gradient":""},"tablet":{"background-color":"var(--ast-global-color-5)","background-image":"","background-repeat":"repeat","background-position":"center center","background-size":"auto","background-attachment":"scroll","background-type":"","background-media":"","overlay-type":"","overlay-color":"","overlay-opacity":"","overlay-gradient":""},"mobile":{"background-color":"var(--ast-global-color-5)","background-image":"","background-repeat":"repeat","background-position":"center center","background-size":"auto","background-attachment":"scroll","background-type":"","background-media":"","overlay-type":"","overlay-color":"","overlay-opacity":"","overlay-gradient":""}},"footnotes":""},"categories":[1],"tags":[],"class_list":["post-20093","post","type-post","status-publish","format-standard","has-post-thumbnail","hentry","category-sem-categoria"],"aioseo_notices":[],"_links":{"self":[{"href":"https:\/\/conexaodjota.com.br\/index.php?rest_route=\/wp\/v2\/posts\/20093","targetHints":{"allow":["GET"]}}],"collection":[{"href":"https:\/\/conexaodjota.com.br\/index.php?rest_route=\/wp\/v2\/posts"}],"about":[{"href":"https:\/\/conexaodjota.com.br\/index.php?rest_route=\/wp\/v2\/types\/post"}],"author":[{"embeddable":true,"href":"https:\/\/conexaodjota.com.br\/index.php?rest_route=\/wp\/v2\/users\/1"}],"replies":[{"embeddable":true,"href":"https:\/\/conexaodjota.com.br\/index.php?rest_route=%2Fwp%2Fv2%2Fcomments&post=20093"}],"version-history":[{"count":0,"href":"https:\/\/conexaodjota.com.br\/index.php?rest_route=\/wp\/v2\/posts\/20093\/revisions"}],"wp:featuredmedia":[{"embeddable":true,"href":"https:\/\/conexaodjota.com.br\/index.php?rest_route=\/wp\/v2\/media\/20094"}],"wp:attachment":[{"href":"https:\/\/conexaodjota.com.br\/index.php?rest_route=%2Fwp%2Fv2%2Fmedia&parent=20093"}],"wp:term":[{"taxonomy":"category","embeddable":true,"href":"https:\/\/conexaodjota.com.br\/index.php?rest_route=%2Fwp%2Fv2%2Fcategories&post=20093"},{"taxonomy":"post_tag","embeddable":true,"href":"https:\/\/conexaodjota.com.br\/index.php?rest_route=%2Fwp%2Fv2%2Ftags&post=20093"}],"curies":[{"name":"wp","href":"https:\/\/api.w.org\/{rel}","templated":true}]}}