{"id":20061,"date":"2026-04-28T15:03:36","date_gmt":"2026-04-28T18:03:36","guid":{"rendered":"https:\/\/conexaodjota.com.br\/?p=20061"},"modified":"2026-04-28T15:03:36","modified_gmt":"2026-04-28T18:03:36","slug":"fidoc-amazonia-leva-cinema-e-debates-a-capital-paraense","status":"publish","type":"post","link":"https:\/\/conexaodjota.com.br\/?p=20061","title":{"rendered":"FiDoc Amaz\u00f4nia leva cinema e debates \u00e0 capital paraense"},"content":{"rendered":"<p>At\u00e9 o dia 6 de maio, a capital paraense vai abrigar uma s\u00e9rie de sess\u00f5es gratuitas de curtas e longas metragens, videoarte e videoclipes, debates, atividades formativas e encontros com os cineastas e produtores do audiovisual.\u00a0\u00c9 que come\u00e7a hoje em Bel\u00e9m do Par\u00e1, a 11\u00aa edi\u00e7\u00e3o do Festival Pan-Amaz\u00f4nico de Cinema, o\u00a0FiDoc\u00a0Amaz\u00f4nia.<img decoding=\"async\" src=\"https:\/\/agenciabrasil.ebc.com.br\/ebc.png?id=1687503&#038;o=rss\"><img decoding=\"async\" src=\"https:\/\/agenciabrasil.ebc.com.br\/ebc.gif?id=1687503&#038;o=rss\"><\/p>\n<p>A sess\u00e3o de abertura ser\u00e1 logo mais, \u00e0s sete da noite, no Theatro da Paz, com a exibi\u00e7\u00e3o do document\u00e1rio\u00a0\u201cDona Onete: meu cora\u00e7\u00e3o nesse pedacinho aqui\u201d, da diretora Mini Kerti e apresenta\u00e7\u00e3o da Orquestra Paraense de Cinema, com reg\u00eancia do maestro Gabriel Silva.<\/p>\n<p>Outro destaque do evento\u00a0\u00e9 o 2\u00ba F\u00f3rum de Cinema das Amaz\u00f4nias, que acontece entre os dias 29 de abril e 02 de maio no Alexandrino Moreira &#8211; Casa das Artes e no Cine L\u00edbero Luxardo. As sess\u00f5es dos filmes selecionados ocorrer\u00e3o nestas duas salas e tamb\u00e9m em salas da Alian\u00e7a Francesa, Sesc Ver-o-Peso e Museu da Imagem e do Som.<\/p>\n<p>A programa\u00e7\u00e3o conta com mais de 130 produ\u00e7\u00f5es de 9 pa\u00edses, que ir\u00e3o compor as 6 mostras competitivas e as 5 mostras especiais do Festival: mostra infantil, Cinema Ind\u00edgena, Cinema Negro, Retrospectiva Amaz\u00f4nia\u00a0FiDoc\u00a0e Mostra Especial Col\u00f4mbia. Nas competitivas, as obras exibidas concorrem ao Trof\u00e9u Amaz\u00f4nia\u00a0FiDoc\u00a0e a pr\u00eamios em dinheiro, distribu\u00eddos entre as categorias de melhor curta e melhor longa das mostras da Pan-Amaz\u00f4nia e da Amaz\u00f4nia Legal. A cerim\u00f4nia para anunciar os vencedores ser\u00e1 no pr\u00f3ximo dia 6 de maio, a partir das sete da noite no Cine L\u00edbero.<\/p>\n<p>A programa\u00e7\u00e3o completa est\u00e1 dispon\u00edvel no site\u00a0<a href=\"http:\/\/amazoniadoc.com.br\/\">amazoniadoc.com.br<\/a><\/p>\n<p>\u00a0<\/p>\n<p>  <span class=\"hms hms-format-m-ss\">2:02<\/span><\/p>\n","protected":false},"excerpt":{"rendered":"<p>At\u00e9 o dia 6 de maio, a capital paraense vai abrigar uma s\u00e9rie de sess\u00f5es gratuitas de curtas e longas metragens, videoarte e videoclipes, debates, atividades formativas e encontros com os cineastas e produtores do audiovisual.\u00a0\u00c9 que come\u00e7a hoje em Bel\u00e9m do Par\u00e1, a 11\u00aa edi\u00e7\u00e3o do Festival Pan-Amaz\u00f4nico de Cinema, o\u00a0FiDoc\u00a0Amaz\u00f4nia. A sess\u00e3o de [&hellip;]<\/p>\n","protected":false},"author":319,"featured_media":20062,"comment_status":"open","ping_status":"open","sticky":false,"template":"","format":"standard","meta":{"_monsterinsights_skip_tracking":false,"_monsterinsights_sitenote_active":false,"_monsterinsights_sitenote_note":"","_monsterinsights_sitenote_category":0,"site-sidebar-layout":"default","site-content-layout":"","ast-site-content-layout":"","site-content-style":"default","site-sidebar-style":"default","ast-global-header-display":"","ast-banner-title-visibility":"","ast-main-header-display":"","ast-hfb-above-header-display":"","ast-hfb-below-header-display":"","ast-hfb-mobile-header-display":"","site-post-title":"","ast-breadcrumbs-content":"","ast-featured-img":"","footer-sml-layout":"","theme-transparent-header-meta":"","adv-header-id-meta":"","stick-header-meta":"","header-above-stick-meta":"","header-main-stick-meta":"","header-below-stick-meta":"","astra-migrate-meta-layouts":"default","ast-page-background-enabled":"default","ast-page-background-meta":{"desktop":{"background-color":"var(--ast-global-color-4)","background-image":"","background-repeat":"repeat","background-position":"center center","background-size":"auto","background-attachment":"scroll","background-type":"","background-media":"","overlay-type":"","overlay-color":"","overlay-opacity":"","overlay-gradient":""},"tablet":{"background-color":"","background-image":"","background-repeat":"repeat","background-position":"center center","background-size":"auto","background-attachment":"scroll","background-type":"","background-media":"","overlay-type":"","overlay-color":"","overlay-opacity":"","overlay-gradient":""},"mobile":{"background-color":"","background-image":"","background-repeat":"repeat","background-position":"center center","background-size":"auto","background-attachment":"scroll","background-type":"","background-media":"","overlay-type":"","overlay-color":"","overlay-opacity":"","overlay-gradient":""}},"ast-content-background-meta":{"desktop":{"background-color":"var(--ast-global-color-5)","background-image":"","background-repeat":"repeat","background-position":"center center","background-size":"auto","background-attachment":"scroll","background-type":"","background-media":"","overlay-type":"","overlay-color":"","overlay-opacity":"","overlay-gradient":""},"tablet":{"background-color":"var(--ast-global-color-5)","background-image":"","background-repeat":"repeat","background-position":"center center","background-size":"auto","background-attachment":"scroll","background-type":"","background-media":"","overlay-type":"","overlay-color":"","overlay-opacity":"","overlay-gradient":""},"mobile":{"background-color":"var(--ast-global-color-5)","background-image":"","background-repeat":"repeat","background-position":"center center","background-size":"auto","background-attachment":"scroll","background-type":"","background-media":"","overlay-type":"","overlay-color":"","overlay-opacity":"","overlay-gradient":""}},"footnotes":""},"categories":[85],"tags":[],"class_list":["post-20061","post","type-post","status-publish","format-standard","has-post-thumbnail","hentry","category-cultura"],"aioseo_notices":[],"_links":{"self":[{"href":"https:\/\/conexaodjota.com.br\/index.php?rest_route=\/wp\/v2\/posts\/20061","targetHints":{"allow":["GET"]}}],"collection":[{"href":"https:\/\/conexaodjota.com.br\/index.php?rest_route=\/wp\/v2\/posts"}],"about":[{"href":"https:\/\/conexaodjota.com.br\/index.php?rest_route=\/wp\/v2\/types\/post"}],"author":[{"embeddable":true,"href":"https:\/\/conexaodjota.com.br\/index.php?rest_route=\/wp\/v2\/users\/319"}],"replies":[{"embeddable":true,"href":"https:\/\/conexaodjota.com.br\/index.php?rest_route=%2Fwp%2Fv2%2Fcomments&post=20061"}],"version-history":[{"count":0,"href":"https:\/\/conexaodjota.com.br\/index.php?rest_route=\/wp\/v2\/posts\/20061\/revisions"}],"wp:featuredmedia":[{"embeddable":true,"href":"https:\/\/conexaodjota.com.br\/index.php?rest_route=\/wp\/v2\/media\/20062"}],"wp:attachment":[{"href":"https:\/\/conexaodjota.com.br\/index.php?rest_route=%2Fwp%2Fv2%2Fmedia&parent=20061"}],"wp:term":[{"taxonomy":"category","embeddable":true,"href":"https:\/\/conexaodjota.com.br\/index.php?rest_route=%2Fwp%2Fv2%2Fcategories&post=20061"},{"taxonomy":"post_tag","embeddable":true,"href":"https:\/\/conexaodjota.com.br\/index.php?rest_route=%2Fwp%2Fv2%2Ftags&post=20061"}],"curies":[{"name":"wp","href":"https:\/\/api.w.org\/{rel}","templated":true}]}}