{"id":20057,"date":"2026-04-28T13:07:48","date_gmt":"2026-04-28T16:07:48","guid":{"rendered":"https:\/\/conexaodjota.com.br\/?p=20057"},"modified":"2026-04-28T13:07:48","modified_gmt":"2026-04-28T16:07:48","slug":"cartilha-orienta-medicos-e-instituicoes-sobre-uso-de-ia-na-medicina","status":"publish","type":"post","link":"https:\/\/conexaodjota.com.br\/?p=20057","title":{"rendered":"Cartilha orienta m\u00e9dicos e institui\u00e7\u00f5es sobre uso de IA na medicina"},"content":{"rendered":"<\/p>\n<p><a class=\"\" href=\"https:\/\/agenciabrasil.ebc.com.br\/saude\/noticia\/2026-04\/cartilha-orienta-medicos-e-instituicoes-sobre-uso-de-ia-na-medicina\"><br \/>\n                    <img decoding=\"async\" src=\"https:\/\/cdn.jsdelivr.net\/gh\/sergiosdlima\/assets-ebc@1.0.0\/abr\/assets\/images\/logo-agenciabrasil.svg\" alt=\"Logo Ag\u00eancia Brasil\"><br \/>\n\t\t\t\t<\/a><\/p>\n<p><strong>A Associa\u00e7\u00e3o M\u00e9dica Brasileira (AMB) lan\u00e7ou este m\u00eas uma <a href=\"https:\/\/amb.org.br\/cartilha-saude-digital\/\" target=\"_blank\">cartilha <\/a>com o objetivo de orientar m\u00e9dicos e institui\u00e7\u00f5es de sa\u00fade sobre a aplica\u00e7\u00e3o da intelig\u00eancia artificial (IA) na pr\u00e1tica cl\u00ednica, com base na <a href=\"http:\/\/sistemas.cfm.org.br\/normas\/arquivos\/resolucoes\/BR\/2026\/2454_2026.pdf\" target=\"_blank\">Resolu\u00e7\u00e3o n\u00ba 2.454\/2026<\/a> do Conselho Federal de Medicina (CFM).<\/strong><img decoding=\"async\" src=\"https:\/\/agenciabrasil.ebc.com.br\/ebc.png?id=1687491&#038;o=rss\"><img decoding=\"async\" src=\"https:\/\/agenciabrasil.ebc.com.br\/ebc.gif?id=1687491&#038;o=rss\"><\/p>\n<p>O material aborda os principais pontos da primeira legisla\u00e7\u00e3o brasileira dedicada exclusivamente ao uso da IA no exerc\u00edcio da medicina, publicada em fevereiro de 2026. A norma do CFM estabelece prazo de 180 dias para adequa\u00e7\u00e3o, com entrada em vigor prevista para agosto.<\/p>\n<\/p>\n<h3>Not\u00edcias relacionadas:<\/h3>\n<ul>\n<li><a href=\"https:\/\/agenciabrasil.ebc.com.br\/saude\/noticia\/2025-08\/inteligencia-artificial-pode-se-tornar-aliada-no-combate-ao-glaucoma\">Intelig\u00eancia artificial pode se tornar aliada no combate ao glaucoma.<\/a><\/li>\n<li><a href=\"https:\/\/agenciabrasil.ebc.com.br\/educacao\/noticia\/2025-09\/inteligencia-artificial-ameaca-aprendizado-da-escrita-alerta-autor\">Intelig\u00eancia artificial amea\u00e7a aprendizado da escrita, alerta autor.<\/a><\/li>\n<li><a href=\"https:\/\/agenciabrasil.ebc.com.br\/justica\/noticia\/2026-04\/stj-rejeita-uso-de-inteligencia-artificial-como-prova-em-acao-penal\">STJ rejeita uso de intelig\u00eancia artificial como prova em a\u00e7\u00e3o penal.<\/a><\/li>\n<\/ul>\n<p>Em nota, a AMB avalia que um dos pilares da resolu\u00e7\u00e3o, destacado na cartilha, \u00e9 o entendimento de que a IA deve ser utilizada exclusivamente como ferramenta de apoio.<\/p>\n<blockquote>\n<p>\u201cA decis\u00e3o cl\u00ednica permanece sob responsabilidade do m\u00e9dico, que mant\u00e9m autonomia t\u00e9cnica e \u00e9tica em todas as etapas do cuidado ao paciente\u201d, diz.<\/p>\n<\/blockquote>\n<p>\u201cA publica\u00e7\u00e3o refor\u00e7a que, embora a tecnologia amplie a capacidade diagn\u00f3stica e operacional, o julgamento humano \u00e9 insubstitu\u00edvel e deve prevalecer em qualquer circunst\u00e2ncia\u201d, destacou o comunicado.<\/p>\n<h2>Direitos, deveres e limites<\/h2>\n<p>A cartilha detalha direitos dos m\u00e9dicos, como o uso livre de IA como suporte \u00e0 decis\u00e3o, al\u00e9m da possibilidade de recusar sistemas sem valida\u00e7\u00e3o cient\u00edfica ou que apresentem riscos \u00e9ticos.<\/p>\n<p>O documento tamb\u00e9m estabelece deveres classificados pela AMB como fundamentais, incluindo a necessidade de capacita\u00e7\u00e3o cont\u00ednua, o uso cr\u00edtico das ferramentas e o registro obrigat\u00f3rio em prontu\u00e1rio sempre que a IA for utilizada.<\/p>\n<blockquote>\n<p>\u201cEntre as proibi\u00e7\u00f5es expressas est\u00e3o a delega\u00e7\u00e3o de diagn\u00f3sticos \u00e0 IA, o uso de sistemas sem seguran\u00e7a de dados e a omiss\u00e3o da informa\u00e7\u00e3o ao paciente quando a tecnologia tiver papel relevante no atendimento.\u201d<\/p>\n<\/blockquote>\n<h2>Classifica\u00e7\u00e3o de risco<\/h2>\n<p>Outro destaque da cartilha \u00e9 a <strong>classifica\u00e7\u00e3o dos sistemas de IA por n\u00edveis de risco \u2014 baixo, m\u00e9dio, alto e inaceit\u00e1vel<\/strong> \u2014, com exig\u00eancias proporcionais de governan\u00e7a para cada categoria.<\/p>\n<p><strong>\u201cSistemas de maior impacto cl\u00ednico demandam estruturas mais robustas de controle, monitoramento e valida\u00e7\u00e3o\u201d, avaliou a associa\u00e7\u00e3o.<\/strong><\/p>\n<h2>Seguran\u00e7a jur\u00eddica e prote\u00e7\u00e3o de dados<\/h2>\n<p>A cartilha orienta que o registro do uso da IA em prontu\u00e1rio \u00e9 condi\u00e7\u00e3o essencial para garantir prote\u00e7\u00e3o jur\u00eddica ao m\u00e9dico e recomenda a ado\u00e7\u00e3o de Termo de Consentimento Livre e Esclarecido (TCLE) espec\u00edfico para o uso da tecnologia, assegurando transpar\u00eancia ao paciente.<\/p>\n<blockquote>\n<p>\u201cA adequa\u00e7\u00e3o \u00e0 Lei Geral de Prote\u00e7\u00e3o de Dados (LGPD) tamb\u00e9m \u00e9 tratada como obrigat\u00f3ria, uma vez que informa\u00e7\u00f5es de sa\u00fade s\u00e3o consideradas dados sens\u00edveis\u201d, ressaltou a AMB.<\/p>\n<\/blockquote>\n<h2>Passo a passo<\/h2>\n<p>Com linguagem acess\u00edvel, a cartilha apresenta um passo a passo para a conformidade com a resolu\u00e7\u00e3o do CFM, incluindo invent\u00e1rio de sistemas, classifica\u00e7\u00e3o de risco, valida\u00e7\u00e3o cient\u00edfica, cria\u00e7\u00e3o de protocolos internos e capacita\u00e7\u00e3o das equipes.<\/p>\n<p>O material traz um checklist institucional e um gloss\u00e1rio com os principais conceitos relacionados \u00e0 intelig\u00eancia artificial na sa\u00fade, como <a href=\"https:\/\/www.gov.br\/governodigital\/pt-br\/infraestrutura-nacional-de-dados\/inteligencia-artificial-1\/publicacoes\/cartilha-ia-generativa\" target=\"_blank\">IA generativa<\/a>, modelos de linguagem e vieses algor\u00edtmicos.\u00a0<\/p>\n<p><strong>\u201cPara a AMB, a iniciativa busca apoiar os m\u00e9dicos brasileiros na incorpora\u00e7\u00e3o segura e \u00e9tica da intelig\u00eancia artificial, promovendo inova\u00e7\u00e3o sem abrir m\u00e3o da qualidade assistencial e da autonomia profissional.\u201d<\/strong><\/p>\n","protected":false},"excerpt":{"rendered":"<p>A Associa\u00e7\u00e3o M\u00e9dica Brasileira (AMB) lan\u00e7ou este m\u00eas uma cartilha com o objetivo de orientar m\u00e9dicos e institui\u00e7\u00f5es de sa\u00fade sobre a aplica\u00e7\u00e3o da intelig\u00eancia artificial (IA) na pr\u00e1tica cl\u00ednica, com base na Resolu\u00e7\u00e3o n\u00ba 2.454\/2026 do Conselho Federal de Medicina (CFM). O material aborda os principais pontos da primeira legisla\u00e7\u00e3o brasileira dedicada exclusivamente ao [&hellip;]<\/p>\n","protected":false},"author":1,"featured_media":20058,"comment_status":"open","ping_status":"open","sticky":false,"template":"","format":"standard","meta":{"_monsterinsights_skip_tracking":false,"_monsterinsights_sitenote_active":false,"_monsterinsights_sitenote_note":"","_monsterinsights_sitenote_category":0,"site-sidebar-layout":"default","site-content-layout":"","ast-site-content-layout":"","site-content-style":"default","site-sidebar-style":"default","ast-global-header-display":"","ast-banner-title-visibility":"","ast-main-header-display":"","ast-hfb-above-header-display":"","ast-hfb-below-header-display":"","ast-hfb-mobile-header-display":"","site-post-title":"","ast-breadcrumbs-content":"","ast-featured-img":"","footer-sml-layout":"","theme-transparent-header-meta":"","adv-header-id-meta":"","stick-header-meta":"","header-above-stick-meta":"","header-main-stick-meta":"","header-below-stick-meta":"","astra-migrate-meta-layouts":"default","ast-page-background-enabled":"default","ast-page-background-meta":{"desktop":{"background-color":"var(--ast-global-color-4)","background-image":"","background-repeat":"repeat","background-position":"center center","background-size":"auto","background-attachment":"scroll","background-type":"","background-media":"","overlay-type":"","overlay-color":"","overlay-opacity":"","overlay-gradient":""},"tablet":{"background-color":"","background-image":"","background-repeat":"repeat","background-position":"center center","background-size":"auto","background-attachment":"scroll","background-type":"","background-media":"","overlay-type":"","overlay-color":"","overlay-opacity":"","overlay-gradient":""},"mobile":{"background-color":"","background-image":"","background-repeat":"repeat","background-position":"center center","background-size":"auto","background-attachment":"scroll","background-type":"","background-media":"","overlay-type":"","overlay-color":"","overlay-opacity":"","overlay-gradient":""}},"ast-content-background-meta":{"desktop":{"background-color":"var(--ast-global-color-5)","background-image":"","background-repeat":"repeat","background-position":"center center","background-size":"auto","background-attachment":"scroll","background-type":"","background-media":"","overlay-type":"","overlay-color":"","overlay-opacity":"","overlay-gradient":""},"tablet":{"background-color":"var(--ast-global-color-5)","background-image":"","background-repeat":"repeat","background-position":"center center","background-size":"auto","background-attachment":"scroll","background-type":"","background-media":"","overlay-type":"","overlay-color":"","overlay-opacity":"","overlay-gradient":""},"mobile":{"background-color":"var(--ast-global-color-5)","background-image":"","background-repeat":"repeat","background-position":"center center","background-size":"auto","background-attachment":"scroll","background-type":"","background-media":"","overlay-type":"","overlay-color":"","overlay-opacity":"","overlay-gradient":""}},"footnotes":""},"categories":[46],"tags":[],"class_list":["post-20057","post","type-post","status-publish","format-standard","has-post-thumbnail","hentry","category-saude"],"aioseo_notices":[],"_links":{"self":[{"href":"https:\/\/conexaodjota.com.br\/index.php?rest_route=\/wp\/v2\/posts\/20057","targetHints":{"allow":["GET"]}}],"collection":[{"href":"https:\/\/conexaodjota.com.br\/index.php?rest_route=\/wp\/v2\/posts"}],"about":[{"href":"https:\/\/conexaodjota.com.br\/index.php?rest_route=\/wp\/v2\/types\/post"}],"author":[{"embeddable":true,"href":"https:\/\/conexaodjota.com.br\/index.php?rest_route=\/wp\/v2\/users\/1"}],"replies":[{"embeddable":true,"href":"https:\/\/conexaodjota.com.br\/index.php?rest_route=%2Fwp%2Fv2%2Fcomments&post=20057"}],"version-history":[{"count":0,"href":"https:\/\/conexaodjota.com.br\/index.php?rest_route=\/wp\/v2\/posts\/20057\/revisions"}],"wp:featuredmedia":[{"embeddable":true,"href":"https:\/\/conexaodjota.com.br\/index.php?rest_route=\/wp\/v2\/media\/20058"}],"wp:attachment":[{"href":"https:\/\/conexaodjota.com.br\/index.php?rest_route=%2Fwp%2Fv2%2Fmedia&parent=20057"}],"wp:term":[{"taxonomy":"category","embeddable":true,"href":"https:\/\/conexaodjota.com.br\/index.php?rest_route=%2Fwp%2Fv2%2Fcategories&post=20057"},{"taxonomy":"post_tag","embeddable":true,"href":"https:\/\/conexaodjota.com.br\/index.php?rest_route=%2Fwp%2Fv2%2Ftags&post=20057"}],"curies":[{"name":"wp","href":"https:\/\/api.w.org\/{rel}","templated":true}]}}