{"id":20055,"date":"2026-04-28T13:07:40","date_gmt":"2026-04-28T16:07:40","guid":{"rendered":"https:\/\/conexaodjota.com.br\/?p=20055"},"modified":"2026-04-28T13:07:40","modified_gmt":"2026-04-28T16:07:40","slug":"cresce-numero-de-consumidores-de-livros-em-2025-no-brasil","status":"publish","type":"post","link":"https:\/\/conexaodjota.com.br\/?p=20055","title":{"rendered":"Cresce n\u00famero de consumidores de livros em 2025 no Brasil"},"content":{"rendered":"<blockquote>\n<p><a class=\"\" href=\"https:\/\/agenciabrasil.ebc.com.br\/radioagencia-nacional\/cultura\/audio\/2026-04\/cresce-numero-de-consumidores-de-livros-em-2025-no-brasil\"><br \/>\n                    <img decoding=\"async\" src=\"https:\/\/cdn.jsdelivr.net\/gh\/sergiosdlima\/assets-ebc@1.0.0\/abr\/assets\/images\/logo-agenciabrasil.svg\" alt=\"Logo Ag\u00eancia Brasil\"><br \/>\n\t\t\t\t<\/a><\/p>\n<p>&#8220;Eu me chamo Maria Clara, tenho 18 anos. Desde os meus 8 anos ou at\u00e9 menos, eu comecei a ler por influ\u00eancia dos meus pais. E depois de eu ter lido um livro espec\u00edfico que despertou meu interesse, realmente, em livros de hist\u00f3rias fict\u00edcias.&#8221;<img decoding=\"async\" src=\"https:\/\/agenciabrasil.ebc.com.br\/ebc.png?id=1687504&#038;o=rss\"><img decoding=\"async\" src=\"https:\/\/agenciabrasil.ebc.com.br\/ebc.gif?id=1687504&#038;o=rss\">\n<\/p><\/blockquote>\n<p>A Maria Clara n\u00e3o \u00e9 apenas uma leitora, ela faz parte de uma outra estat\u00edstica que tem mais a ver com o mercado editorial: \u00e9 uma consumidora de livros. O n\u00famero de consumidores de livros cresceu em 2025 no Brasil, de acordo com a pesquisa divulgada pela C\u00e2mara Brasileira do Livro em parceria com a Nielsen BookData.<\/p>\n<\/p>\n<h3>Not\u00edcias relacionadas:<\/h3>\n<ul>\n<li><a href=\"https:\/\/agenciabrasil.ebc.com.br\/educacao\/noticia\/2026-04\/mec-livros-tera-acervo-ampliado-para-25-mil-obras\">MEC Livros ter\u00e1 acervo ampliado para 25 mil obras.<\/a><\/li>\n<li><a href=\"https:\/\/agenciabrasil.ebc.com.br\/educacao\/noticia\/2026-04\/mec-livros-biblioteca-digital-ja-tem-mais-de-meio-milhao-de-usuarios\">MEC Livros: biblioteca digital j\u00e1 tem mais de meio milh\u00e3o de usu\u00e1rios.<\/a><\/li>\n<\/ul>\n<p>Os dados mostram que 18% da popula\u00e7\u00e3o acima de 18 anos comprou ao menos um livro, impresso ou digital, no ano passado. O n\u00famero representa o aumento de dois pontos percentuais \u2014 3 milh\u00f5es de novos consumidores em rela\u00e7\u00e3o a 2024. E, apesar do livro digital ocupar cada vez mais espa\u00e7o na prefer\u00eancia dos leitores, com a Maria Clara \u00e9 diferente.<\/p>\n<blockquote>\n<p>&#8220;Eu prefiro comprar livro f\u00edsico porque os livros digitais geralmente me deixam com dor de cabe\u00e7a de ficar lendo por muito tempo. E acho que prefiro a sensa\u00e7\u00e3o de realmente estar com o livro na minha m\u00e3o, dobrar as p\u00e1ginas e marcar elas com marca-texto&#8230; enfim, eu acho mais proveitoso.<\/p>\n<\/blockquote>\n<p>O estudo &#8216;Panorama do Consumo de Livros&#8217; contou com 16 mil entrevistas realizadas em outubro de 2025, incluindo pessoas que compraram livros ou n\u00e3o no \u00faltimo ano. Das 35 milh\u00f5es de pessoas que n\u00e3o compraram, 28% disseram que foram desmotivadas por falta de livraria ou loja por perto.<\/p>\n<p>Para 35% dos n\u00e3o compradores, os livros s\u00e3o caros. Segundo o levantamento, as mulheres representam 61% do total de consumidores de livros. Considerando o recorte de ra\u00e7a, classe e g\u00eanero, a pesquisa indicou que mulheres negras da classe C s\u00e3o o maior grupo consumidor de livros do pa\u00eds, alcan\u00e7ando 15% do total.<\/p>\n<p>O crescimento deste segmento tamb\u00e9m indica um maior n\u00famero de comunidades virtuais criadas em torno da leitura, como observa o bibliotec\u00e1rio Pedro Castro.<\/p>\n<blockquote>\n<p>&#8220;H\u00e1 uma comunidade virtual muito forte engajando as pessoas. Elas criaram v\u00ednculos. A gente recebe DMs, por exemplo, de pessoas que nunca tinham lido um livro cl\u00e1ssico e que, por conta do clube, est\u00e3o lendo e est\u00e3o gostando. Acho que a leitura deixa de ser algo solit\u00e1rio para ser algo compartilhado, sabe? A leitura se enriquece muito quando voc\u00ea est\u00e1 discutindo com outra pessoa sobre aquele mesmo livro.&#8221;<\/p>\n<\/blockquote>\n<p>A pesquisa apontou tamb\u00e9m que o maior crescimento ocorreu entre jovens na faixa de 18 a 34 anos, com aumento de 3,4 pontos percentuais em rela\u00e7\u00e3o ao ano anterior.<\/p>\n<p>  <span class=\"hms hms-format-m-ss\">3:09<\/span><\/p>\n","protected":false},"excerpt":{"rendered":"<p>&#8220;Eu me chamo Maria Clara, tenho 18 anos. Desde os meus 8 anos ou at\u00e9 menos, eu comecei a ler por influ\u00eancia dos meus pais. E depois de eu ter lido um livro espec\u00edfico que despertou meu interesse, realmente, em livros de hist\u00f3rias fict\u00edcias.&#8221; A Maria Clara n\u00e3o \u00e9 apenas uma leitora, ela faz parte [&hellip;]<\/p>\n","protected":false},"author":302,"featured_media":20056,"comment_status":"open","ping_status":"open","sticky":false,"template":"","format":"standard","meta":{"_monsterinsights_skip_tracking":false,"_monsterinsights_sitenote_active":false,"_monsterinsights_sitenote_note":"","_monsterinsights_sitenote_category":0,"site-sidebar-layout":"default","site-content-layout":"","ast-site-content-layout":"","site-content-style":"default","site-sidebar-style":"default","ast-global-header-display":"","ast-banner-title-visibility":"","ast-main-header-display":"","ast-hfb-above-header-display":"","ast-hfb-below-header-display":"","ast-hfb-mobile-header-display":"","site-post-title":"","ast-breadcrumbs-content":"","ast-featured-img":"","footer-sml-layout":"","theme-transparent-header-meta":"","adv-header-id-meta":"","stick-header-meta":"","header-above-stick-meta":"","header-main-stick-meta":"","header-below-stick-meta":"","astra-migrate-meta-layouts":"default","ast-page-background-enabled":"default","ast-page-background-meta":{"desktop":{"background-color":"var(--ast-global-color-4)","background-image":"","background-repeat":"repeat","background-position":"center center","background-size":"auto","background-attachment":"scroll","background-type":"","background-media":"","overlay-type":"","overlay-color":"","overlay-opacity":"","overlay-gradient":""},"tablet":{"background-color":"","background-image":"","background-repeat":"repeat","background-position":"center center","background-size":"auto","background-attachment":"scroll","background-type":"","background-media":"","overlay-type":"","overlay-color":"","overlay-opacity":"","overlay-gradient":""},"mobile":{"background-color":"","background-image":"","background-repeat":"repeat","background-position":"center center","background-size":"auto","background-attachment":"scroll","background-type":"","background-media":"","overlay-type":"","overlay-color":"","overlay-opacity":"","overlay-gradient":""}},"ast-content-background-meta":{"desktop":{"background-color":"var(--ast-global-color-5)","background-image":"","background-repeat":"repeat","background-position":"center center","background-size":"auto","background-attachment":"scroll","background-type":"","background-media":"","overlay-type":"","overlay-color":"","overlay-opacity":"","overlay-gradient":""},"tablet":{"background-color":"var(--ast-global-color-5)","background-image":"","background-repeat":"repeat","background-position":"center center","background-size":"auto","background-attachment":"scroll","background-type":"","background-media":"","overlay-type":"","overlay-color":"","overlay-opacity":"","overlay-gradient":""},"mobile":{"background-color":"var(--ast-global-color-5)","background-image":"","background-repeat":"repeat","background-position":"center center","background-size":"auto","background-attachment":"scroll","background-type":"","background-media":"","overlay-type":"","overlay-color":"","overlay-opacity":"","overlay-gradient":""}},"footnotes":""},"categories":[85],"tags":[],"class_list":["post-20055","post","type-post","status-publish","format-standard","has-post-thumbnail","hentry","category-cultura"],"aioseo_notices":[],"_links":{"self":[{"href":"https:\/\/conexaodjota.com.br\/index.php?rest_route=\/wp\/v2\/posts\/20055","targetHints":{"allow":["GET"]}}],"collection":[{"href":"https:\/\/conexaodjota.com.br\/index.php?rest_route=\/wp\/v2\/posts"}],"about":[{"href":"https:\/\/conexaodjota.com.br\/index.php?rest_route=\/wp\/v2\/types\/post"}],"author":[{"embeddable":true,"href":"https:\/\/conexaodjota.com.br\/index.php?rest_route=\/wp\/v2\/users\/302"}],"replies":[{"embeddable":true,"href":"https:\/\/conexaodjota.com.br\/index.php?rest_route=%2Fwp%2Fv2%2Fcomments&post=20055"}],"version-history":[{"count":0,"href":"https:\/\/conexaodjota.com.br\/index.php?rest_route=\/wp\/v2\/posts\/20055\/revisions"}],"wp:featuredmedia":[{"embeddable":true,"href":"https:\/\/conexaodjota.com.br\/index.php?rest_route=\/wp\/v2\/media\/20056"}],"wp:attachment":[{"href":"https:\/\/conexaodjota.com.br\/index.php?rest_route=%2Fwp%2Fv2%2Fmedia&parent=20055"}],"wp:term":[{"taxonomy":"category","embeddable":true,"href":"https:\/\/conexaodjota.com.br\/index.php?rest_route=%2Fwp%2Fv2%2Fcategories&post=20055"},{"taxonomy":"post_tag","embeddable":true,"href":"https:\/\/conexaodjota.com.br\/index.php?rest_route=%2Fwp%2Fv2%2Ftags&post=20055"}],"curies":[{"name":"wp","href":"https:\/\/api.w.org\/{rel}","templated":true}]}}