{"id":20051,"date":"2026-04-28T11:01:33","date_gmt":"2026-04-28T14:01:33","guid":{"rendered":"https:\/\/conexaodjota.com.br\/?p=20051"},"modified":"2026-04-28T11:01:33","modified_gmt":"2026-04-28T14:01:33","slug":"prazo-para-isencao-de-taxa-do-enem-2026-termina-nesta-quinta-feira","status":"publish","type":"post","link":"https:\/\/conexaodjota.com.br\/?p=20051","title":{"rendered":"Prazo para isen\u00e7\u00e3o\u202fde taxa\u202fdo Enem 2026 termina nesta quinta-feira"},"content":{"rendered":"<\/p>\n<p><a class=\"\" href=\"https:\/\/agenciabrasil.ebc.com.br\/educacao\/noticia\/2026-04\/prazo-para-isencao-de-taxa-do-enem-2026-termina-nesta-quinta-feira\"><br \/>\n                    <img decoding=\"async\" src=\"https:\/\/cdn.jsdelivr.net\/gh\/sergiosdlima\/assets-ebc@1.0.0\/abr\/assets\/images\/logo-agenciabrasil.svg\" alt=\"Logo Ag\u00eancia Brasil\"><br \/>\n\t\t\t\t<\/a><\/p>\n<p><strong>O prazo para os interessados em solicitar a isen\u00e7\u00e3o da taxa de inscri\u00e7\u00e3o do Exame Nacional do Ensino M\u00e9dio (Enem) 2026 termina \u00e0s 23 horas e 59 minutos desta quinta-feira (30).<\/strong><img decoding=\"async\" src=\"https:\/\/agenciabrasil.ebc.com.br\/ebc.png?id=1687497&#038;o=rss\"><img decoding=\"async\" src=\"https:\/\/agenciabrasil.ebc.com.br\/ebc.gif?id=1687497&#038;o=rss\"><\/p>\n<p>A data tamb\u00e9m vale\u00a0para o candidato que obteve a isen\u00e7\u00e3o de pagamento da taxa de inscri\u00e7\u00e3o do Enem de 2025 e n\u00e3o compareceu \u00e0s provas nos dois dias de aplica\u00e7\u00e3o, em novembro passado,\u00a0se desejar solicitar nova isen\u00e7\u00e3o para o exame.<\/p>\n<\/p>\n<h3>Not\u00edcias relacionadas:<\/h3>\n<ul>\n<li><a href=\"https:\/\/agenciabrasil.ebc.com.br\/educacao\/noticia\/2026-04\/movimento-escoteiro-reune-mais-de-4-mil-pessoas-em-evento-no-rio\">Movimento escoteiro re\u00fane mais de 4 mil pessoas em evento no Rio.<\/a><\/li>\n<li><a href=\"https:\/\/agenciabrasil.ebc.com.br\/educacao\/noticia\/2026-04\/ministerio-da-educacao-inaugura-sede-do-ifsp-em-presidente-prudente\">Minist\u00e9rio da Educa\u00e7\u00e3o inaugura sede do IFSP em Presidente Prudente.<\/a><\/li>\n<li><a href=\"https:\/\/agenciabrasil.ebc.com.br\/educacao\/noticia\/2026-04\/campanha-em-escolas-do-df-alerta-para-prevencao-de-desastre-climatico\">Campanha em escolas do DF alerta para preven\u00e7\u00e3o de desastre clim\u00e1tico.<\/a><\/li>\n<\/ul>\n<p>Os dois procedimentos devem ser feitos exclusivamente na<strong> <a href=\"https:\/\/enem.inep.gov.br\/participante\/#!\/%C2%A0\" target=\"_blank\">P\u00e1gina do Participante<\/a>\u00a0<\/strong>do exame, com o login no portal \u00fanico de servi\u00e7os digitais do governo federal, o Gov.br.<\/p>\n<h2>Quem tem direito<\/h2>\n<p><strong>O Instituto Nacional de Estudos e Pesquisas Educacionais An\u00edsio Teixeira (Inep) prev\u00ea a gratuidade para quem se enquadra nos seguintes perfis:<\/strong><\/p>\n<ul>\n<li>estar matriculado no \u00faltimo ano do ensino m\u00e9dio em escola p\u00fablica (em\u202f2026);<\/li>\n<li>ter cursado todo o ensino m\u00e9dio em escola p\u00fablica ou como bolsista integral em escola privada e possuir renda igual ou inferior a um sal\u00e1rio m\u00ednimo e meio;<\/li>\n<li>ter inscri\u00e7\u00e3o ativa no Cadastro \u00danico para Programas Sociais do governo federal (Cad\u00danico) por estar em situa\u00e7\u00e3o de vulnerabilidade socioecon\u00f4mica. A falta de atualiza\u00e7\u00e3o no Cad\u00danico pode levar ao indeferimento da isen\u00e7\u00e3o no Enem;<\/li>\n<li>ser participante do Programa P\u00e9-de-Meia do Minist\u00e9rio da Educa\u00e7\u00e3o (MEC).<\/li>\n<\/ul>\n<p><strong>Para justificar a aus\u00eancia no exame do ano passado<\/strong>, os documentos aceitos que comprovam as condi\u00e7\u00f5es declaradas est\u00e3o listados no<a href=\"https:\/\/www.in.gov.br\/web\/dou\/-\/edital-n-21-de-25-de-marco-de-2026-696989916\" target=\"_blank\">\u00a0edital<\/a><a href=\"http:\/\/www.in.gov.br\/web\/dou\/-\/edital-n-21-de-25-de-marco-de-2026-696989916\" target=\"_blank\">\u00a0do Enem 2026<\/a> que trata de cada uma das situa\u00e7\u00f5es que podem ser justificadas na \u00faltima edi\u00e7\u00e3o do exame. <strong>Confira <a href=\"https:\/\/agenciabrasil.ebc.com.br\/educacao\/noticia\/2026-04\/enem-2026-saiba-documentacao-para-justificar-ausencia-em-2025\" target=\"_blank\">aqui<\/a><\/strong>.\u00a0\u00a0<\/p>\n<h2>Resultados<\/h2>\n<p>De acordo com o novo calend\u00e1rio, a divulga\u00e7\u00e3o do resultado dos pedidos de isen\u00e7\u00e3o ocorrer\u00e1 em <strong>13 de maio<\/strong>. O per\u00edodo de recursos para quem tiver o pedido negado <strong>estar\u00e1 aberto entre 13 e 19 de maio<\/strong>. O resultado final dos recursos <strong>sair\u00e1 em 25 de maio<\/strong>.<\/p>\n<p>O Inep esclarece que n\u00e3o enviar\u00e1 qualquer tipo de correspond\u00eancia \u00e0 resid\u00eancia do participante para informar quaisquer resultados da justificativa de aus\u00eancia no Enem 2025\u00a0e da solicita\u00e7\u00e3o de isen\u00e7\u00e3o de pagamento da taxa de inscri\u00e7\u00e3o no Enem 2026.\u00a0<\/p>\n<p><strong>\u00c9 obriga\u00e7\u00e3o do participante acessar a P\u00e1gina do Participante do Enem e consultar o resultado.<\/strong><\/p>\n<h2>Inscri\u00e7\u00e3o<\/h2>\n<p>Independentemente do resultado do pedido de\u202fisen\u00e7\u00e3o, o estudante precisar\u00e1 fazer a inscri\u00e7\u00e3o no\u202fEnem em <strong>per\u00edodo a ser anunciado<\/strong> no futuro edital do exame neste ano.<\/p>\n<p>A inscri\u00e7\u00e3o no Enem \u00e9 <strong>obrigat\u00f3ria<\/strong>, mesmo para quem solicitou a isen\u00e7\u00e3o e teve o deferimento concedido.<\/p>\n<p>O candidato que teve o pedido do recurso de isen\u00e7\u00e3o negado em definitivo\u00a0em <strong>25 de maio<\/strong>,\u00a0dever\u00e1 pagar a taxa para se inscrever no exame.<\/p>\n<h2>Enem<\/h2>\n<p>O Exame Nacional do Ensino M\u00e9dio \u00e9 considerado a principal forma de entrada na educa\u00e7\u00e3o superior no Brasil, por meio de programas federais como Sistema de Sele\u00e7\u00e3o Unificada (Sisu), Programa Universidade para Todos (Prouni) e Fundo de Financiamento Estudantil (Fies).<\/p>\n<p>Desde a edi\u00e7\u00e3o de 2025, o Enem voltou a certificar a conclus\u00e3o dessa etapa de ensino para os candidatos com 18 anos completos e que tamb\u00e9m alcancem a pontua\u00e7\u00e3o m\u00ednima em cada \u00e1rea do conhecimento nas provas e na reda\u00e7\u00e3o.<\/p>\n<p><strong>Os resultados individuais do Enem tamb\u00e9m podem ser aproveitados nos processos seletivos de institui\u00e7\u00f5es de ensino superior de Portugal\u00a0que t\u00eam conv\u00eanio com o Inep para aceitarem as notas do exame.<\/strong><\/p>\n","protected":false},"excerpt":{"rendered":"<p>O prazo para os interessados em solicitar a isen\u00e7\u00e3o da taxa de inscri\u00e7\u00e3o do Exame Nacional do Ensino M\u00e9dio (Enem) 2026 termina \u00e0s 23 horas e 59 minutos desta quinta-feira (30). A data tamb\u00e9m vale\u00a0para o candidato que obteve a isen\u00e7\u00e3o de pagamento da taxa de inscri\u00e7\u00e3o do Enem de 2025 e n\u00e3o compareceu \u00e0s [&hellip;]<\/p>\n","protected":false},"author":8,"featured_media":20052,"comment_status":"open","ping_status":"open","sticky":false,"template":"","format":"standard","meta":{"_monsterinsights_skip_tracking":false,"_monsterinsights_sitenote_active":false,"_monsterinsights_sitenote_note":"","_monsterinsights_sitenote_category":0,"site-sidebar-layout":"default","site-content-layout":"","ast-site-content-layout":"","site-content-style":"default","site-sidebar-style":"default","ast-global-header-display":"","ast-banner-title-visibility":"","ast-main-header-display":"","ast-hfb-above-header-display":"","ast-hfb-below-header-display":"","ast-hfb-mobile-header-display":"","site-post-title":"","ast-breadcrumbs-content":"","ast-featured-img":"","footer-sml-layout":"","theme-transparent-header-meta":"","adv-header-id-meta":"","stick-header-meta":"","header-above-stick-meta":"","header-main-stick-meta":"","header-below-stick-meta":"","astra-migrate-meta-layouts":"default","ast-page-background-enabled":"default","ast-page-background-meta":{"desktop":{"background-color":"var(--ast-global-color-4)","background-image":"","background-repeat":"repeat","background-position":"center center","background-size":"auto","background-attachment":"scroll","background-type":"","background-media":"","overlay-type":"","overlay-color":"","overlay-opacity":"","overlay-gradient":""},"tablet":{"background-color":"","background-image":"","background-repeat":"repeat","background-position":"center center","background-size":"auto","background-attachment":"scroll","background-type":"","background-media":"","overlay-type":"","overlay-color":"","overlay-opacity":"","overlay-gradient":""},"mobile":{"background-color":"","background-image":"","background-repeat":"repeat","background-position":"center center","background-size":"auto","background-attachment":"scroll","background-type":"","background-media":"","overlay-type":"","overlay-color":"","overlay-opacity":"","overlay-gradient":""}},"ast-content-background-meta":{"desktop":{"background-color":"var(--ast-global-color-5)","background-image":"","background-repeat":"repeat","background-position":"center center","background-size":"auto","background-attachment":"scroll","background-type":"","background-media":"","overlay-type":"","overlay-color":"","overlay-opacity":"","overlay-gradient":""},"tablet":{"background-color":"var(--ast-global-color-5)","background-image":"","background-repeat":"repeat","background-position":"center center","background-size":"auto","background-attachment":"scroll","background-type":"","background-media":"","overlay-type":"","overlay-color":"","overlay-opacity":"","overlay-gradient":""},"mobile":{"background-color":"var(--ast-global-color-5)","background-image":"","background-repeat":"repeat","background-position":"center center","background-size":"auto","background-attachment":"scroll","background-type":"","background-media":"","overlay-type":"","overlay-color":"","overlay-opacity":"","overlay-gradient":""}},"footnotes":""},"categories":[47],"tags":[],"class_list":["post-20051","post","type-post","status-publish","format-standard","has-post-thumbnail","hentry","category-educacao"],"aioseo_notices":[],"_links":{"self":[{"href":"https:\/\/conexaodjota.com.br\/index.php?rest_route=\/wp\/v2\/posts\/20051","targetHints":{"allow":["GET"]}}],"collection":[{"href":"https:\/\/conexaodjota.com.br\/index.php?rest_route=\/wp\/v2\/posts"}],"about":[{"href":"https:\/\/conexaodjota.com.br\/index.php?rest_route=\/wp\/v2\/types\/post"}],"author":[{"embeddable":true,"href":"https:\/\/conexaodjota.com.br\/index.php?rest_route=\/wp\/v2\/users\/8"}],"replies":[{"embeddable":true,"href":"https:\/\/conexaodjota.com.br\/index.php?rest_route=%2Fwp%2Fv2%2Fcomments&post=20051"}],"version-history":[{"count":0,"href":"https:\/\/conexaodjota.com.br\/index.php?rest_route=\/wp\/v2\/posts\/20051\/revisions"}],"wp:featuredmedia":[{"embeddable":true,"href":"https:\/\/conexaodjota.com.br\/index.php?rest_route=\/wp\/v2\/media\/20052"}],"wp:attachment":[{"href":"https:\/\/conexaodjota.com.br\/index.php?rest_route=%2Fwp%2Fv2%2Fmedia&parent=20051"}],"wp:term":[{"taxonomy":"category","embeddable":true,"href":"https:\/\/conexaodjota.com.br\/index.php?rest_route=%2Fwp%2Fv2%2Fcategories&post=20051"},{"taxonomy":"post_tag","embeddable":true,"href":"https:\/\/conexaodjota.com.br\/index.php?rest_route=%2Fwp%2Fv2%2Ftags&post=20051"}],"curies":[{"name":"wp","href":"https:\/\/api.w.org\/{rel}","templated":true}]}}