{"id":17211,"date":"2026-02-12T19:16:52","date_gmt":"2026-02-12T22:16:52","guid":{"rendered":"https:\/\/conexaodjota.com.br\/?p=17211"},"modified":"2026-02-12T19:16:52","modified_gmt":"2026-02-12T22:16:52","slug":"arthur-elias-convoca-selecao-feminina-para-primeiros-amistosos-do-ano","status":"publish","type":"post","link":"https:\/\/conexaodjota.com.br\/?p=17211","title":{"rendered":"Arthur Elias convoca sele\u00e7\u00e3o feminina para primeiros amistosos do ano"},"content":{"rendered":"<\/p>\n<p><a class=\"\" href=\"https:\/\/agenciabrasil.ebc.com.br\/esportes\/noticia\/2026-02\/arthur-elias-convoca-selecao-feminina-para-primeiros-amistosos-do-ano\"><br \/>\n                    <img decoding=\"async\" src=\"https:\/\/cdn.jsdelivr.net\/gh\/sergiosdlima\/assets-ebc@1.0.0\/abr\/assets\/images\/logo-agenciabrasil.svg\" alt=\"Logo Ag\u00eancia Brasil\"><br \/>\n\t\t\t\t<\/a><\/p>\n<p>O t\u00e9cnico Arthur Elias convocou a sele\u00e7\u00e3o brasileira feminina nesta quinta-feira (12) para os primeiros amistosos do ano, como parte da prepara\u00e7\u00e3o para a Copa do Mundo de 2027, no Brasil. A novidade na lista de 26 convocadas para enfrentar Costa Rica, Venezuela e M\u00e9xico \u00e9 a catarinense Maiara Carolina Niehues (clube Angel City\/EUA), que ganha a primeira oportunidade na Amarelinha aos 21 anos de idade.<img decoding=\"async\" src=\"https:\/\/agenciabrasil.ebc.com.br\/ebc.png?id=1678065&#038;o=rss\"><img decoding=\"async\" src=\"https:\/\/agenciabrasil.ebc.com.br\/ebc.gif?id=1678065&#038;o=rss\"><\/p>\n<p>Seis\u00a0atletas voltam \u00e0 sele\u00e7\u00e3o para os amistosos fora de casa nos dias 27 de fevereiro (Costa Rica), 4 de mar\u00e7o (Venezuela) e 7 de mar\u00e7o (M\u00e9xico). Entre elas est\u00e1 a meio-campista Luana, que superou um c\u00e2ncer no sistema linf\u00e1tico (Linfoma de Hodgkin) e voltou a atuar pelo Orlando Pride (EUA) em setembro, ap\u00f3s um ano em quatro meses de tratamento. Tamb\u00e9m retornaram ao elenco Tamires, Gi Fernandes, Adriana, Jheniffer e Jaque.<\/p>\n<blockquote class=\"twitter-tweet\">\n<p dir=\"ltr\" lang=\"pt\" xml:lang=\"pt\">\n<h3>Not\u00edcias relacionadas:<\/h3>\n<ul>\n<li><a href=\"https:\/\/agenciabrasil.ebc.com.br\/esportes\/noticia\/2026-02\/selecao-feminina-fara-amistosos-contra-costa-rica-venezuela-e-mexico\">Sele\u00e7\u00e3o feminina far\u00e1 amistosos contra Costa Rica, Venezuela e M\u00e9xico.<\/a><\/li>\n<li><a href=\"https:\/\/agenciabrasil.ebc.com.br\/esportes\/noticia\/2025-11\/brasil-sera-uma-das-sedes-da-edicao-feminina-da-fifa-series\">Brasil ser\u00e1 uma das sedes da edi\u00e7\u00e3o feminina da Fifa Series.<\/a><\/li>\n<li><a href=\"https:\/\/agenciabrasil.ebc.com.br\/esportes\/noticia\/2026-02\/em-cuiaba-mixto-e-flamengo-abrem-brasileirao-feminino-nesta-quinta\">Em Cuiab\u00e1, Mixto e Flamengo abrem Brasileir\u00e3o Feminino nesta quinta.<\/a><\/li>\n<\/ul>\n<p>SELE\u00c7\u00c3O BRASILEIRA CONVOCADA! \ud83c\udde7\ud83c\uddf7<\/p>\n<p>O t\u00e9cnico Arthur Elias divulgou a lista das atletas que v\u00e3o representar o Brasil nos amistosos contra Costa Rica, Venezuela e M\u00e9xico.<\/p>\n<p>Que venham os primeiros compromissos de 2026! \ud83d\udcaa\u2728<a href=\"https:\/\/twitter.com\/hashtag\/Sele%C3%A7%C3%A3oFeminina?src=hash&#038;ref_src=twsrc%5Etfw\">#Sele\u00e7\u00e3oFeminina<\/a> <a href=\"https:\/\/t.co\/tFTfNXnKi3\">pic.twitter.com\/tFTfNXnKi3<\/a><br \/>\n\u2014 Sele\u00e7\u00e3o Feminina de Futebol (@SelecaoFeminina) <a href=\"https:\/\/twitter.com\/SelecaoFeminina\/status\/2021956265002287238?ref_src=twsrc%5Etfw\">February 12, 2026<\/a><\/p><\/blockquote>\n<p><script async=\"\" src=\"https:\/\/platform.twitter.com\/widgets.js\" charset=\"utf-8\"><\/script><\/p>\n<p>\u201cA gente vive momentos diferentes em cada liga e em cada pa\u00eds na temporada, ent\u00e3o a prioridade foi trazer jogadoras que j\u00e1 atuaram ou est\u00e3o iniciando as competi\u00e7\u00f5es, jogadoras que j\u00e1 tiveram o per\u00edodo de pr\u00e9-temporada completo, e que entendemos que est\u00e3o mais bem preparadas\u201d, disse o treinador durante coletiva na sede da CBF, no Rio de Janeiro.<\/p>\n<p>Ap\u00f3s quase dois anos longe da Amarelinha, Luana entrou na rela\u00e7\u00e3o de Arthur Elias para os\u00a0\u00faltimos amistosos do Brasil antes do<a href=\"https:\/\/agenciabrasil.ebc.com.br\/esportes\/noticia\/2025-11\/brasil-sera-uma-das-sedes-da-edicao-feminina-da-fifa-series\"><strong> Fifa S\u00e9ries,<\/strong><\/a> em abril, que reunir\u00e1 ainda Canad\u00e1, Z\u00e2mbia e Coreia do Sul.<\/p>\n<p>\u201cO retorno \u00e9 para a gente trazer a Luana para perto da sele\u00e7\u00e3o, uma jogadora que tem caracter\u00edsticas distintas das meio-campistas que a gente vem colocando. \u00c9 uma jogadora que tem caracter\u00edsticas distintas das meio-campista que a gente vem colocando. \u00c9 muito experiente, j\u00e1 trabalhei com ela muitos anos, sei das qualidades que ela tem para facilmente se encaixar no jogo da sele\u00e7\u00e3o\u201d, destacou o treinador.<\/p>\n<blockquote class=\"instagram-media\" data-instgrm-captioned=\"\" data-instgrm-permalink=\"https:\/\/www.instagram.com\/p\/DTv98JoAJP_\/?utm_source=ig_embed&#038;utm_campaign=loading\" data-instgrm-version=\"14\">\n<div>\n<div>\n<div>\u00a0<\/div>\n<div>\n<div>\u00a0<\/div>\n<div>\u00a0<\/div>\n<\/div>\n<\/div>\n<div>\u00a0<\/div>\n<div><a href=\"https:\/\/www.instagram.com\/p\/DTv98JoAJP_\/?utm_source=ig_embed&#038;utm_campaign=loading\" target=\"_blank\"><svg height=\"50px\" version=\"1.1\" viewbox=\"0 0 60 60\" width=\"50px\" xmlns=\"https:\/\/www.w3.org\/2000\/svg\" xmlns:xlink=\"https:\/\/www.w3.org\/1999\/xlink\"><g fill=\"none\" fill-rule=\"evenodd\" stroke=\"none\" stroke-width=\"1\"><g fill=\"#000000\" transform=\"translate(-511.000000, -20.000000)\"><g><path d=\"M556.869,30.41 C554.814,30.41 553.148,32.076 553.148,34.131 C553.148,36.186 554.814,37.852 556.869,37.852 C558.924,37.852 560.59,36.186 560.59,34.131 C560.59,32.076 558.924,30.41 556.869,30.41 M541,60.657 C535.114,60.657 530.342,55.887 530.342,50 C530.342,44.114 535.114,39.342 541,39.342 C546.887,39.342 551.658,44.114 551.658,50 C551.658,55.887 546.887,60.657 541,60.657 M541,33.886 C532.1,33.886 524.886,41.1 524.886,50 C524.886,58.899 532.1,66.113 541,66.113 C549.9,66.113 557.115,58.899 557.115,50 C557.115,41.1 549.9,33.886 541,33.886 M565.378,62.101 C565.244,65.022 564.756,66.606 564.346,67.663 C563.803,69.06 563.154,70.057 562.106,71.106 C561.058,72.155 560.06,72.803 558.662,73.347 C557.607,73.757 556.021,74.244 553.102,74.378 C549.944,74.521 548.997,74.552 541,74.552 C533.003,74.552 532.056,74.521 528.898,74.378 C525.979,74.244 524.393,73.757 523.338,73.347 C521.94,72.803 520.942,72.155 519.894,71.106 C518.846,70.057 518.197,69.06 517.654,67.663 C517.244,66.606 516.755,65.022 516.623,62.101 C516.479,58.943 516.448,57.996 516.448,50 C516.448,42.003 516.479,41.056 516.623,37.899 C516.755,34.978 517.244,33.391 517.654,32.338 C518.197,30.938 518.846,29.942 519.894,28.894 C520.942,27.846 521.94,27.196 523.338,26.654 C524.393,26.244 525.979,25.756 528.898,25.623 C532.057,25.479 533.004,25.448 541,25.448 C548.997,25.448 549.943,25.479 553.102,25.623 C556.021,25.756 557.607,26.244 558.662,26.654 C560.06,27.196 561.058,27.846 562.106,28.894 C563.154,29.942 563.803,30.938 564.346,32.338 C564.756,33.391 565.244,34.978 565.378,37.899 C565.522,41.056 565.552,42.003 565.552,50 C565.552,57.996 565.522,58.943 565.378,62.101 M570.82,37.631 C570.674,34.438 570.167,32.258 569.425,30.349 C568.659,28.377 567.633,26.702 565.965,25.035 C564.297,23.368 562.623,22.342 560.652,21.575 C558.743,20.834 556.562,20.326 553.369,20.18 C550.169,20.033 549.148,20 541,20 C532.853,20 531.831,20.033 528.631,20.18 C525.438,20.326 523.257,20.834 521.349,21.575 C519.376,22.342 517.703,23.368 516.035,25.035 C514.368,26.702 513.342,28.377 512.574,30.349 C511.834,32.258 511.326,34.438 511.181,37.631 C511.035,40.831 511,41.851 511,50 C511,58.147 511.035,59.17 511.181,62.369 C511.326,65.562 511.834,67.743 512.574,69.651 C513.342,71.625 514.368,73.296 516.035,74.965 C517.703,76.634 519.376,77.658 521.349,78.425 C523.257,79.167 525.438,79.673 528.631,79.82 C531.831,79.965 532.853,80.001 541,80.001 C549.148,80.001 550.169,79.965 553.369,79.82 C556.562,79.673 558.743,79.167 560.652,78.425 C562.623,77.658 564.297,76.634 565.965,74.965 C567.633,73.296 568.659,71.625 569.425,69.651 C570.167,67.743 570.674,65.562 570.82,62.369 C570.966,59.17 571,58.147 571,50 C571,41.851 570.966,40.831 570.82,37.631\"><\/path><\/g><\/g><\/g><\/svg><\/a><\/div>\n<div>\n<div><a href=\"https:\/\/www.instagram.com\/p\/DTv98JoAJP_\/?utm_source=ig_embed&#038;utm_campaign=loading\" target=\"_blank\">Ver essa foto no Instagram<\/a><\/div>\n<\/div>\n<div>\u00a0<\/div>\n<div>\n<div>\n<div>\u00a0<\/div>\n<div>\u00a0<\/div>\n<div>\u00a0<\/div>\n<\/div>\n<div>\n<div>\u00a0<\/div>\n<div>\u00a0<\/div>\n<\/div>\n<div>\n<div>\u00a0<\/div>\n<div>\u00a0<\/div>\n<div>\u00a0<\/div>\n<\/div>\n<\/div>\n<div>\n<div>\u00a0<\/div>\n<div>\u00a0<\/div>\n<\/div>\n<p><a href=\"https:\/\/www.instagram.com\/p\/DTv98JoAJP_\/?utm_source=ig_embed&#038;utm_campaign=loading\" target=\"_blank\">Um post compartilhado por Luana Bertolucci (@luanabertolucci10)<\/a><\/p>\n<\/div>\n<\/blockquote>\n<p><script async=\"\" src=\"\/\/www.instagram.com\/embed.js\"><\/script><\/p>\n<p>Quem tamb\u00e9m voltar\u00e1 a vestir a Amarelinha ser\u00e1 a lateral esquerda Tamires, de 38 anos, que brilhou com o elenco do\u00a0Corinthians no primeiro Mundial de Clubes feminino no final de janeiro. A atleta n\u00e3o era convocada por Elias\u00a0\u00a0desde a conquista da prata ol\u00edmpica em Paris 2024. \u00a0<\/p>\n<p>\u201cA gente sabe que, pela idade, muitas pessoas questionam at\u00e9 como elas [as jogadoras] v\u00e3o chegar para a Copa do Mundo, mas voc\u00eas viram o que a [Gabi] Zanotti fez na convoca\u00e7\u00e3o, fez agora no Interclubes, e a Tamires tamb\u00e9m\u201d, lembrou o t\u00e9cnico. \u201cA Tamires tem muita experi\u00eancia na sele\u00e7\u00e3o brasileira, fez competi\u00e7\u00e3o agora no come\u00e7o do ano, n\u00e3o vejo neste momento outras laterais melhores do que ela. \u00c9 um retorno que me deixa muito contente por m\u00e9rito da Tamires, pelo que ela fez, A sele\u00e7\u00e3o est\u00e1 aberta para todas as jogadoras, independente de idade\u201d, concluiu.<\/p>\n<p>Antes da coletiva do treinador, a diretora de sele\u00e7\u00f5es femininas Cris Gambar\u00e9 anunciou que a sele\u00e7\u00e3o far\u00e1 um amistoso contra os Estados Unidos no Brasil, entre o dia 1\u00ba e\u00a09 de junho (Data Fifa), em local ainda a ser definido.\u00a0<\/p>\n<h2>Amistosos<\/h2>\n<p>Brasil x Costa Rica\u00a0&#8211; 27 de fevereiro &#8211; Estadio Alejandro Morera Soto, em Alajuela &#8211; 22h<\/p>\n<p>Brasil x Venezuela\u00a0&#8211; 4 de mar\u00e7o &#8211; Centro de Treinamento da Federa\u00e7\u00e3o Mexicana de Futebol, em Toluca &#8211; 18h<\/p>\n<p>Brasil x M\u00e9xico\u00a0&#8211; 7 de mar\u00e7o &#8211; Est\u00e1dio Ciudad de los Deportes, na Cidade do M\u00e9xico &#8211; 20h<\/p>\n<h2>Convocadas<\/h2>\n<p><strong>GOLEIRAS<\/strong><\/p>\n<p>Lel\u00ea &#8211; Corinthians<\/p>\n<p>Tha\u00eds &#8211; Benfica (POR)<\/p>\n<p>Cl\u00e1udia &#8211; Cruzeiro<\/p>\n<p><strong>DEFENSORAS<\/strong><\/p>\n<p>Tarciane &#8211; Lyon (FRA)<\/p>\n<p>Mariza &#8211; Tigres (MEX)<\/p>\n<p>Tha\u00eds Ferreira &#8211; Corinthians<\/p>\n<p>Lauren &#8211; Atl\u00e9tico de Madrid (ESP)<\/p>\n<p>Yasmim &#8211; Real Madrid (ESP)<\/p>\n<p>F\u00ea Palermo &#8211; Palmeiras<\/p>\n<p>Tamires &#8211; Corinthians<\/p>\n<p>Gi Fernandes &#8211; Corinthians<\/p>\n<p>Bela &#8211; PSG (FRA)<\/p>\n<p><strong>MEIO-CAMPISTAS<\/strong><\/p>\n<p>Duda Sampaio &#8211; Corinthians<\/p>\n<p>Ana Vit\u00f3ria &#8211; Corinthians<\/p>\n<p>Maiara &#8211; Angel City (EUA)<\/p>\n<p>Brena &#8211; Palmeiras<\/p>\n<p>Luana &#8211; Orlando Pride (EUA)<\/p>\n<p><strong>ATACANTES<\/strong><\/p>\n<p>Kerolin &#8211; Manchester City (ING)<\/p>\n<p>Bia Zaneratto &#8211; Palmeiras<\/p>\n<p>Tain\u00e1 Maranh\u00e3o &#8211; Palmeiras<\/p>\n<p>Gabi Zanotti &#8211; Corinthians<\/p>\n<p>Jheniffer &#8211; Tigres (MEX)<\/p>\n<p>Luany &#8211; Atl\u00e9tico de Madrid (ESP)<\/p>\n<p>Jaque &#8211; Corinthians<\/p>\n<p>Adriana &#8211; Al-Qadsiah (SAU)<\/p>\n<p>Geyse &#8211; Am\u00e9rica (MEX)<\/p>\n","protected":false},"excerpt":{"rendered":"<p>O t\u00e9cnico Arthur Elias convocou a sele\u00e7\u00e3o brasileira feminina nesta quinta-feira (12) para os primeiros amistosos do ano, como parte da prepara\u00e7\u00e3o para a Copa do Mundo de 2027, no Brasil. A novidade na lista de 26 convocadas para enfrentar Costa Rica, Venezuela e M\u00e9xico \u00e9 a catarinense Maiara Carolina Niehues (clube Angel City\/EUA), que [&hellip;]<\/p>\n","protected":false},"author":6,"featured_media":17212,"comment_status":"open","ping_status":"open","sticky":false,"template":"","format":"standard","meta":{"_monsterinsights_skip_tracking":false,"_monsterinsights_sitenote_active":false,"_monsterinsights_sitenote_note":"","_monsterinsights_sitenote_category":0,"site-sidebar-layout":"default","site-content-layout":"","ast-site-content-layout":"","site-content-style":"default","site-sidebar-style":"default","ast-global-header-display":"","ast-banner-title-visibility":"","ast-main-header-display":"","ast-hfb-above-header-display":"","ast-hfb-below-header-display":"","ast-hfb-mobile-header-display":"","site-post-title":"","ast-breadcrumbs-content":"","ast-featured-img":"","footer-sml-layout":"","theme-transparent-header-meta":"","adv-header-id-meta":"","stick-header-meta":"","header-above-stick-meta":"","header-main-stick-meta":"","header-below-stick-meta":"","astra-migrate-meta-layouts":"default","ast-page-background-enabled":"default","ast-page-background-meta":{"desktop":{"background-color":"var(--ast-global-color-4)","background-image":"","background-repeat":"repeat","background-position":"center center","background-size":"auto","background-attachment":"scroll","background-type":"","background-media":"","overlay-type":"","overlay-color":"","overlay-opacity":"","overlay-gradient":""},"tablet":{"background-color":"","background-image":"","background-repeat":"repeat","background-position":"center center","background-size":"auto","background-attachment":"scroll","background-type":"","background-media":"","overlay-type":"","overlay-color":"","overlay-opacity":"","overlay-gradient":""},"mobile":{"background-color":"","background-image":"","background-repeat":"repeat","background-position":"center center","background-size":"auto","background-attachment":"scroll","background-type":"","background-media":"","overlay-type":"","overlay-color":"","overlay-opacity":"","overlay-gradient":""}},"ast-content-background-meta":{"desktop":{"background-color":"var(--ast-global-color-5)","background-image":"","background-repeat":"repeat","background-position":"center center","background-size":"auto","background-attachment":"scroll","background-type":"","background-media":"","overlay-type":"","overlay-color":"","overlay-opacity":"","overlay-gradient":""},"tablet":{"background-color":"var(--ast-global-color-5)","background-image":"","background-repeat":"repeat","background-position":"center center","background-size":"auto","background-attachment":"scroll","background-type":"","background-media":"","overlay-type":"","overlay-color":"","overlay-opacity":"","overlay-gradient":""},"mobile":{"background-color":"var(--ast-global-color-5)","background-image":"","background-repeat":"repeat","background-position":"center center","background-size":"auto","background-attachment":"scroll","background-type":"","background-media":"","overlay-type":"","overlay-color":"","overlay-opacity":"","overlay-gradient":""}},"footnotes":""},"categories":[45],"tags":[],"class_list":["post-17211","post","type-post","status-publish","format-standard","has-post-thumbnail","hentry","category-esportes"],"aioseo_notices":[],"_links":{"self":[{"href":"https:\/\/conexaodjota.com.br\/index.php?rest_route=\/wp\/v2\/posts\/17211","targetHints":{"allow":["GET"]}}],"collection":[{"href":"https:\/\/conexaodjota.com.br\/index.php?rest_route=\/wp\/v2\/posts"}],"about":[{"href":"https:\/\/conexaodjota.com.br\/index.php?rest_route=\/wp\/v2\/types\/post"}],"author":[{"embeddable":true,"href":"https:\/\/conexaodjota.com.br\/index.php?rest_route=\/wp\/v2\/users\/6"}],"replies":[{"embeddable":true,"href":"https:\/\/conexaodjota.com.br\/index.php?rest_route=%2Fwp%2Fv2%2Fcomments&post=17211"}],"version-history":[{"count":0,"href":"https:\/\/conexaodjota.com.br\/index.php?rest_route=\/wp\/v2\/posts\/17211\/revisions"}],"wp:featuredmedia":[{"embeddable":true,"href":"https:\/\/conexaodjota.com.br\/index.php?rest_route=\/wp\/v2\/media\/17212"}],"wp:attachment":[{"href":"https:\/\/conexaodjota.com.br\/index.php?rest_route=%2Fwp%2Fv2%2Fmedia&parent=17211"}],"wp:term":[{"taxonomy":"category","embeddable":true,"href":"https:\/\/conexaodjota.com.br\/index.php?rest_route=%2Fwp%2Fv2%2Fcategories&post=17211"},{"taxonomy":"post_tag","embeddable":true,"href":"https:\/\/conexaodjota.com.br\/index.php?rest_route=%2Fwp%2Fv2%2Ftags&post=17211"}],"curies":[{"name":"wp","href":"https:\/\/api.w.org\/{rel}","templated":true}]}}