{"id":17185,"date":"2026-02-12T07:43:59","date_gmt":"2026-02-12T10:43:59","guid":{"rendered":"https:\/\/conexaodjota.com.br\/?p=17185"},"modified":"2026-02-12T07:43:59","modified_gmt":"2026-02-12T10:43:59","slug":"em-cuiaba-mixto-e-flamengo-abrem-brasileirao-feminino-nesta-quinta","status":"publish","type":"post","link":"https:\/\/conexaodjota.com.br\/?p=17185","title":{"rendered":"Em Cuiab\u00e1, Mixto e Flamengo abrem Brasileir\u00e3o Feminino nesta quinta"},"content":{"rendered":"<\/p>\n<p><a class=\"\" href=\"https:\/\/agenciabrasil.ebc.com.br\/esportes\/noticia\/2026-02\/em-cuiaba-mixto-e-flamengo-abrem-brasileirao-feminino-nesta-quinta\"><br \/>\n                    <img decoding=\"async\" src=\"https:\/\/cdn.jsdelivr.net\/gh\/sergiosdlima\/assets-ebc@1.0.0\/abr\/assets\/images\/logo-agenciabrasil.svg\" alt=\"Logo Ag\u00eancia Brasil\"><br \/>\n\t\t\t\t<\/a><\/p>\n<p>A partida de abertura da edi\u00e7\u00e3o 2026 da S\u00e9rie A1 (primeira divis\u00e3o) do Campeonato Brasileiro Feminino de futebol ser\u00e1 transmitida ao vivo pela<strong>\u00a0<a href=\"https:\/\/tvbrasil.ebc.com.br\/\">TV Brasil.<\/a><\/strong> Nesta quinta-feira (12), a partir de 21h (de Bras\u00edlia &#8211; 20h no hor\u00e1rio local), a bola rola para Mixto e Flamengo, no Est\u00e1dio Eurico Gaspar Dutra, o Dutrinha, em Cuiab\u00e1.<img decoding=\"async\" src=\"https:\/\/agenciabrasil.ebc.com.br\/ebc.png?id=1677798&#038;o=rss\"><img decoding=\"async\" src=\"https:\/\/agenciabrasil.ebc.com.br\/ebc.gif?id=1677798&#038;o=rss\"><\/p>\n<p>A equipe da casa disputa a elite do Brasileir\u00e3o pela terceira vez. A \u00faltima foi em 2015. As Tigresas, que ca\u00edram nas quartas de final da S\u00e9rie A2 (segunda divis\u00e3o) em 2025, herdaram uma das vagas deixadas por Real Bras\u00edlia e Fortaleza, que encerrarem os respectivos departamentos da modalidade. O Vit\u00f3ria ficou com a outra.<\/p>\n<\/p>\n<h3>Not\u00edcias relacionadas:<\/h3>\n<ul>\n<li><a href=\"https:\/\/agenciabrasil.ebc.com.br\/esportes\/noticia\/2026-02\/brasileirao-feminino-2026-tem-datas-horarios-e-locais-definidos\">Brasileir\u00e3o Feminino 2026 tem datas, hor\u00e1rios e locais definidos.<\/a><\/li>\n<li><a href=\"https:\/\/agenciabrasil.ebc.com.br\/esportes\/noticia\/2026-01\/apos-2-anos-nos-eua-bia-zaneratto-retorna-ao-palmeiras-e-vestira-10\">Ap\u00f3s 2 anos nos EUA, Bia Zaneratto retorna ao Palmeiras e vestir\u00e1 a 10.<\/a><\/li>\n<li><a href=\"https:\/\/agenciabrasil.ebc.com.br\/esportes\/noticia\/2026-02\/cbf-divulga-datas-e-horarios-dos-jogos-da-1a-fase-da-copa-do-brasil\">CBF divulga datas e hor\u00e1rios dos jogos da 1\u00aa fase da Copa do Brasil .<\/a><\/li>\n<\/ul>\n<p>O Flamengo \u00e9 o segundo time com mais presen\u00e7as na competi\u00e7\u00e3o nacional, organizada\u00a0desde 2013 pela CBF, atr\u00e1s apenas da Ferrovi\u00e1ria. Ser\u00e1 a 12\u00aa participa\u00e7\u00e3o das Meninas da G\u00e1vea, \u00fanica equipe\u00a0fora do estado S\u00e3o Paulo a j\u00e1 ter sido campe\u00e3 (2016). \u00a0<\/p>\n<blockquote class=\"instagram-media\" data-instgrm-captioned=\"\" data-instgrm-permalink=\"https:\/\/www.instagram.com\/p\/DUnj3qjDb6E\/?utm_source=ig_embed&#038;utm_campaign=loading\" data-instgrm-version=\"14\">\n<div>\n<div>\n<div>\u00a0<\/div>\n<div>\n<div>\u00a0<\/div>\n<div>\u00a0<\/div>\n<\/div>\n<\/div>\n<div>\u00a0<\/div>\n<div><a href=\"https:\/\/www.instagram.com\/p\/DUnj3qjDb6E\/?utm_source=ig_embed&#038;utm_campaign=loading\" target=\"_blank\"><svg height=\"50px\" version=\"1.1\" viewbox=\"0 0 60 60\" width=\"50px\" xmlns=\"https:\/\/www.w3.org\/2000\/svg\" xmlns:xlink=\"https:\/\/www.w3.org\/1999\/xlink\"><g fill=\"none\" fill-rule=\"evenodd\" stroke=\"none\" stroke-width=\"1\"><g fill=\"#000000\" transform=\"translate(-511.000000, -20.000000)\"><g><path d=\"M556.869,30.41 C554.814,30.41 553.148,32.076 553.148,34.131 C553.148,36.186 554.814,37.852 556.869,37.852 C558.924,37.852 560.59,36.186 560.59,34.131 C560.59,32.076 558.924,30.41 556.869,30.41 M541,60.657 C535.114,60.657 530.342,55.887 530.342,50 C530.342,44.114 535.114,39.342 541,39.342 C546.887,39.342 551.658,44.114 551.658,50 C551.658,55.887 546.887,60.657 541,60.657 M541,33.886 C532.1,33.886 524.886,41.1 524.886,50 C524.886,58.899 532.1,66.113 541,66.113 C549.9,66.113 557.115,58.899 557.115,50 C557.115,41.1 549.9,33.886 541,33.886 M565.378,62.101 C565.244,65.022 564.756,66.606 564.346,67.663 C563.803,69.06 563.154,70.057 562.106,71.106 C561.058,72.155 560.06,72.803 558.662,73.347 C557.607,73.757 556.021,74.244 553.102,74.378 C549.944,74.521 548.997,74.552 541,74.552 C533.003,74.552 532.056,74.521 528.898,74.378 C525.979,74.244 524.393,73.757 523.338,73.347 C521.94,72.803 520.942,72.155 519.894,71.106 C518.846,70.057 518.197,69.06 517.654,67.663 C517.244,66.606 516.755,65.022 516.623,62.101 C516.479,58.943 516.448,57.996 516.448,50 C516.448,42.003 516.479,41.056 516.623,37.899 C516.755,34.978 517.244,33.391 517.654,32.338 C518.197,30.938 518.846,29.942 519.894,28.894 C520.942,27.846 521.94,27.196 523.338,26.654 C524.393,26.244 525.979,25.756 528.898,25.623 C532.057,25.479 533.004,25.448 541,25.448 C548.997,25.448 549.943,25.479 553.102,25.623 C556.021,25.756 557.607,26.244 558.662,26.654 C560.06,27.196 561.058,27.846 562.106,28.894 C563.154,29.942 563.803,30.938 564.346,32.338 C564.756,33.391 565.244,34.978 565.378,37.899 C565.522,41.056 565.552,42.003 565.552,50 C565.552,57.996 565.522,58.943 565.378,62.101 M570.82,37.631 C570.674,34.438 570.167,32.258 569.425,30.349 C568.659,28.377 567.633,26.702 565.965,25.035 C564.297,23.368 562.623,22.342 560.652,21.575 C558.743,20.834 556.562,20.326 553.369,20.18 C550.169,20.033 549.148,20 541,20 C532.853,20 531.831,20.033 528.631,20.18 C525.438,20.326 523.257,20.834 521.349,21.575 C519.376,22.342 517.703,23.368 516.035,25.035 C514.368,26.702 513.342,28.377 512.574,30.349 C511.834,32.258 511.326,34.438 511.181,37.631 C511.035,40.831 511,41.851 511,50 C511,58.147 511.035,59.17 511.181,62.369 C511.326,65.562 511.834,67.743 512.574,69.651 C513.342,71.625 514.368,73.296 516.035,74.965 C517.703,76.634 519.376,77.658 521.349,78.425 C523.257,79.167 525.438,79.673 528.631,79.82 C531.831,79.965 532.853,80.001 541,80.001 C549.148,80.001 550.169,79.965 553.369,79.82 C556.562,79.673 558.743,79.167 560.652,78.425 C562.623,77.658 564.297,76.634 565.965,74.965 C567.633,73.296 568.659,71.625 569.425,69.651 C570.167,67.743 570.674,65.562 570.82,62.369 C570.966,59.17 571,58.147 571,50 C571,41.851 570.966,40.831 570.82,37.631\"><\/path><\/g><\/g><\/g><\/svg><\/a><\/div>\n<div>\n<div><a href=\"https:\/\/www.instagram.com\/p\/DUnj3qjDb6E\/?utm_source=ig_embed&#038;utm_campaign=loading\" target=\"_blank\">Ver essa foto no Instagram<\/a><\/div>\n<\/div>\n<div>\u00a0<\/div>\n<div>\n<div>\n<div>\u00a0<\/div>\n<div>\u00a0<\/div>\n<div>\u00a0<\/div>\n<\/div>\n<div>\n<div>\u00a0<\/div>\n<div>\u00a0<\/div>\n<\/div>\n<div>\n<div>\u00a0<\/div>\n<div>\u00a0<\/div>\n<div>\u00a0<\/div>\n<\/div>\n<\/div>\n<div>\n<div>\u00a0<\/div>\n<div>\u00a0<\/div>\n<\/div>\n<p><a href=\"https:\/\/www.instagram.com\/p\/DUnj3qjDb6E\/?utm_source=ig_embed&#038;utm_campaign=loading\" target=\"_blank\">Um post compartilhado por Flamengo Futebol Feminino (@flamengofutebolfeminino)<\/a><\/p>\n<\/div>\n<\/blockquote>\n<p><script async=\"\" src=\"\/\/www.instagram.com\/embed.js\"><\/script><\/p>\n<p>Para o retorno \u00e0 primeira divis\u00e3o ap\u00f3s 11 anos, o Mixto aposta em um elenco experiente. Entre os refor\u00e7os, est\u00e3o a goleira Tha\u00eds Helena, de 38 anos, ex-Atl\u00e9tico-MG e vice-campe\u00e3 do mundo pela sele\u00e7\u00e3o brasileira em 2007; e a meia paraguaia Fany Gauto, 31 anos, com passagens por Ferrovi\u00e1ria e Internacional. O t\u00e9cnico \u00e9 Adilson Galdino, tricampe\u00e3o da Libertadores pelo S\u00e3o Jos\u00e9 e que levou a equipe do interior paulista \u00e0 conquista, no Jap\u00e3o, do Mundial de Clubes em 2014 &#8211; a competi\u00e7\u00e3o n\u00e3o tem chancela da Federa\u00e7\u00e3o Internacional de Futebol (Fifa).<\/p>\n<p>O Flamengo, por sua vez, promoveu uma mudan\u00e7a na estrat\u00e9gia voltada \u00e0 equipe feminina para 2025, com a redu\u00e7\u00e3o no investimento na modalidade e maior aproveitamento da base. O clube manteve suas principais estrelas, casos da meia e capit\u00e3 Djeni e da centroavante Cristiane, mas liberou jogadoras importantes, como a zagueira Agustina Barroso, que foi para o Corinthians, e a atacante Gl\u00e1ucia, refor\u00e7o do Palmeiras.<\/p>\n<p>A expectativa \u00e9 que ao menos 10\u00a0jogadoras da base reforcem o time\u00a0comandado por Celso Silva, que assumiu ap\u00f3s a sa\u00edda de Rosana Augusto, justamente pela readequa\u00e7\u00e3o or\u00e7ament\u00e1ria da modalidade. A equipe sub-20 do Rubro-Negro ficou com o vice do Brasileir\u00e3o em 2025, mas conquistou o bi da Copinha Feminina e teve seis atletas convocadas para defender o Brasil no Campeonato Sul-Americano da categoria, que est\u00e1 em andamento.<\/p>\n<p>A primeira rodada segue na sexta-feira (13), tamb\u00e9m \u00e0s 21h, com a estreia do Palmeiras, atual\u00a0campe\u00e3\u00a0da Copa (e da Supercopa) do Brasil. Na Arena Crefisa, em Barueri (SP), as Palestrinas recebem o Am\u00e9rica-MG, em mais um duelo exibido ao vivo pela\u00a0<strong>TV Brasil.<\/strong><\/p>\n<div class=\"dnd-widget-wrapper context-cheio_8colunas type-image\">\n<div class=\"dnd-atom-rendered\"><!-- scald=437168:cheio_8colunas --><br \/>\n            <img decoding=\"async\" src=\"https:\/\/agenciabrasil.ebc.com.br\/sites\/default\/files\/thumbnails\/image\/loading_v2.gif\" data-echo=\"https:\/\/imagens.ebc.com.br\/0RL0ido3u_VuDTGrMUDXEPwiPUI=\/754x0\/smart\/https:\/\/agenciabrasil.ebc.com.br\/sites\/default\/files\/thumbnails\/image\/2025\/09\/14\/54785784362_c97f105edd_o.jpg?itok=s8BFk6sK\" alt=\"corinthians, cruzeiro, brasileiro feminino\" title=\"Staff Images Woman\/CBF\/Direitos Reservados\"><br \/>\n        <noscript><img decoding=\"async\" src=\"https:\/\/imagens.ebc.com.br\/0RL0ido3u_VuDTGrMUDXEPwiPUI=\/754x0\/smart\/https:\/\/agenciabrasil.ebc.com.br\/sites\/default\/files\/thumbnails\/image\/2025\/09\/14\/54785784362_c97f105edd_o.jpg?itok=s8BFk6sK\" alt=\"corinthians, cruzeiro, brasileiro feminino\" title=\"Staff Images Woman\/CBF\/Direitos Reservados\"><\/noscript><br \/>\n    <!-- END scald=437168 --><\/div>\n<div class=\"dnd-caption-wrapper\">\n<div class=\"meta\">As Brabas estrear\u00e3o na pr\u00f3xima sexta (13) contra o Atl\u00e9tico-MG em Belo Horizonte. A equipe paulista conta com refor\u00e7os de peso nesta temporada. Al\u00e9m do retorno da\u00a0\u00a0volante Ana Vit\u00f3ria (ex-Atl\u00e9tico de Madrid), o clube contratou a atacante uruguaia Bel\u00e9n Aquino (ex-Internacional)\u00a0\u00a0&#8211; <strong>Staff Images Woman\/CBF\/Direitos Reservados<\/strong><!--END copyright=437168--><\/div>\n<\/div>\n<\/div>\n<p>O regulamento se assemelha ao dos anos anteriores. A diferen\u00e7a est\u00e1 no n\u00famero de participantes. S\u00e3o 18, ao inv\u00e9s dos 16 das \u00faltimas nove edi\u00e7\u00f5es. Na primeira fase, as equipes se enfrentam em turno \u00fanico. As oito melhores v\u00e3o \u00e0s quartas de final e as duas piores caem \u00e0 S\u00e9rie A2. No mata-mata, s\u00e3o jogos de ida e volta. Segundo a tabela da CBF, o campe\u00e3o ser\u00e1 conhecido no dia 4 de outubro.<\/p>\n<p>Atual hexacampe\u00e3o e dono de sete t\u00edtulos, o Corinthians estreia sexta (13), \u00e0s 21h. As Brabas medem for\u00e7as com o Atl\u00e9tico-MG &#8211; que retornou \u00e0 elite ao lado de Santos e Botafogo &#8211; na Arena MRV, em Belo Horizonte. Favorito, o Tim\u00e3o esteve presente nas \u00faltimas nove finais e ostenta um aproveitamento de 81,7% em jogos pelo Brasileir\u00e3o.<\/p>\n<p>Entre os refor\u00e7os trazidos para 2026, destaques ao retorno da volante Ana Vit\u00f3ria, que estava no Atl\u00e9tico de Madrid, da Espanha, e \u00e0 chegada da atacante uruguaia Bel\u00e9n Aquino, ex-Internacional. Elas iniciaram o ano sendo titulares na Copa das Campe\u00e3s da Fifa e na Supercopa do Brasil. O Corinthians foi vice em ambas, respectivamente, para Arsenal, da Inglaterra, e Palmeiras.<\/p>\n<div class=\"dnd-widget-wrapper context-cheio_8colunas type-image\">\n<div class=\"dnd-atom-rendered\"><!-- scald=452743:cheio_8colunas --><br \/>\n            <img decoding=\"async\" src=\"https:\/\/agenciabrasil.ebc.com.br\/sites\/default\/files\/thumbnails\/image\/loading_v2.gif\" data-echo=\"https:\/\/imagens.ebc.com.br\/bA-cx_9uo2hp7AL4XkEkNpdF1Jk=\/754x0\/smart\/https:\/\/agenciabrasil.ebc.com.br\/sites\/default\/files\/thumbnails\/image\/2026\/02\/11\/supercopa_feminina_a_feminino_supercopa_feminina_07022026_3_16ac811f39.jpg?itok=_DkuWe1x\" alt=\"Palmeiras \u00e9 campe\u00e3o da Supercopa Feminina 2026, ap\u00f3s vit\u00f3ria sobre o Corinthians nos p\u00eanaltis \" title=\"Rafael Ribeiro\/CBF\/Direitos Reservados\"><br \/>\n        <noscript><img decoding=\"async\" src=\"https:\/\/imagens.ebc.com.br\/bA-cx_9uo2hp7AL4XkEkNpdF1Jk=\/754x0\/smart\/https:\/\/agenciabrasil.ebc.com.br\/sites\/default\/files\/thumbnails\/image\/2026\/02\/11\/supercopa_feminina_a_feminino_supercopa_feminina_07022026_3_16ac811f39.jpg?itok=_DkuWe1x\" alt=\"Palmeiras \u00e9 campe\u00e3o da Supercopa Feminina 2026, ap\u00f3s vit\u00f3ria sobre o Corinthians nos p\u00eanaltis \" title=\"Rafael Ribeiro\/CBF\/Direitos Reservados\"><\/noscript><br \/>\n    <!-- END scald=452743 --><\/div>\n<div class=\"dnd-caption-wrapper\">\n<div class=\"meta\">No \u00faltimo s\u00e1bado (7), as Palestrinas conquistaram a Supercopa Feminina ao derrotarem as Brabas nos p\u00eanaltis. De olho no t\u00edtulo do Brasileir\u00e3o\u00a02027, o Alviverde investiu no retorno da atacante Bia Zaneratto ao elenco &#8211; <strong>Rafael Ribeiro\/CBF\/Direitos Reservados<\/strong><!--END copyright=452743--><\/div>\n<\/div>\n<\/div>\n<p>As Palestrinas t\u00eam sido a pedra no sapato do arquirrival. Nas quatro finais entre as equipes, elas levaram a melhor nas tr\u00eas \u00faltimas &#8211; o Palmeiras tamb\u00e9m conquistou as edi\u00e7\u00f5es de 2024 e 2025 do Campeonato Paulista em cima do Corinthians. A exce\u00e7\u00e3o foi justamente a \u00fanica vez que os times decidiram o Brasileir\u00e3o, em 2021. Semifinalista no ano passado, o Verd\u00e3o trouxe refor\u00e7os de peso para sair do quase. A volta de Bia Zaneratto para suprir a sa\u00edda da tamb\u00e9m atacante Amanda Gutierres foi a principal contrata\u00e7\u00e3o.<\/p>\n<p>Algoz alviverde em 2025, o Cruzeiro trouxe 11 caras novas e manteve a espinha dorsal do time vice-campe\u00e3o brasileiro, apesar da sa\u00edda de Isa Haas, negociada com o Am\u00e9rica, do M\u00e9xico. A tamb\u00e9m zagueira Tainara, ex-Bayern de Munique, da Alemanha, veio para o lugar. A diretoria reservou R$ 16 milh\u00f5es &#8211; 6,67% a mais que em 2025 &#8211; para a temporada, que ter\u00e1 a estreia das Cabulosas na Libertadores Feminina, ao lado de Corinthians e Palmeiras.<\/p>\n<h2>Jogos da primeira rodada do Brasileir\u00e3o Feminino<\/h2>\n<p>12\/02 &#8211; 21h: Mixto x Flamengo &#8211; Dutrinha, em Cuiab\u00e1 &#8211; transmiss\u00e3o<strong>\u00a0TV Brasil<\/strong><\/p>\n<p>13\/02 &#8211; 21h: Palmeiras x Am\u00e9rica-MG &#8211; Arena Crefisa, em Barueri (SP) &#8211; transmiss\u00e3o\u00a0<strong>TV Brasil<\/strong><\/p>\n<p>13\/02 &#8211; 21h: Atl\u00e9tico-MG x Corinthians &#8211; Arena MRV, em Belo Horizonte<\/p>\n<p>14\/02 &#8211; 15h: Fluminense x Vit\u00f3ria &#8211; Luso-Brasileiro, no Rio de Janeiro<\/p>\n<p>14\/02 &#8211; 16h: Botafogo x Juventude &#8211; Nilton Santos, no Rio de Janeiro<\/p>\n<p>14\/02 &#8211; 18h: Bahia x Cruzeiro &#8211; Pitua\u00e7u, em Salvador<\/p>\n<p>15\/02 &#8211; 17h: Red Bull Bragantino x Ferrovi\u00e1ria &#8211; Centro de Performance &#038; Desenvolvimento, em Atibaia (SP)<\/p>\n<p>16\/02 &#8211; 19h: Santos x Gr\u00eamio &#8211; Vila Belmiro, em Santos (SP)<\/p>\n<p>16\/02 &#8211; 20h: Internacional x S\u00e3o Paulo &#8211; Sesc Protasio Alves, em Porto Alegre<\/p>\n","protected":false},"excerpt":{"rendered":"<p>A partida de abertura da edi\u00e7\u00e3o 2026 da S\u00e9rie A1 (primeira divis\u00e3o) do Campeonato Brasileiro Feminino de futebol ser\u00e1 transmitida ao vivo pela\u00a0TV Brasil. Nesta quinta-feira (12), a partir de 21h (de Bras\u00edlia &#8211; 20h no hor\u00e1rio local), a bola rola para Mixto e Flamengo, no Est\u00e1dio Eurico Gaspar Dutra, o Dutrinha, em Cuiab\u00e1. A [&hellip;]<\/p>\n","protected":false},"author":112,"featured_media":17186,"comment_status":"open","ping_status":"open","sticky":false,"template":"","format":"standard","meta":{"_monsterinsights_skip_tracking":false,"_monsterinsights_sitenote_active":false,"_monsterinsights_sitenote_note":"","_monsterinsights_sitenote_category":0,"site-sidebar-layout":"default","site-content-layout":"","ast-site-content-layout":"","site-content-style":"default","site-sidebar-style":"default","ast-global-header-display":"","ast-banner-title-visibility":"","ast-main-header-display":"","ast-hfb-above-header-display":"","ast-hfb-below-header-display":"","ast-hfb-mobile-header-display":"","site-post-title":"","ast-breadcrumbs-content":"","ast-featured-img":"","footer-sml-layout":"","theme-transparent-header-meta":"","adv-header-id-meta":"","stick-header-meta":"","header-above-stick-meta":"","header-main-stick-meta":"","header-below-stick-meta":"","astra-migrate-meta-layouts":"default","ast-page-background-enabled":"default","ast-page-background-meta":{"desktop":{"background-color":"var(--ast-global-color-4)","background-image":"","background-repeat":"repeat","background-position":"center center","background-size":"auto","background-attachment":"scroll","background-type":"","background-media":"","overlay-type":"","overlay-color":"","overlay-opacity":"","overlay-gradient":""},"tablet":{"background-color":"","background-image":"","background-repeat":"repeat","background-position":"center center","background-size":"auto","background-attachment":"scroll","background-type":"","background-media":"","overlay-type":"","overlay-color":"","overlay-opacity":"","overlay-gradient":""},"mobile":{"background-color":"","background-image":"","background-repeat":"repeat","background-position":"center center","background-size":"auto","background-attachment":"scroll","background-type":"","background-media":"","overlay-type":"","overlay-color":"","overlay-opacity":"","overlay-gradient":""}},"ast-content-background-meta":{"desktop":{"background-color":"var(--ast-global-color-5)","background-image":"","background-repeat":"repeat","background-position":"center center","background-size":"auto","background-attachment":"scroll","background-type":"","background-media":"","overlay-type":"","overlay-color":"","overlay-opacity":"","overlay-gradient":""},"tablet":{"background-color":"var(--ast-global-color-5)","background-image":"","background-repeat":"repeat","background-position":"center center","background-size":"auto","background-attachment":"scroll","background-type":"","background-media":"","overlay-type":"","overlay-color":"","overlay-opacity":"","overlay-gradient":""},"mobile":{"background-color":"var(--ast-global-color-5)","background-image":"","background-repeat":"repeat","background-position":"center center","background-size":"auto","background-attachment":"scroll","background-type":"","background-media":"","overlay-type":"","overlay-color":"","overlay-opacity":"","overlay-gradient":""}},"footnotes":""},"categories":[45],"tags":[],"class_list":["post-17185","post","type-post","status-publish","format-standard","has-post-thumbnail","hentry","category-esportes"],"aioseo_notices":[],"_links":{"self":[{"href":"https:\/\/conexaodjota.com.br\/index.php?rest_route=\/wp\/v2\/posts\/17185","targetHints":{"allow":["GET"]}}],"collection":[{"href":"https:\/\/conexaodjota.com.br\/index.php?rest_route=\/wp\/v2\/posts"}],"about":[{"href":"https:\/\/conexaodjota.com.br\/index.php?rest_route=\/wp\/v2\/types\/post"}],"author":[{"embeddable":true,"href":"https:\/\/conexaodjota.com.br\/index.php?rest_route=\/wp\/v2\/users\/112"}],"replies":[{"embeddable":true,"href":"https:\/\/conexaodjota.com.br\/index.php?rest_route=%2Fwp%2Fv2%2Fcomments&post=17185"}],"version-history":[{"count":0,"href":"https:\/\/conexaodjota.com.br\/index.php?rest_route=\/wp\/v2\/posts\/17185\/revisions"}],"wp:featuredmedia":[{"embeddable":true,"href":"https:\/\/conexaodjota.com.br\/index.php?rest_route=\/wp\/v2\/media\/17186"}],"wp:attachment":[{"href":"https:\/\/conexaodjota.com.br\/index.php?rest_route=%2Fwp%2Fv2%2Fmedia&parent=17185"}],"wp:term":[{"taxonomy":"category","embeddable":true,"href":"https:\/\/conexaodjota.com.br\/index.php?rest_route=%2Fwp%2Fv2%2Fcategories&post=17185"},{"taxonomy":"post_tag","embeddable":true,"href":"https:\/\/conexaodjota.com.br\/index.php?rest_route=%2Fwp%2Fv2%2Ftags&post=17185"}],"curies":[{"name":"wp","href":"https:\/\/api.w.org\/{rel}","templated":true}]}}