{"id":16933,"date":"2026-02-06T08:00:39","date_gmt":"2026-02-06T11:00:39","guid":{"rendered":"https:\/\/conexaodjota.com.br\/?p=16933"},"modified":"2026-02-06T08:00:39","modified_gmt":"2026-02-06T11:00:39","slug":"cerimonia-abre-olimpiada-de-inverno-milao-cortina-2026-nesta-sexta","status":"publish","type":"post","link":"https:\/\/conexaodjota.com.br\/?p=16933","title":{"rendered":"Cerim\u00f4nia abre Olimp\u00edada de Inverno MIl\u00e3o-Cortina 2026 nesta sexta"},"content":{"rendered":"<\/p>\n<p><a class=\"\" href=\"https:\/\/agenciabrasil.ebc.com.br\/esportes\/noticia\/2026-02\/cerimonia-abre-olimpiada-de-inverno-milao-cortina-2026-nesta-sexta\"><br \/>\n                    <img decoding=\"async\" src=\"https:\/\/cdn.jsdelivr.net\/gh\/sergiosdlima\/assets-ebc@1.0.0\/abr\/assets\/images\/logo-agenciabrasil.svg\" alt=\"Logo Ag\u00eancia Brasil\"><br \/>\n\t\t\t\t<\/a><\/p>\n<p>Os Jogos Ol\u00edmpicos de Inverno Mil\u00e3o-Cortina come\u00e7am oficialmente nesta sexta-feira (6) na It\u00e1lia, com a realiza\u00e7\u00e3o da cerim\u00f4nia de abertura, a partir das 16h (hor\u00e1rio de Bras\u00edlia), no Est\u00e1dio San Siro, em Mil\u00e3o. <a href=\"https:\/\/agenciabrasil.ebc.com.br\/esportes\/noticia\/2024-08\/rebeca-e-ouro-no-solo-e-vira-maior-medalhista-olimpica-do-brasil\"><strong>Maior medalhista ol\u00edmpica do Brasil, a ginasta Rebeca Andrade<\/strong><\/a> conduzir\u00e1 a bandeira ol\u00edmpica ao lado de outras sete personalidades tamb\u00e9m convidadas pelo Comit\u00ea Ol\u00edmpico Internacional (COI) e a organiza\u00e7\u00e3o dos Jogos. Os porta-bandeiras da delega\u00e7\u00e3o brasileira ser\u00e3o os atletas Nicole Silveira (skeleton) e Lucas Pinheiro Braathen (esqui alpino).<img decoding=\"async\" src=\"https:\/\/agenciabrasil.ebc.com.br\/ebc.png?id=1677258&#038;o=rss\"><img decoding=\"async\" src=\"https:\/\/agenciabrasil.ebc.com.br\/ebc.gif?id=1677258&#038;o=rss\"><\/p>\n<blockquote class=\"twitter-tweet\">\n<p dir=\"ltr\" lang=\"pt\" xml:lang=\"pt\">Rebeca Andrade vai carregar a bandeira Ol\u00edmpica na Cerim\u00f4nia de Abertura dos Jogos Ol\u00edmpicos de Inverno <a href=\"https:\/\/twitter.com\/hashtag\/MilanoCortina2026?src=hash&#038;ref_src=twsrc%5Etfw\">#MilanoCortina2026<\/a>! \ud83d\udc51 A ginasta \u00e9 a maior medalhista Ol\u00edmpica do Brasil, com seis medalhas conquistadas. <a href=\"https:\/\/twitter.com\/hashtag\/Olympics?src=hash&#038;ref_src=twsrc%5Etfw\">#Olympics<\/a> <a href=\"https:\/\/twitter.com\/hashtag\/WinterOlympics?src=hash&#038;ref_src=twsrc%5Etfw\">#WinterOlympics<\/a> <a href=\"https:\/\/t.co\/dlyQpEi3iE\">pic.twitter.com\/dlyQpEi3iE<\/a><\/p>\n<p>\u2014 Jogos Ol\u00edmpicos (@JogosOlimpicos) <a href=\"https:\/\/twitter.com\/JogosOlimpicos\/status\/2018775305180389563?ref_src=twsrc%5Etfw\">February 3, 2026<\/a><\/p><\/blockquote>\n<p><script async=\"\" src=\"https:\/\/platform.twitter.com\/widgets.js\" charset=\"utf-8\"><\/script><\/p>\n<h3>Not\u00edcias relacionadas:<\/h3>\n<ul>\n<li><a href=\"https:\/\/agenciabrasil.ebc.com.br\/esportes\/noticia\/2026-01\/cob-anuncia-os-14-convocados-para-olimpiada-de-inverno-milao-cortina\">COB anuncia os 14 convocados para a Olimp\u00edada de Inverno Mil\u00e3o-Cortina.<\/a><\/li>\n<li><a href=\"https:\/\/agenciabrasil.ebc.com.br\/esportes\/noticia\/2026-01\/comite-paralimpico-faz-1a-convocacao-para-jogos-de-inverno-na-italia\">Comit\u00ea Paral\u00edmpico faz 1\u00aa convoca\u00e7\u00e3o para Jogos de Inverno, na It\u00e1lia.<\/a><\/li>\n<li><a href=\"https:\/\/agenciabrasil.ebc.com.br\/esportes\/noticia\/2026-02\/olimpiada-greenpeace-faz-protesto-em-milao-contra-empresas-poluidoras\">Olimp\u00edada: Greenpeace faz protesto em Mil\u00e3o contra empresas poluidoras.<\/a><\/li>\n<\/ul>\n<p>A festa de abertura ocorrer\u00e1 simultaneamente nas cidades de Predazzo, Livigno e Cortina d\u2019Ampezzo. Ao longo da cerim\u00f4nia, est\u00e3o programadas apresenta\u00e7\u00f5es de grandes nomes da m\u00fasica internacional, como os cantores Andrea Bocelli e Laura Pausini -ambos italianos \u2013, Mariah Carey (Estados Unidos) e o pianista chin\u00eas Lang Lang, integrante da Orquestra Filarm\u00f4nica de Viena.<\/p>\n<p>A Olimp\u00edada de inverno re\u00fane mais 3 mil atletas de 90 pa\u00edses, nos pr\u00f3ximos 15 dias. Entre eles, estar\u00e3o <a href=\"https:\/\/agenciabrasil.ebc.com.br\/esportes\/noticia\/2026-01\/cob-anuncia-os-14-convocados-para-olimpiada-de-inverno-milao-cortina\"><strong>14 brasileiros que representar\u00e3o o pa\u00eds<\/strong><\/a> em cinco das 16 modalidades do evento: bobsled, esqui alpino, esqui cross-country, skeleton e snowboard. Algumas modalidades \u2013 curling, h\u00f3quei no gelo e snowboard &#8211; \u00a0iniciaram as disputas antes mesmo da abertura dos Jogos, na \u00faltima quarta (4).<\/p>\n<p>O Brasil tem chances de levar uma medalha in\u00e9dita nos Jogos de Inverno, ap\u00f3s <a href=\"https:\/\/agenciabrasil.ebc.com.br\/esportes\/noticia\/2026-01\/lucas-pinheiro-e-prata-em-copa-do-mundo-de-esqui-na-suica\"><strong>Lucas Pinheiro Braathen<\/strong><\/a>,<a href=\"https:\/\/agenciabrasil.ebc.com.br\/esportes\/noticia\/2026-01\/skeleton-nicole-silveira-e-bronze-em-etapa-da-copa-do-mundo-na-suica\"><strong> Nicole Silveira<\/strong><\/a> e<strong> <\/strong>Pat Burgener (snowboard) subirem ao p\u00f3dio em etapas da Copa do Mundo, na atual temporada, iniciada em novembro. At\u00e9 hoje, o melhor resultado da hist\u00f3ria foi obtido h\u00e1 uma d\u00e9cada pela carioca Isabel Clark, que ficou na nona coloca\u00e7\u00e3o no snowboard cross, durante os Jogos de Turim (It\u00e1lia). \u00a0<\/p>\n<blockquote class=\"twitter-tweet\">\n<p dir=\"ltr\" lang=\"pt\" xml:lang=\"pt\">A BANDEIRA BRASILEIRA ESTAR\u00c1 EM BOAS M\u00c3OS! \ud83c\udde7\ud83c\uddf7<\/p>\n<p>Com voc\u00eas, os porta-bandeiras do <a href=\"https:\/\/twitter.com\/hashtag\/TimeBrasil?src=hash&#038;ref_src=twsrc%5Etfw\">#TimeBrasil<\/a> nos Jogos Ol\u00edmpicos de Inverno Mil\u00e3o-Cortina 2026. \ud83e\udd29<\/p>\n<p>Lucas Pinheiro Braathen, do esqui alpino, vai desfilar na cerim\u00f4nia do est\u00e1dio San Siro, em Mil\u00e3o. J\u00e1 Nicole Silveira, do skeleton,\u2026 <a href=\"https:\/\/t.co\/WJ3YKjWIQk\">pic.twitter.com\/WJ3YKjWIQk<\/a><\/p>\n<p>\u2014 Time Brasil (@timebrasil) <a href=\"https:\/\/twitter.com\/timebrasil\/status\/2019193858316173441?ref_src=twsrc%5Etfw\">February 4, 2026<\/a><\/p><\/blockquote>\n<p><script async=\"\" src=\"https:\/\/platform.twitter.com\/widgets.js\" charset=\"utf-8\"><\/script><\/p>\n<p>Os primeiros brasileiros a estrear em Mil\u00e3o-Cortina Jogos ser\u00e3o Bruna Moura, Eduarda Ribera e Manex Silva, que disputar\u00e3o as provas classificat\u00f3rias de esqui cross-country (corrida de velocidade), a partir das 5h15 (hor\u00e1rio de Bras\u00edlia), na cidade de Tesero. J\u00e1 as \u00faltimas competi\u00e7\u00f5es ser\u00e3o com os atletas do bobsled 4-man (Edson Bindilatti, Davidson de Souza, Rafael Souza, Lu\u00eds Bacca e Gustavo Ferreira), \u00a0na cidde de Cortina d\u2019Ampezzo, a partir das 6h de 22 de fevereiro, dia do encerramento dos Jogos.<\/p>\n<h2>Agenda do Brasil em Mil\u00e3o-Cortina<\/h2>\n<p>TER\u00c7A-FEIRA (10)<\/p>\n<p>5h15 &#8211; Esqui Cross-Country \u2014 Sprint feminino (prova classificat\u00f3ria) \u2013 Bruna Moura, Eduarda Ribera<\/p>\n<p>5h55 &#8211; Esqui Cross-Country \u2014 Sprint masculino (classificat\u00f3ria) \u2013 Manex Silva<\/p>\n<p>QUARTA (11)<\/p>\n<p>15h30 e 16h27 &#8211; Snowboard Halfpipe \u2014 Classifica\u00e7\u00e3o masculina (descida 1 e 2) \u2013 Pat Burgener, Augustinho Teixeira<\/p>\n<p>QUINTA (12)<\/p>\n<p>9h &#8211; Esqui Cross-Country \u2014 10 km feminino (t\u00e9cnica livre) \u2013 Bruna Moura, Eduarda Ribera<\/p>\n<p>SEXTA (13)<\/p>\n<p>7h45 &#8211; Esqui Cross-Country \u2014 10 km masculino (t\u00e9cnica livre) \u2013 Manex Silva<\/p>\n<p>12h e 13h48 \u2013 Skeleton \u2014 Descidas 1 e 2 (feminino) \u2013 Nicole Silveira<\/p>\n<p>15h30 &#8211; Snowboard Halfpipe \u2014 Final masculina (3 descidas)<\/p>\n<p>S\u00c1BADO (14)<\/p>\n<p>6h e 9h30 &#8211; Esqui Alpino \u2014 Slalom gigante masculino \u00a0(descidas 1 e 2) \u2013 Lucas Pinheiro Braathen<\/p>\n<p>14h e 15h44 &#8211; Skeleton \u2014 Descidas 3 e 4 (feminino) \u2013 Nicole Silveira<\/p>\n<p>SEGUNDA (16)<\/p>\n<p>6h e 7h57 \u2013 Bobsled 2-man \u2014 Descidas 1 e 2 \u2013 equipe: Edson Bindilatti, Davidson de Souza, Rafael Souza, Lu\u00eds Bacca e Gustavo Ferreira*<\/p>\n<p>6h e 9h30 &#8211; Esqui Alpino \u2014 Slalom masculino \u2013 descidas 1 e 2 &#8211; Lucas Braathen<\/p>\n<p>TER\u00c7A (17)<\/p>\n<p>15h e 17h05 &#8211; \u00a0Bobsled 2-man \u2014 Descidas 3 e 4 \u2013 equipe: Edson Bindilatti, Davidson de Souza, Rafael Souza, Lu\u00eds Bacca e Gustavo Ferreira*<\/p>\n<p>QUARTA (18)<\/p>\n<p>5h45 \u2013 Esqui Cross-Country \u2014 Sprint por equipes femininas (classificat\u00f3ria) &#8211; Eduarda Ribera e Bruna Moura<\/p>\n<p>6h e 9h30 &#8211; Esqui Alpino \u2014 Slalom feminino \u2013 descidas 1 e 2 \u2013 Alice Padilha<\/p>\n<p>S\u00c1BADO (21)<\/p>\n<p>6h e 7h57 &#8211; Bobsled 4-man \u2014 Descidas 1 e 2 \u2013 Brasil &#8211; equipe: Edson Bindilatti, Davidson de Souza, Rafael Souza, Lu\u00eds Bacca e Gustavo Ferreira*<\/p>\n<p>DOMINGO (22)<\/p>\n<p>6h e 8h15 \u00a0Bobsled 4-man \u2014 Descidas 3 e 4 \u2013 Brasil &#8211; equipe: Edson Bindilatti, Davidson de Souza, Rafael Souza, Lu\u00eds Bacca e Gustavo Ferreira*<\/p>\n<p><em>* duplas e quartetos ainda ser\u00e3o definidos<\/em><\/p>\n","protected":false},"excerpt":{"rendered":"<p>Os Jogos Ol\u00edmpicos de Inverno Mil\u00e3o-Cortina come\u00e7am oficialmente nesta sexta-feira (6) na It\u00e1lia, com a realiza\u00e7\u00e3o da cerim\u00f4nia de abertura, a partir das 16h (hor\u00e1rio de Bras\u00edlia), no Est\u00e1dio San Siro, em Mil\u00e3o. Maior medalhista ol\u00edmpica do Brasil, a ginasta Rebeca Andrade conduzir\u00e1 a bandeira ol\u00edmpica ao lado de outras sete personalidades tamb\u00e9m convidadas pelo [&hellip;]<\/p>\n","protected":false},"author":6,"featured_media":16934,"comment_status":"open","ping_status":"open","sticky":false,"template":"","format":"standard","meta":{"_monsterinsights_skip_tracking":false,"_monsterinsights_sitenote_active":false,"_monsterinsights_sitenote_note":"","_monsterinsights_sitenote_category":0,"site-sidebar-layout":"default","site-content-layout":"","ast-site-content-layout":"","site-content-style":"default","site-sidebar-style":"default","ast-global-header-display":"","ast-banner-title-visibility":"","ast-main-header-display":"","ast-hfb-above-header-display":"","ast-hfb-below-header-display":"","ast-hfb-mobile-header-display":"","site-post-title":"","ast-breadcrumbs-content":"","ast-featured-img":"","footer-sml-layout":"","theme-transparent-header-meta":"","adv-header-id-meta":"","stick-header-meta":"","header-above-stick-meta":"","header-main-stick-meta":"","header-below-stick-meta":"","astra-migrate-meta-layouts":"default","ast-page-background-enabled":"default","ast-page-background-meta":{"desktop":{"background-color":"var(--ast-global-color-4)","background-image":"","background-repeat":"repeat","background-position":"center center","background-size":"auto","background-attachment":"scroll","background-type":"","background-media":"","overlay-type":"","overlay-color":"","overlay-opacity":"","overlay-gradient":""},"tablet":{"background-color":"","background-image":"","background-repeat":"repeat","background-position":"center center","background-size":"auto","background-attachment":"scroll","background-type":"","background-media":"","overlay-type":"","overlay-color":"","overlay-opacity":"","overlay-gradient":""},"mobile":{"background-color":"","background-image":"","background-repeat":"repeat","background-position":"center center","background-size":"auto","background-attachment":"scroll","background-type":"","background-media":"","overlay-type":"","overlay-color":"","overlay-opacity":"","overlay-gradient":""}},"ast-content-background-meta":{"desktop":{"background-color":"var(--ast-global-color-5)","background-image":"","background-repeat":"repeat","background-position":"center center","background-size":"auto","background-attachment":"scroll","background-type":"","background-media":"","overlay-type":"","overlay-color":"","overlay-opacity":"","overlay-gradient":""},"tablet":{"background-color":"var(--ast-global-color-5)","background-image":"","background-repeat":"repeat","background-position":"center center","background-size":"auto","background-attachment":"scroll","background-type":"","background-media":"","overlay-type":"","overlay-color":"","overlay-opacity":"","overlay-gradient":""},"mobile":{"background-color":"var(--ast-global-color-5)","background-image":"","background-repeat":"repeat","background-position":"center center","background-size":"auto","background-attachment":"scroll","background-type":"","background-media":"","overlay-type":"","overlay-color":"","overlay-opacity":"","overlay-gradient":""}},"footnotes":""},"categories":[45],"tags":[],"class_list":["post-16933","post","type-post","status-publish","format-standard","has-post-thumbnail","hentry","category-esportes"],"aioseo_notices":[],"_links":{"self":[{"href":"https:\/\/conexaodjota.com.br\/index.php?rest_route=\/wp\/v2\/posts\/16933","targetHints":{"allow":["GET"]}}],"collection":[{"href":"https:\/\/conexaodjota.com.br\/index.php?rest_route=\/wp\/v2\/posts"}],"about":[{"href":"https:\/\/conexaodjota.com.br\/index.php?rest_route=\/wp\/v2\/types\/post"}],"author":[{"embeddable":true,"href":"https:\/\/conexaodjota.com.br\/index.php?rest_route=\/wp\/v2\/users\/6"}],"replies":[{"embeddable":true,"href":"https:\/\/conexaodjota.com.br\/index.php?rest_route=%2Fwp%2Fv2%2Fcomments&post=16933"}],"version-history":[{"count":0,"href":"https:\/\/conexaodjota.com.br\/index.php?rest_route=\/wp\/v2\/posts\/16933\/revisions"}],"wp:featuredmedia":[{"embeddable":true,"href":"https:\/\/conexaodjota.com.br\/index.php?rest_route=\/wp\/v2\/media\/16934"}],"wp:attachment":[{"href":"https:\/\/conexaodjota.com.br\/index.php?rest_route=%2Fwp%2Fv2%2Fmedia&parent=16933"}],"wp:term":[{"taxonomy":"category","embeddable":true,"href":"https:\/\/conexaodjota.com.br\/index.php?rest_route=%2Fwp%2Fv2%2Fcategories&post=16933"},{"taxonomy":"post_tag","embeddable":true,"href":"https:\/\/conexaodjota.com.br\/index.php?rest_route=%2Fwp%2Fv2%2Ftags&post=16933"}],"curies":[{"name":"wp","href":"https:\/\/api.w.org\/{rel}","templated":true}]}}