{"id":16487,"date":"2026-01-27T18:07:23","date_gmt":"2026-01-27T21:07:23","guid":{"rendered":"https:\/\/conexaodjota.com.br\/?p=16487"},"modified":"2026-01-27T18:07:23","modified_gmt":"2026-01-27T21:07:23","slug":"comite-paralimpico-faz-1a-convocacao-para-jogos-de-inverno-na-italia","status":"publish","type":"post","link":"https:\/\/conexaodjota.com.br\/?p=16487","title":{"rendered":"Comit\u00ea Paral\u00edmpico faz 1\u00aa convoca\u00e7\u00e3o para Jogos de Inverno, na It\u00e1lia"},"content":{"rendered":"<\/p>\n<p><a class=\"\" href=\"https:\/\/agenciabrasil.ebc.com.br\/esportes\/noticia\/2026-01\/comite-paralimpico-faz-1a-convocacao-para-jogos-de-inverno-na-italia\"><br \/>\n                    <img decoding=\"async\" src=\"https:\/\/cdn.jsdelivr.net\/gh\/sergiosdlima\/assets-ebc@1.0.0\/abr\/assets\/images\/logo-agenciabrasil.svg\" alt=\"Logo Ag\u00eancia Brasil\"><br \/>\n\t\t\t\t<\/a><\/p>\n<p>O Comit\u00ea Paral\u00edmpico Brasileiro (CPB) anunciou nesta ter\u00e7a-feira (27) a primeira lista de convoca\u00e7\u00e3o de atletas que competir\u00e3o na Paralimp\u00edada de Inverno Mil\u00e3o-Cortina (It\u00e1lia), com in\u00edcio em 6 de mar\u00e7o. O rondoniense Cristian Ribera e a paranaense Aline Rocha \u2013 atuais campe\u00e3o e vice-campe\u00e3 mundiais, respectivamente \u2013 encabe\u00e7am a rela\u00e7\u00e3o de atletas do esqui cross-country, que conta ainda com os paulistas Wellington da Silva e Elena Sena, ambos estreantes nos Jogos. No snowboard, o representante ser\u00e1 o ga\u00facho Andr\u00e9 Barbieri.<img decoding=\"async\" src=\"https:\/\/agenciabrasil.ebc.com.br\/ebc.png?id=1676205&#038;o=rss\"><img decoding=\"async\" src=\"https:\/\/agenciabrasil.ebc.com.br\/ebc.gif?id=1676205&#038;o=rss\"><\/p>\n<p>Os cinco atletas elencados atenderam os <a href=\"https:\/\/cbdn.org.br\/regras-e-criterios\/jogos-paralimpicos-2026\/\"><strong>crit\u00e9rios pr\u00e9-estabelecidos pela Confedera\u00e7\u00e3o Brasileira de Desportos na Neve (CBDN), em parceria com o CPB<\/strong><\/a>. A segunda e \u00faltima chamada de atletas ser\u00e1 em 3 de fevereiro, com mais dois nomes, totalizando sete competidores. \u00c9 o maior n\u00famero de representantes do Brasil desde a \u00faltima edi\u00e7\u00e3o (Beijing\u00a02022) &#8211; na ocasi\u00e3o foram seis.<\/p>\n<blockquote class=\"instagram-media\" data-instgrm-captioned=\"\" data-instgrm-permalink=\"https:\/\/www.instagram.com\/p\/DUA---Ljsyu\/?utm_source=ig_embed&#038;utm_campaign=loading\" data-instgrm-version=\"14\">\n<div>\n<div>\n<div>\u00a0<\/div>\n<div>\n<div>\u00a0<\/div>\n<div>\u00a0<\/div>\n<\/div>\n<\/div>\n<div>\u00a0<\/div>\n<div><a href=\"https:\/\/www.instagram.com\/p\/DUA---Ljsyu\/?utm_source=ig_embed&#038;utm_campaign=loading\" target=\"_blank\"><svg height=\"50px\" version=\"1.1\" viewbox=\"0 0 60 60\" width=\"50px\" xmlns=\"https:\/\/www.w3.org\/2000\/svg\" xmlns:xlink=\"https:\/\/www.w3.org\/1999\/xlink\"><g fill=\"none\" fill-rule=\"evenodd\" stroke=\"none\" stroke-width=\"1\"><g fill=\"#000000\" transform=\"translate(-511.000000, -20.000000)\"><g><path d=\"M556.869,30.41 C554.814,30.41 553.148,32.076 553.148,34.131 C553.148,36.186 554.814,37.852 556.869,37.852 C558.924,37.852 560.59,36.186 560.59,34.131 C560.59,32.076 558.924,30.41 556.869,30.41 M541,60.657 C535.114,60.657 530.342,55.887 530.342,50 C530.342,44.114 535.114,39.342 541,39.342 C546.887,39.342 551.658,44.114 551.658,50 C551.658,55.887 546.887,60.657 541,60.657 M541,33.886 C532.1,33.886 524.886,41.1 524.886,50 C524.886,58.899 532.1,66.113 541,66.113 C549.9,66.113 557.115,58.899 557.115,50 C557.115,41.1 549.9,33.886 541,33.886 M565.378,62.101 C565.244,65.022 564.756,66.606 564.346,67.663 C563.803,69.06 563.154,70.057 562.106,71.106 C561.058,72.155 560.06,72.803 558.662,73.347 C557.607,73.757 556.021,74.244 553.102,74.378 C549.944,74.521 548.997,74.552 541,74.552 C533.003,74.552 532.056,74.521 528.898,74.378 C525.979,74.244 524.393,73.757 523.338,73.347 C521.94,72.803 520.942,72.155 519.894,71.106 C518.846,70.057 518.197,69.06 517.654,67.663 C517.244,66.606 516.755,65.022 516.623,62.101 C516.479,58.943 516.448,57.996 516.448,50 C516.448,42.003 516.479,41.056 516.623,37.899 C516.755,34.978 517.244,33.391 517.654,32.338 C518.197,30.938 518.846,29.942 519.894,28.894 C520.942,27.846 521.94,27.196 523.338,26.654 C524.393,26.244 525.979,25.756 528.898,25.623 C532.057,25.479 533.004,25.448 541,25.448 C548.997,25.448 549.943,25.479 553.102,25.623 C556.021,25.756 557.607,26.244 558.662,26.654 C560.06,27.196 561.058,27.846 562.106,28.894 C563.154,29.942 563.803,30.938 564.346,32.338 C564.756,33.391 565.244,34.978 565.378,37.899 C565.522,41.056 565.552,42.003 565.552,50 C565.552,57.996 565.522,58.943 565.378,62.101 M570.82,37.631 C570.674,34.438 570.167,32.258 569.425,30.349 C568.659,28.377 567.633,26.702 565.965,25.035 C564.297,23.368 562.623,22.342 560.652,21.575 C558.743,20.834 556.562,20.326 553.369,20.18 C550.169,20.033 549.148,20 541,20 C532.853,20 531.831,20.033 528.631,20.18 C525.438,20.326 523.257,20.834 521.349,21.575 C519.376,22.342 517.703,23.368 516.035,25.035 C514.368,26.702 513.342,28.377 512.574,30.349 C511.834,32.258 511.326,34.438 511.181,37.631 C511.035,40.831 511,41.851 511,50 C511,58.147 511.035,59.17 511.181,62.369 C511.326,65.562 511.834,67.743 512.574,69.651 C513.342,71.625 514.368,73.296 516.035,74.965 C517.703,76.634 519.376,77.658 521.349,78.425 C523.257,79.167 525.438,79.673 528.631,79.82 C531.831,79.965 532.853,80.001 541,80.001 C549.148,80.001 550.169,79.965 553.369,79.82 C556.562,79.673 558.743,79.167 560.652,78.425 C562.623,77.658 564.297,76.634 565.965,74.965 C567.633,73.296 568.659,71.625 569.425,69.651 C570.167,67.743 570.674,65.562 570.82,62.369 C570.966,59.17 571,58.147 571,50 C571,41.851 570.966,40.831 570.82,37.631\">\n<h3>Not\u00edcias relacionadas:<\/h3>\n<ul>\n<li><a href=\"https:\/\/agenciabrasil.ebc.com.br\/esportes\/noticia\/2026-01\/cob-anuncia-os-14-convocados-para-olimpiada-de-inverno-milao-cortina\">COB anuncia os 14 convocados para a Olimp\u00edada de Inverno Mil\u00e3o-Cortina.<\/a><\/li>\n<li><a href=\"https:\/\/agenciabrasil.ebc.com.br\/esportes\/noticia\/2026-01\/aberto-da-australia-volta-acionar-politica-de-calor-extremo-em-jogos\">Aberto da Austr\u00e1lia volta a acionar pol\u00edtica de calor extremo em jogos.<\/a><\/li>\n<li><a href=\"https:\/\/agenciabrasil.ebc.com.br\/esportes\/noticia\/2026-01\/fifa-lanca-marca-da-copa-feminina-2027-em-evento-no-rio-de-janeiro\">Fifa lan\u00e7a marca da Copa Feminina 2027 em evento no Rio de Janeiro.<\/a><\/li>\n<\/ul>\n<\/path><\/g><\/g><\/g><\/svg><\/a><\/div>\n<div>\n<div><a href=\"https:\/\/www.instagram.com\/p\/DUA---Ljsyu\/?utm_source=ig_embed&#038;utm_campaign=loading\" target=\"_blank\">Ver essa foto no Instagram<\/a><\/div>\n<\/div>\n<div>\u00a0<\/div>\n<div>\n<div>\n<div>\u00a0<\/div>\n<div>\u00a0<\/div>\n<div>\u00a0<\/div>\n<\/div>\n<div>\n<div>\u00a0<\/div>\n<div>\u00a0<\/div>\n<\/div>\n<div>\n<div>\u00a0<\/div>\n<div>\u00a0<\/div>\n<div>\u00a0<\/div>\n<\/div>\n<\/div>\n<div>\n<div>\u00a0<\/div>\n<div>\u00a0<\/div>\n<\/div>\n<p><a href=\"https:\/\/www.instagram.com\/p\/DUA---Ljsyu\/?utm_source=ig_embed&#038;utm_campaign=loading\" target=\"_blank\">Um post compartilhado por Comit\u00ea Paral\u00edmpico Brasileiro (@brasilparalimpico)<\/a><\/p>\n<\/div>\n<\/blockquote>\n<p><script async=\"\" src=\"\/\/www.instagram.com\/embed.js\"><\/script><\/p>\n<p>Aline Rocha e Cristian Ribera disputar\u00e3o na It\u00e1lia a terceira paralimp\u00edada da carreira. A esquiadora foi a primeira brasileira a competir nos Jogos de Inverno, na edi\u00e7\u00e3o de PyeongChang (Coreia do Sul), em 2018. Quatro anos depois, em Beijing\u00a0(China), Aline obteve a s\u00e9tima coloca\u00e7\u00e3o, melhor resultado at\u00e9 ent\u00e3o, na prova longa (15 quil\u00f4metros), no esqui cross-country,<\/p>\n<p>J\u00e1 Cristian Ribera estreou com apenas 15 anos em PyeongChang 2018, conquistando de cara o sexto lugar, melhor marca do Brasil no esqui cross-country tanto nos Jogos Ol\u00edmpicos quanto Paral\u00edmpicos de Inverno. Em Beijing 2022, Ribera terminou na nona posi\u00e7\u00e3o.<\/p>\n<p>No snowboard, o ga\u00facho Andr\u00e9 Barbieri representar\u00e1 o pa\u00eds pela segunda vez. Ele debutou em Beijing 2022, onde competiu nas provas de cross e banked slalom (slalon inclinado), terminando em 13\u00ba lugar em ambas.<\/p>\n<p>Prestes a estrear na Paralimp\u00edada de Mil\u00e3o-Cortina, os esquiadores Wellington da Silva, de 19 anos, e Elena Sena, de 22, somaram bons resultados continentais no \u00faltimo ciclo de prepara\u00e7\u00e3o. Em 2023, Elena foi campe\u00e3 na prova de sprint da Copa Continental da Noruega) e, na mesma prova, Wellington levou a prata. Ambos tamb\u00e9m brilharam na Copa Continental da Argentina, em Ushuaia. Ele foi ouro e ela prata em quatro provas (sprint, 5km, 10km e 20km).<\/p>\n","protected":false},"excerpt":{"rendered":"<p>O Comit\u00ea Paral\u00edmpico Brasileiro (CPB) anunciou nesta ter\u00e7a-feira (27) a primeira lista de convoca\u00e7\u00e3o de atletas que competir\u00e3o na Paralimp\u00edada de Inverno Mil\u00e3o-Cortina (It\u00e1lia), com in\u00edcio em 6 de mar\u00e7o. O rondoniense Cristian Ribera e a paranaense Aline Rocha \u2013 atuais campe\u00e3o e vice-campe\u00e3 mundiais, respectivamente \u2013 encabe\u00e7am a rela\u00e7\u00e3o de atletas do esqui cross-country, [&hellip;]<\/p>\n","protected":false},"author":6,"featured_media":16488,"comment_status":"open","ping_status":"open","sticky":false,"template":"","format":"standard","meta":{"_monsterinsights_skip_tracking":false,"_monsterinsights_sitenote_active":false,"_monsterinsights_sitenote_note":"","_monsterinsights_sitenote_category":0,"site-sidebar-layout":"default","site-content-layout":"","ast-site-content-layout":"","site-content-style":"default","site-sidebar-style":"default","ast-global-header-display":"","ast-banner-title-visibility":"","ast-main-header-display":"","ast-hfb-above-header-display":"","ast-hfb-below-header-display":"","ast-hfb-mobile-header-display":"","site-post-title":"","ast-breadcrumbs-content":"","ast-featured-img":"","footer-sml-layout":"","theme-transparent-header-meta":"","adv-header-id-meta":"","stick-header-meta":"","header-above-stick-meta":"","header-main-stick-meta":"","header-below-stick-meta":"","astra-migrate-meta-layouts":"default","ast-page-background-enabled":"default","ast-page-background-meta":{"desktop":{"background-color":"var(--ast-global-color-4)","background-image":"","background-repeat":"repeat","background-position":"center center","background-size":"auto","background-attachment":"scroll","background-type":"","background-media":"","overlay-type":"","overlay-color":"","overlay-opacity":"","overlay-gradient":""},"tablet":{"background-color":"","background-image":"","background-repeat":"repeat","background-position":"center center","background-size":"auto","background-attachment":"scroll","background-type":"","background-media":"","overlay-type":"","overlay-color":"","overlay-opacity":"","overlay-gradient":""},"mobile":{"background-color":"","background-image":"","background-repeat":"repeat","background-position":"center center","background-size":"auto","background-attachment":"scroll","background-type":"","background-media":"","overlay-type":"","overlay-color":"","overlay-opacity":"","overlay-gradient":""}},"ast-content-background-meta":{"desktop":{"background-color":"var(--ast-global-color-5)","background-image":"","background-repeat":"repeat","background-position":"center center","background-size":"auto","background-attachment":"scroll","background-type":"","background-media":"","overlay-type":"","overlay-color":"","overlay-opacity":"","overlay-gradient":""},"tablet":{"background-color":"var(--ast-global-color-5)","background-image":"","background-repeat":"repeat","background-position":"center center","background-size":"auto","background-attachment":"scroll","background-type":"","background-media":"","overlay-type":"","overlay-color":"","overlay-opacity":"","overlay-gradient":""},"mobile":{"background-color":"var(--ast-global-color-5)","background-image":"","background-repeat":"repeat","background-position":"center center","background-size":"auto","background-attachment":"scroll","background-type":"","background-media":"","overlay-type":"","overlay-color":"","overlay-opacity":"","overlay-gradient":""}},"footnotes":""},"categories":[45],"tags":[],"class_list":["post-16487","post","type-post","status-publish","format-standard","has-post-thumbnail","hentry","category-esportes"],"aioseo_notices":[],"_links":{"self":[{"href":"https:\/\/conexaodjota.com.br\/index.php?rest_route=\/wp\/v2\/posts\/16487","targetHints":{"allow":["GET"]}}],"collection":[{"href":"https:\/\/conexaodjota.com.br\/index.php?rest_route=\/wp\/v2\/posts"}],"about":[{"href":"https:\/\/conexaodjota.com.br\/index.php?rest_route=\/wp\/v2\/types\/post"}],"author":[{"embeddable":true,"href":"https:\/\/conexaodjota.com.br\/index.php?rest_route=\/wp\/v2\/users\/6"}],"replies":[{"embeddable":true,"href":"https:\/\/conexaodjota.com.br\/index.php?rest_route=%2Fwp%2Fv2%2Fcomments&post=16487"}],"version-history":[{"count":0,"href":"https:\/\/conexaodjota.com.br\/index.php?rest_route=\/wp\/v2\/posts\/16487\/revisions"}],"wp:featuredmedia":[{"embeddable":true,"href":"https:\/\/conexaodjota.com.br\/index.php?rest_route=\/wp\/v2\/media\/16488"}],"wp:attachment":[{"href":"https:\/\/conexaodjota.com.br\/index.php?rest_route=%2Fwp%2Fv2%2Fmedia&parent=16487"}],"wp:term":[{"taxonomy":"category","embeddable":true,"href":"https:\/\/conexaodjota.com.br\/index.php?rest_route=%2Fwp%2Fv2%2Fcategories&post=16487"},{"taxonomy":"post_tag","embeddable":true,"href":"https:\/\/conexaodjota.com.br\/index.php?rest_route=%2Fwp%2Fv2%2Ftags&post=16487"}],"curies":[{"name":"wp","href":"https:\/\/api.w.org\/{rel}","templated":true}]}}