{"id":16293,"date":"2026-01-21T17:14:48","date_gmt":"2026-01-21T20:14:48","guid":{"rendered":"https:\/\/conexaodjota.com.br\/?p=16293"},"modified":"2026-01-21T17:14:48","modified_gmt":"2026-01-21T20:14:48","slug":"trio-de-ataque-tv-brasil-e-radio-nacional-lancam-programa-esportivo","status":"publish","type":"post","link":"https:\/\/conexaodjota.com.br\/?p=16293","title":{"rendered":"Trio de Ataque: TV Brasil e R\u00e1dio Nacional lan\u00e7am programa esportivo"},"content":{"rendered":"<\/p>\n<p><a class=\"\" href=\"https:\/\/agenciabrasil.ebc.com.br\/esportes\/noticia\/2026-01\/trio-de-ataque-tv-brasil-e-radio-nacional-lancam-programa-esportivo\"><br \/>\n                    <img decoding=\"async\" src=\"https:\/\/cdn.jsdelivr.net\/gh\/sergiosdlima\/assets-ebc@1.0.0\/abr\/assets\/images\/logo-agenciabrasil.svg\" alt=\"Logo Ag\u00eancia Brasil\"><br \/>\n\t\t\t\t<\/a><\/p>\n<p>A<strong> TV Brasil<\/strong>\u00a0e a\u00a0<strong>R\u00e1dio Nacional<\/strong>, emissoras p\u00fablicas da\u00a0<strong>Empresa Brasil de Comunica\u00e7\u00e3o<\/strong> (<strong>EBC<\/strong>), lan\u00e7am\u00a0<strong><em>Trio de Ataque<\/em>,\u00a0um novo programa semanal que combina a tradi\u00e7\u00e3o do bom debate futebol\u00edstico com um formato din\u00e2mico,<\/strong> pautado pela conversa aberta, pelo humor inteligente e pela an\u00e1lise cr\u00edtica que vai al\u00e9m das quatro linhas. <strong>O time de apresentadores \u00e9 formado por grandes nomes do jornalismo esportivo brasileiro: Juca Kfouri, Jos\u00e9 Trajano e L\u00facio de Castro. A atra\u00e7\u00e3o estreia na segunda-feira (26), \u00e0s 18h, na\u00a0TV Brasil\u00a0e no\u00a0YouTube\u00a0da emissora, e \u00e0s 20h em toda a rede da\u00a0R\u00e1dio Nacional.<\/strong><img decoding=\"async\" src=\"https:\/\/agenciabrasil.ebc.com.br\/ebc.png?id=1675613&#038;o=rss\"><img decoding=\"async\" src=\"https:\/\/agenciabrasil.ebc.com.br\/ebc.gif?id=1675613&#038;o=rss\"><\/p>\n<blockquote>\n<p>\u201cEste novo programa refor\u00e7a o compromisso da <strong>EBC<\/strong> com um jornalismo esportivo que n\u00e3o se limita ao resultado e ao entretenimento. No <em>Trio de Ataque<\/em>, o futebol funciona como instrumento para reflex\u00f5es mais profundas sobre quest\u00f5es sociais, culturais e do cotidiano, impulsionando debates que estimulam o pensamento cr\u00edtico do p\u00fablico\u201d, afirma o presidente da\u00a0<strong>EBC<\/strong>, Andre Basbaum.<\/p>\n<\/blockquote>\n<h3>Not\u00edcias relacionadas:<\/h3>\n<ul>\n<li><a href=\"https:\/\/agenciabrasil.ebc.com.br\/esportes\/noticia\/2026-01\/tv-brasil-transmite-jogo-entre-tirol-e-ceara-pelo-campeonato-cearense\">TV Brasil transmite jogo entre Tirol e Cear\u00e1 pelo Campeonato Cearense.<\/a><\/li>\n<li><a href=\"https:\/\/agenciabrasil.ebc.com.br\/geral\/noticia\/2026-01\/aberto-prazo-para-recursos-da-votacao-para-comite-editorial-da-ebc\">Aberto prazo para recursos da vota\u00e7\u00e3o para Comit\u00ea Editorial da EBC.<\/a><\/li>\n<li><a href=\"https:\/\/agenciabrasil.ebc.com.br\/geral\/noticia\/2026-01\/caminhos-da-reportagem-da-tv-brasil-ultrapassa-marca-de-100-premios\">Caminhos da Reportagem, da TV Brasil, ultrapassa marca de 100 pr\u00eamios.<\/a><\/li>\n<\/ul>\n<p>Um dos eixos centrais da atra\u00e7\u00e3o \u00e9 a<strong> valoriza\u00e7\u00e3o da mem\u00f3ria esportiva brasileira<\/strong>, com destaque para a hist\u00f3ria da\u00a0<strong>R\u00e1dio Nacional<\/strong>.\u00a0A iniciativa inclui refer\u00eancias a cr\u00f4nica esportivas, narra\u00e7\u00f5es hist\u00f3ricas e quadros que resgatam momentos marcantes do futebol.<\/p>\n<p>Al\u00e9m das an\u00e1lises, <em>o programa tamb\u00e9m abre espa\u00e7o para debates sobre cultura, m\u00fasica, cotidiano e manifesta\u00e7\u00f5es populares<\/em>. A cobertura do futebol feminino e dos campeonatos estaduais transmitidos pela\u00a0<strong>EBC<\/strong>\u00a0tamb\u00e9m integra a linha editorial, refor\u00e7ando o compromisso da comunica\u00e7\u00e3o p\u00fablica com a diversidade de modalidades e valoriza\u00e7\u00e3o do esporte nacional.<\/p>\n<p>&#8220;O\u00a0que \u00e9 legal desse programa \u00e9 que \u00e9 um encontro de amigos e pessoas que\u00a0convivem juntas\u00a0h\u00e1 muito tempo.\u00a0Vai ser uma grande conversa semanal em que vamos tratar de\u00a0futebol,\u00a0mas tamb\u00e9m de pol\u00edtica, m\u00fasica, literatura. \u00c9\u00a0claro que o pano de fundo do programa \u00e9 futebol, mas vamos falar de outros temas tamb\u00e9m\u201d, diz Jos\u00e9 Trajano.<\/p>\n<p>L\u00facio de Castro comenta sobre a alegria que \u00e9 reencontrar Trajano e Juca Kfouri em cena. \u201cTemos uma hist\u00f3ria juntos, e ela \u00e9 retomada agora com a mesma alegria e empolga\u00e7\u00e3o.\u00a0Em um\u00a0cen\u00e1rio de jornalismo na \u00e1rea de esportes em que vigora uma censura velada e uma autocensura, em detrimento do jornalismo e a favor do neg\u00f3cio da ind\u00fastria do esporte, estaremos\u00a0em\u00a0espa\u00e7o onde falaremos de tudo. E de todos. Vamos fazer jornalismo, mas tamb\u00e9m com leveza. E no programa vai caber tudo. Qualquer assunto, como \u00e9 do gosto desse\u00a0Trio de Ataque\u201d, afirma.<\/p>\n<p>\u201cJos\u00e9 Trajano, L\u00facio de Castro e eu estamos prontos para nos divertir e divertir a audi\u00eancia de nossos canais p\u00fablicos com jornalismo comprometido com a cidadania e a defesa da democracia, no esporte e na vida, como deve ser\u201d, declara Kfouri.<\/p>\n<h2>Mudan\u00e7as na programa\u00e7\u00e3o<\/h2>\n<p>Com a estreia de<em>\u00a0Trio de Ataque<\/em>, a\u00a0<strong>TV Brasil\u00a0<\/strong>promove ajustes pontuais em sua grade de programa\u00e7\u00e3o \u00e0s segundas-feiras. Apenas nesses dias, as atra\u00e7\u00f5es\u00a0<em>Brasil Visto de Cima<\/em>\u00a0(18h) e\u00a0<em>Stadium<\/em>\u00a0(18h30) deixam de ser exibidas.<\/p>\n<h2>Perfis dos apresentadores<\/h2>\n<p><strong>Juca Kfouri<\/strong><\/p>\n<p>Juca Kfouri \u00e9 um dos jornalistas esportivos mais respeitados do Brasil, com mais de 40 anos de carreira. Iniciou sua trajet\u00f3ria na\u00a0<em>Folha de S.Paulo<\/em>, atuando como rep\u00f3rter e colunista, e tamb\u00e9m passou pelo\u00a0<em>O Estado de S. Paulo<\/em>, contribuindo com an\u00e1lises detalhadas sobre futebol e pol\u00edtica esportiva. Na televis\u00e3o, participou de programas como<em>\u00a0Esporte Interativo<\/em>, al\u00e9m de colunas e debates em canais esportivos de grande alcance. No r\u00e1dio, construiu uma audi\u00eancia fiel com coment\u00e1rios cr\u00edticos e bem fundamentados, abordando \u00e9tica, racismo, corrup\u00e7\u00e3o e desigualdade no esporte. Autor de livros e ensaios, Kfouri transforma o futebol em instrumento de reflex\u00e3o social.<\/p>\n<p><strong>Jos\u00e9 Trajano<\/strong><\/p>\n<p>Trajano possui mais de 30 anos de experi\u00eancia no jornalismo esportivo, atuando em televis\u00e3o, r\u00e1dio e imprensa escrita. Trabalhou na\u00a0TV Cultura, apresentando programas voltados ao p\u00fablico jovem e esportivo, e teve passagens marcantes pelo\u00a0SporTV, SBT e Canal Premiere, al\u00e9m de colaborar com jornais como o<em>\u00a0Lance!<\/em>.\u00a0No r\u00e1dio, destacou-se por transmitir an\u00e1lises complexas de maneira clara e acess\u00edvel, aproximando o p\u00fablico do conhecimento t\u00e9cnico e estrat\u00e9gico do esporte. Reconhecido por sua clareza, did\u00e1tica e credibilidade, Trajano complementa a an\u00e1lise cr\u00edtica de Kfouri, formando uma dupla sin\u00e9rgica que combina provoca\u00e7\u00e3o, conhecimento e empatia com o p\u00fablico.<\/p>\n<p><strong>L\u00facio de Castro<\/strong><\/p>\n<p>L\u00facio de Castro \u00e9 jornalista investigativo com ampla experi\u00eancia em apura\u00e7\u00e3o cr\u00edtica de temas esportivos, sociais e pol\u00edticos relacionados ao esporte. Atuou no\u00a0Globo Esporte, <em>O Estado de S. Paulo\u00a0<\/em>e em plataformas digitais especializadas, al\u00e9m de participar de programas de TV e r\u00e1dio voltados \u00e0 an\u00e1lise investigativa. Sua atua\u00e7\u00e3o se caracteriza pelo rigor na checagem de informa\u00e7\u00f5es e pela capacidade de contextualizar o esporte dentro de temas mais amplos da sociedade, trazendo profundidade \u00e0s discuss\u00f5es. Reconhecido por seu olhar investigativo, L\u00facio refor\u00e7a o car\u00e1ter educativo e reflexivo do programa, garantindo que o p\u00fablico compreenda o impacto social, pol\u00edtico e cultural do esporte.<\/p>\n<h2>Ao vivo e\u00a0<em>on\u00a0demand<\/em><\/h2>\n<p>Acompanhe a programa\u00e7\u00e3o da\u00a0<strong>TV\u00a0Brasil<\/strong>\u00a0pelo canal aberto,\u00a0TV\u00a0por assinatura e parab\u00f3lica. Sintonize:\u00a0<a href=\"https:\/\/tvbrasil.ebc.com.br\/comosintonizar\" target=\"_blank\">https:\/\/tvbrasil.ebc.com.br\/comosintonizar<\/a>.\u00a0<\/p>\n<p>Seus programas favoritos est\u00e3o no\u00a0TV\u00a0Brasil\u00a0Play, pelo<em> <a href=\"http:\/\/tvbrasilplay.com.br\/\" target=\"_blank\">site<\/a><\/em><a href=\"http:\/\/tvbrasilplay.com.br\/\" target=\"_blank\">\u00a0http:\/\/tvbrasilplay.com.br<\/a>\u00a0ou por aplicativo no <em>smartphone<\/em>. O app pode ser baixado gratuitamente e est\u00e1 dispon\u00edvel para Android e iOS. Assista tamb\u00e9m pela WebTV:\u00a0<a href=\"https:\/\/tvbrasil.ebc.com.br\/webtv\" target=\"_blank\">https:\/\/tvbrasil.ebc.com.br\/webtv<\/a>.<\/p>\n<p><strong>Servi\u00e7o<\/strong><\/p>\n<p><em>Trio de Ataque<\/em>\u00a0\u2013 novo programa da <strong>TV Brasil <\/strong>e<strong> R\u00e1dio Nacional<\/strong>.<br \/>\nEstreia dia 26\/1, \u00e0s 18h na <strong>TV Brasil <\/strong>e YouTube do canal, e \u00e0s 20h na <strong>R\u00e1dio Nacional<\/strong>.<\/p>\n<h2>TV Brasil na internet e nas redes sociais\u00a0\u00a0<\/h2>\n<p>Site \u2013\u00a0<a href=\"https:\/\/tvbrasil.ebc.com.br\/\" target=\"_blank\">https:\/\/tvbrasil.ebc.com.br<\/a><br \/>\nInstagram \u2013\u00a0<a href=\"https:\/\/www.instagram.com\/tvbrasil\" target=\"_blank\">https:\/\/www.instagram.com\/tvbrasil<\/a><br \/>\nYouTube \u2013\u00a0<a href=\"https:\/\/www.youtube.com\/tvbrasil\" target=\"_blank\">https:\/\/www.youtube.com\/tvbrasil<\/a><br \/>\nX \u2013\u00a0<a href=\"https:\/\/x.com\/TVBrasil\" target=\"_blank\">https:\/\/x.com\/TVBrasil<\/a><br \/>\nFacebook \u2013\u00a0<a href=\"https:\/\/www.facebook.com\/tvbrasil\" target=\"_blank\">https:\/\/www.facebook.com\/tvbrasil<\/a><br \/>\nTikTok \u2013\u00a0<a href=\"https:\/\/www.tiktok.com\/@tvbrasil\" target=\"_blank\">https:\/\/www.tiktok.com\/@tvbrasil<\/a><br \/>\nTV Brasil Play &#8211;<a href=\"http:\/\/%C2%A0http\/\/tvbrasilplay.com.br\" target=\"_blank\">\u00a0http:\/\/tvbrasilplay.com.br<\/a><\/p>\n<h2>R\u00e1dio Nacional na internet e nas redes sociais\u00a0<\/h2>\n<p>Site:\u00a0<a href=\"https:\/\/radios.ebc.com.br%C2%A0\/\" target=\"_blank\">https:\/\/radios.ebc.com.br\u00a0<\/a><br \/>\nInstagram:\u00a0<a href=\"https:\/\/www.instagram.com\/radionacionalbr%C2%A0\" target=\"_blank\">https:\/\/www.instagram.com\/radionacionalbr\u00a0<\/a><br \/>\nSpotify:\u00a0<a href=\"https:\/\/open.spotify.com\/user\/vpj3k8ogjwf1nkv4nap3tlruv\" target=\"_blank\">https:\/\/open.spotify.com\/user\/vpj3k8ogjwf1nkv4nap3tlruv<\/a>\u00a0<br \/>\nYouTube:\u00a0<a href=\"http:\/\/youtube.com\/radionacionalbr%C2%A0\" target=\"_blank\">http:\/\/youtube.com\/radionacionalbr\u00a0<\/a><br \/>\nFacebook:\u00a0<a href=\"http:\/\/youtube.com\/radionacionalbr%C2%A0\" target=\"_blank\">https:\/\/www.facebook.com\/radionacionalbr\u00a0<\/a><br \/>\nThreads: <a href=\"https:\/\/www.threads.com\/@radionacionalbr\" target=\"_blank\">https:\/\/www.threads.com\/@radionacionalbr<\/a><br \/>\nStreaming:\u00a0<a href=\"https:\/\/aovivo.ebc.com.br\/embed-audio.html?emissora=radio-nacional-do-rio-de-janeiro\" target=\"_blank\">https:\/\/aovivo.ebc.com.br\/embed-audio.html?emissora=radio-nacional-do-rio-de-janeiro<\/a><\/p>\n<h2>WhatsApp Nacional\u00a0<\/h2>\n<p>&#8211; R\u00e1dio Nacional FM: (61) 99989-1201\u00a0<br \/>\n&#8211; R\u00e1dio Nacional AM: (61) 99674-1536\u00a0<br \/>\n&#8211; R\u00e1dio Nacional da Amaz\u00f4nia: (61) 99674-1568\u00a0<br \/>\n&#8211; R\u00e1dio Nacional do Rio de Janeiro: (21) 97119-9966\u00a0<\/p>\n<h2>Saiba como sintonizar a R\u00e1dio Nacional\u00a0<\/h2>\n<p>Bras\u00edlia: FM 96,1 MHz e AM 980 Khz\u00a0<br \/>\nRio de Janeiro: FM 87,1 MHz e AM 1130 kHz\u00a0<br \/>\nS\u00e3o Paulo: FM 87,1 MHz\u00a0<br \/>\nRecife: FM 87,1 MHz\u00a0<br \/>\nS\u00e3o Lu\u00eds: FM 93,7 MHz\u00a0<br \/>\nAmaz\u00f4nia: 11.780KHz e 6.180KHz OC\u00a0<br \/>\nAlto Solim\u00f5es: FM 96,1 MHz\u00a0<br \/>\nCelular &#8211; App R\u00e1dios EBC para\u00a0Android\u00a0e\u00a0iOS<\/p>\n","protected":false},"excerpt":{"rendered":"<p>A TV Brasil\u00a0e a\u00a0R\u00e1dio Nacional, emissoras p\u00fablicas da\u00a0Empresa Brasil de Comunica\u00e7\u00e3o (EBC), lan\u00e7am\u00a0Trio de Ataque,\u00a0um novo programa semanal que combina a tradi\u00e7\u00e3o do bom debate futebol\u00edstico com um formato din\u00e2mico, pautado pela conversa aberta, pelo humor inteligente e pela an\u00e1lise cr\u00edtica que vai al\u00e9m das quatro linhas. O time de apresentadores \u00e9 formado por grandes [&hellip;]<\/p>\n","protected":false},"author":3,"featured_media":16294,"comment_status":"open","ping_status":"open","sticky":false,"template":"","format":"standard","meta":{"_monsterinsights_skip_tracking":false,"_monsterinsights_sitenote_active":false,"_monsterinsights_sitenote_note":"","_monsterinsights_sitenote_category":0,"site-sidebar-layout":"default","site-content-layout":"","ast-site-content-layout":"","site-content-style":"default","site-sidebar-style":"default","ast-global-header-display":"","ast-banner-title-visibility":"","ast-main-header-display":"","ast-hfb-above-header-display":"","ast-hfb-below-header-display":"","ast-hfb-mobile-header-display":"","site-post-title":"","ast-breadcrumbs-content":"","ast-featured-img":"","footer-sml-layout":"","theme-transparent-header-meta":"","adv-header-id-meta":"","stick-header-meta":"","header-above-stick-meta":"","header-main-stick-meta":"","header-below-stick-meta":"","astra-migrate-meta-layouts":"default","ast-page-background-enabled":"default","ast-page-background-meta":{"desktop":{"background-color":"var(--ast-global-color-4)","background-image":"","background-repeat":"repeat","background-position":"center center","background-size":"auto","background-attachment":"scroll","background-type":"","background-media":"","overlay-type":"","overlay-color":"","overlay-opacity":"","overlay-gradient":""},"tablet":{"background-color":"","background-image":"","background-repeat":"repeat","background-position":"center center","background-size":"auto","background-attachment":"scroll","background-type":"","background-media":"","overlay-type":"","overlay-color":"","overlay-opacity":"","overlay-gradient":""},"mobile":{"background-color":"","background-image":"","background-repeat":"repeat","background-position":"center center","background-size":"auto","background-attachment":"scroll","background-type":"","background-media":"","overlay-type":"","overlay-color":"","overlay-opacity":"","overlay-gradient":""}},"ast-content-background-meta":{"desktop":{"background-color":"var(--ast-global-color-5)","background-image":"","background-repeat":"repeat","background-position":"center center","background-size":"auto","background-attachment":"scroll","background-type":"","background-media":"","overlay-type":"","overlay-color":"","overlay-opacity":"","overlay-gradient":""},"tablet":{"background-color":"var(--ast-global-color-5)","background-image":"","background-repeat":"repeat","background-position":"center center","background-size":"auto","background-attachment":"scroll","background-type":"","background-media":"","overlay-type":"","overlay-color":"","overlay-opacity":"","overlay-gradient":""},"mobile":{"background-color":"var(--ast-global-color-5)","background-image":"","background-repeat":"repeat","background-position":"center center","background-size":"auto","background-attachment":"scroll","background-type":"","background-media":"","overlay-type":"","overlay-color":"","overlay-opacity":"","overlay-gradient":""}},"footnotes":""},"categories":[45],"tags":[],"class_list":["post-16293","post","type-post","status-publish","format-standard","has-post-thumbnail","hentry","category-esportes"],"aioseo_notices":[],"_links":{"self":[{"href":"https:\/\/conexaodjota.com.br\/index.php?rest_route=\/wp\/v2\/posts\/16293","targetHints":{"allow":["GET"]}}],"collection":[{"href":"https:\/\/conexaodjota.com.br\/index.php?rest_route=\/wp\/v2\/posts"}],"about":[{"href":"https:\/\/conexaodjota.com.br\/index.php?rest_route=\/wp\/v2\/types\/post"}],"author":[{"embeddable":true,"href":"https:\/\/conexaodjota.com.br\/index.php?rest_route=\/wp\/v2\/users\/3"}],"replies":[{"embeddable":true,"href":"https:\/\/conexaodjota.com.br\/index.php?rest_route=%2Fwp%2Fv2%2Fcomments&post=16293"}],"version-history":[{"count":0,"href":"https:\/\/conexaodjota.com.br\/index.php?rest_route=\/wp\/v2\/posts\/16293\/revisions"}],"wp:featuredmedia":[{"embeddable":true,"href":"https:\/\/conexaodjota.com.br\/index.php?rest_route=\/wp\/v2\/media\/16294"}],"wp:attachment":[{"href":"https:\/\/conexaodjota.com.br\/index.php?rest_route=%2Fwp%2Fv2%2Fmedia&parent=16293"}],"wp:term":[{"taxonomy":"category","embeddable":true,"href":"https:\/\/conexaodjota.com.br\/index.php?rest_route=%2Fwp%2Fv2%2Fcategories&post=16293"},{"taxonomy":"post_tag","embeddable":true,"href":"https:\/\/conexaodjota.com.br\/index.php?rest_route=%2Fwp%2Fv2%2Ftags&post=16293"}],"curies":[{"name":"wp","href":"https:\/\/api.w.org\/{rel}","templated":true}]}}