{"id":16225,"date":"2026-01-20T14:27:56","date_gmt":"2026-01-20T17:27:56","guid":{"rendered":"https:\/\/conexaodjota.com.br\/?p=16225"},"modified":"2026-01-20T14:27:56","modified_gmt":"2026-01-20T17:27:56","slug":"fora-de-ritmo-joao-fonseca-cai-na-estreia-do-aberto-da-australia","status":"publish","type":"post","link":"https:\/\/conexaodjota.com.br\/?p=16225","title":{"rendered":"Fora de ritmo, Jo\u00e3o Fonseca cai na estreia do Aberto da Austr\u00e1lia"},"content":{"rendered":"<\/p>\n<p><a class=\"\" href=\"https:\/\/agenciabrasil.ebc.com.br\/esportes\/noticia\/2026-01\/fora-de-ritmo-joao-fonseca-cai-na-estreia-do-aberto-da-australia\"><br \/>\n                    <img decoding=\"async\" src=\"https:\/\/cdn.jsdelivr.net\/gh\/sergiosdlima\/assets-ebc@1.0.0\/abr\/assets\/images\/logo-agenciabrasil.svg\" alt=\"Logo Ag\u00eancia Brasil\"><br \/>\n\t\t\t\t<\/a><\/p>\n<p>O tenista brasileiro Jo\u00e3o Fonseca deu adeus precoce \u00e0 chave principal do Aberto da Austr\u00e1lia, seu primeiro torneio na temporada 2026. N\u00famero 32 do mundo, o carioca de 19 anos foi eliminado na estreia no Grand Slam em Melbourne pelo norte-americano Eliot Spizzirri (89\u00ba no ranking) por 3 sets a 1, com parciais de 6\/4, 2\/6, 6\/1 e 6\/2, ap\u00f3s 2h41min de partida.<img decoding=\"async\" src=\"https:\/\/agenciabrasil.ebc.com.br\/ebc.png?id=1675471&#038;o=rss\"><img decoding=\"async\" src=\"https:\/\/agenciabrasil.ebc.com.br\/ebc.gif?id=1675471&#038;o=rss\"><\/p>\n<p>Devido a dores lombares, Fonseca adiou por duas vezes a estreia em 2026: desistiu de competir os ATPs 250 de Brisbane e de Adelaide, ambos torneios preparat\u00f3rios para o Grand Slam australiano. Em outubro do ano passado, o carioca j\u00e1 antecipara o fim da temporada para tratar uma lombalgia (dor na regi\u00e3o lombar).<\/p>\n<\/p>\n<h3>Not\u00edcias relacionadas:<\/h3>\n<ul>\n<li><a href=\"https:\/\/agenciabrasil.ebc.com.br\/esportes\/noticia\/2026-01\/dores-lombares-tiram-joao-fonseca-de-mais-um-torneio-na-australia\">Dores lombares tiram Jo\u00e3o Fonseca de mais um torneio na Austr\u00e1lia.<\/a><\/li>\n<li><a href=\"https:\/\/agenciabrasil.ebc.com.br\/esportes\/noticia\/2026-01\/cob-anuncia-os-14-convocados-para-olimpiada-de-inverno-milao-cortina\">COB anuncia os 14 convocados para a Olimp\u00edada de Inverno Mil\u00e3o-Cortina.<\/a><\/li>\n<li><a href=\"https:\/\/agenciabrasil.ebc.com.br\/esportes\/noticia\/2026-01\/mbappe-pede-torcida-que-apoie-vini-jr-em-meio-dificuldades-do-real\">Mbapp\u00e9 pede \u00e0 torcida que apoie Vini Jr em meio a dificuldades do Real.<\/a><\/li>\n<\/ul>\n<p>\u201cEu diria que precisava de mais tempo. Desde o in\u00edcio de Brisbane eu n\u00e3o estava jogando, depois voltei, mas de forma lenta. Em seguida parei de novo. Fiquei quase 15 dias sem treinar a 100%, sem intensidade m\u00e1xima\u201d, avaliou Fonseca, n\u00famero 1 do Brasil, logo ap\u00f3s o rev\u00e9s em Melbourne.<\/p>\n<div class=\"dnd-widget-wrapper context-cheio_8colunas type-image\">\n<div class=\"dnd-atom-rendered\"><!-- scald=450682:cheio_8colunas --><br \/>\n            <img decoding=\"async\" src=\"https:\/\/agenciabrasil.ebc.com.br\/sites\/default\/files\/thumbnails\/image\/loading_v2.gif\" data-echo=\"https:\/\/imagens.ebc.com.br\/bVkN_4zaj66jZinsuNeZ95IukL0=\/754x0\/smart\/https:\/\/agenciabrasil.ebc.com.br\/sites\/default\/files\/thumbnails\/image\/2026\/01\/20\/joao_fonseca_estreia_aberto_da_australia_2026.jpg?itok=TQ9A42mC\" alt=\"Tennis - Australian Open - Melbourne Park, Melbourne, Australia - January 20, 2026 Eliot Spizzirri of the U.S. shakes hands with Brazil's Joao Fonseca after winning his first round match REUTERS\/Edgar Su\" title=\"Reuters\/Edgar Su\/Proibida reprodu\u00e7\u00e3o\"><br \/>\n        <noscript><img decoding=\"async\" src=\"https:\/\/imagens.ebc.com.br\/bVkN_4zaj66jZinsuNeZ95IukL0=\/754x0\/smart\/https:\/\/agenciabrasil.ebc.com.br\/sites\/default\/files\/thumbnails\/image\/2026\/01\/20\/joao_fonseca_estreia_aberto_da_australia_2026.jpg?itok=TQ9A42mC\" alt=\"Tennis - Australian Open - Melbourne Park, Melbourne, Australia - January 20, 2026 Eliot Spizzirri of the U.S. shakes hands with Brazil's Joao Fonseca after winning his first round match REUTERS\/Edgar Su\" title=\"Reuters\/Edgar Su\/Proibida reprodu\u00e7\u00e3o\"><\/noscript><br \/>\n    <!-- END scald=450682 --><\/div>\n<div class=\"dnd-caption-wrapper\">\n<div class=\"meta\">Jo\u00e3o Fonseca deu adeus ao primeiro Grand Slam do ano ap\u00f3s derrota para o norte-americano\u00a0Eliot Spizzirri. Pr\u00f3ximo compromisso do brasileiro ser\u00e1 o ATP 250 de Buenos Aires, a partir de 9 de fevereiro\u00a0&#8211; <strong>Reuters\/Edgar Su\/Proibida reprodu\u00e7\u00e3o<\/strong><!--END copyright=450682--><\/div>\n<\/div>\n<\/div>\n<p>Apesar da derrota, o brasileiro saiu confiante de quadra.<\/p>\n<p>\u201cAcho que na vida precisamos tirar coisas positivas das situa\u00e7\u00f5es. Minhas costas est\u00e3o 100%, estou saud\u00e1vel de novo. S\u00f3 precisava de tempo. Foi bom ver como lidar com uma partida em cinco sets sem estar fisicamente no melhor n\u00edvel. Eu me cansei mais cedo, faltou ritmo, mas foi uma experi\u00eancia importante para conhecer meus limites. N\u00e3o me arrependo de nada\u201d, conclui o jovem, que vai defender o bicampeonato no ATP 250 de Buenos Aires a partir de 9 de fevereiro.<\/p>\n<p>Com a elimina\u00e7\u00e3o de Fonseca, o Brasil n\u00e3o tem mais representantes na chave de simples do Aberto da Austr\u00e1lia. A paulista Beatriz Haddad Maia (39\u00aa no ranking) tamb\u00e9m deu adeus precoce ao Grand Slam: ela foi surpreendida na estreia, no \u00faltimo domingo (17), pela cazaque Yulia Putintseva, que venceu de virada, por 2 sets a 1 (3\/6, 7\/5 e 6\/3).<\/p>\n<h2>Duplas brasileiras em Melbourne<\/h2>\n<p>Duas parcerias com tenistas brasileiras estreiam a partir das 21h (hor\u00e1rio de Bras\u00edlia) desta ter\u00e7a (20) no Grand Slam australiano. Ao lado da canadense Gabriela Dabrowski, a paulista Luisa Stefani enfrenta a dupla das norte-americanas McCartney Kessler e Jessica Pegula. Ser\u00e1 o primeiro jogo de Stefani e Dabrowski em 2026, ap\u00f3s\u00a0retomarem a parceria para esta temporada.<\/p>\n<div class=\"dnd-widget-wrapper context-cheio_8colunas type-image\">\n<div class=\"dnd-atom-rendered\"><!-- scald=450685:cheio_8colunas --><br \/>\n            <img decoding=\"async\" src=\"https:\/\/agenciabrasil.ebc.com.br\/sites\/default\/files\/thumbnails\/image\/loading_v2.gif\" data-echo=\"https:\/\/imagens.ebc.com.br\/ogxeSsGKsxYH-ss_dESfQLXnOXM=\/754x0\/smart\/https:\/\/agenciabrasil.ebc.com.br\/sites\/default\/files\/thumbnails\/image\/2026\/01\/20\/luisa_stefani_e_gabriela_dabrowski_2026.jpg?itok=CLLyhiyy\" alt=\"Luisa Stefani, Gabriela Dabrowski, t\u00eanis, temporada 2026\" title=\"Divulga\u00e7\u00e3o\/ZDL Sports\"><br \/>\n        <noscript><img decoding=\"async\" src=\"https:\/\/imagens.ebc.com.br\/ogxeSsGKsxYH-ss_dESfQLXnOXM=\/754x0\/smart\/https:\/\/agenciabrasil.ebc.com.br\/sites\/default\/files\/thumbnails\/image\/2026\/01\/20\/luisa_stefani_e_gabriela_dabrowski_2026.jpg?itok=CLLyhiyy\" alt=\"Luisa Stefani, Gabriela Dabrowski, t\u00eanis, temporada 2026\" title=\"Divulga\u00e7\u00e3o\/ZDL Sports\"><\/noscript><br \/>\n    <!-- END scald=450685 --><\/div>\n<div class=\"dnd-caption-wrapper\">\n<div class=\"meta\">Ap\u00f3s dois anos, Stefani e\u00a0Dabrowski retomaram a parceria em 2026. Entre 2020 e 2023, a dupla foi campe\u00e3\u00a0do WTA 1000 de Montreal (Canad\u00e1) e vice-campe\u00e3\u00a0do WTA 1000 de Cincinnati e tamb\u00e9m WTA 500 de San Jose, ambos nos Estados Unidos\u00a0&#8211; <strong>Divulga\u00e7\u00e3o\/ZDL Sports<\/strong><!--END copyright=450685--><\/div>\n<\/div>\n<\/div>\n<p>Tamb\u00e9m pela primeira rodada, a dupla da paulista Laura Pigossi com a tcheca S\u00e1ra Bejlek que vai encarar as tchecas Jesika Maleckova e Miriam Kolodziej<\/p>\n<p>No masculino, a partir de 0h30 de quarta (21), os ga\u00fachos Rafael Matos e Orlando Luz disputam a primeira rodada em Melbourne contra os holandeses Jesper de Jong e Sem Verbeek. Mais tarde, \u00e0s 21h, a dupla do mineiro Marcelo Melo com o carioca Fernando Romboli estreia contra a dupla do mexicano Santiago Gonz\u00e1lez com o holand\u00eas David Pel.<\/p>\n<h2>Demais resultados<\/h2>\n<p>A dupla da carioca Ingrid Gamarra com a filipina Alexandra Eala foi eliminada do Grand Slam australiano nesta ter\u00e7a (20), ap\u00f3s derrota na estreia para a parceria da polonesa Magda Linette com a japonesa Shuko Aoyama, por 2 sets a 1, com parciais de 7\/6 (7-3), 6\/2 e 6\/3).<\/p>\n<p>Na segunda (19), a dupla do ga\u00facho Marcelo Demoliner com om o hol\u00e2nd\u00eas Jean-Julien Rojer tamb\u00e9m deu adeus a Mebourne ap\u00f3s derrota na estreia para os cazaques Alexander Bublik e Andriy Shevchenko, por 2 sets a 0 (6\/3 e 6\/2).<\/p>\n","protected":false},"excerpt":{"rendered":"<p>O tenista brasileiro Jo\u00e3o Fonseca deu adeus precoce \u00e0 chave principal do Aberto da Austr\u00e1lia, seu primeiro torneio na temporada 2026. N\u00famero 32 do mundo, o carioca de 19 anos foi eliminado na estreia no Grand Slam em Melbourne pelo norte-americano Eliot Spizzirri (89\u00ba no ranking) por 3 sets a 1, com parciais de 6\/4, [&hellip;]<\/p>\n","protected":false},"author":6,"featured_media":16226,"comment_status":"open","ping_status":"open","sticky":false,"template":"","format":"standard","meta":{"_monsterinsights_skip_tracking":false,"_monsterinsights_sitenote_active":false,"_monsterinsights_sitenote_note":"","_monsterinsights_sitenote_category":0,"site-sidebar-layout":"default","site-content-layout":"","ast-site-content-layout":"","site-content-style":"default","site-sidebar-style":"default","ast-global-header-display":"","ast-banner-title-visibility":"","ast-main-header-display":"","ast-hfb-above-header-display":"","ast-hfb-below-header-display":"","ast-hfb-mobile-header-display":"","site-post-title":"","ast-breadcrumbs-content":"","ast-featured-img":"","footer-sml-layout":"","theme-transparent-header-meta":"","adv-header-id-meta":"","stick-header-meta":"","header-above-stick-meta":"","header-main-stick-meta":"","header-below-stick-meta":"","astra-migrate-meta-layouts":"default","ast-page-background-enabled":"default","ast-page-background-meta":{"desktop":{"background-color":"var(--ast-global-color-4)","background-image":"","background-repeat":"repeat","background-position":"center center","background-size":"auto","background-attachment":"scroll","background-type":"","background-media":"","overlay-type":"","overlay-color":"","overlay-opacity":"","overlay-gradient":""},"tablet":{"background-color":"","background-image":"","background-repeat":"repeat","background-position":"center center","background-size":"auto","background-attachment":"scroll","background-type":"","background-media":"","overlay-type":"","overlay-color":"","overlay-opacity":"","overlay-gradient":""},"mobile":{"background-color":"","background-image":"","background-repeat":"repeat","background-position":"center center","background-size":"auto","background-attachment":"scroll","background-type":"","background-media":"","overlay-type":"","overlay-color":"","overlay-opacity":"","overlay-gradient":""}},"ast-content-background-meta":{"desktop":{"background-color":"var(--ast-global-color-5)","background-image":"","background-repeat":"repeat","background-position":"center center","background-size":"auto","background-attachment":"scroll","background-type":"","background-media":"","overlay-type":"","overlay-color":"","overlay-opacity":"","overlay-gradient":""},"tablet":{"background-color":"var(--ast-global-color-5)","background-image":"","background-repeat":"repeat","background-position":"center center","background-size":"auto","background-attachment":"scroll","background-type":"","background-media":"","overlay-type":"","overlay-color":"","overlay-opacity":"","overlay-gradient":""},"mobile":{"background-color":"var(--ast-global-color-5)","background-image":"","background-repeat":"repeat","background-position":"center center","background-size":"auto","background-attachment":"scroll","background-type":"","background-media":"","overlay-type":"","overlay-color":"","overlay-opacity":"","overlay-gradient":""}},"footnotes":""},"categories":[45],"tags":[],"class_list":["post-16225","post","type-post","status-publish","format-standard","has-post-thumbnail","hentry","category-esportes"],"aioseo_notices":[],"_links":{"self":[{"href":"https:\/\/conexaodjota.com.br\/index.php?rest_route=\/wp\/v2\/posts\/16225","targetHints":{"allow":["GET"]}}],"collection":[{"href":"https:\/\/conexaodjota.com.br\/index.php?rest_route=\/wp\/v2\/posts"}],"about":[{"href":"https:\/\/conexaodjota.com.br\/index.php?rest_route=\/wp\/v2\/types\/post"}],"author":[{"embeddable":true,"href":"https:\/\/conexaodjota.com.br\/index.php?rest_route=\/wp\/v2\/users\/6"}],"replies":[{"embeddable":true,"href":"https:\/\/conexaodjota.com.br\/index.php?rest_route=%2Fwp%2Fv2%2Fcomments&post=16225"}],"version-history":[{"count":0,"href":"https:\/\/conexaodjota.com.br\/index.php?rest_route=\/wp\/v2\/posts\/16225\/revisions"}],"wp:featuredmedia":[{"embeddable":true,"href":"https:\/\/conexaodjota.com.br\/index.php?rest_route=\/wp\/v2\/media\/16226"}],"wp:attachment":[{"href":"https:\/\/conexaodjota.com.br\/index.php?rest_route=%2Fwp%2Fv2%2Fmedia&parent=16225"}],"wp:term":[{"taxonomy":"category","embeddable":true,"href":"https:\/\/conexaodjota.com.br\/index.php?rest_route=%2Fwp%2Fv2%2Fcategories&post=16225"},{"taxonomy":"post_tag","embeddable":true,"href":"https:\/\/conexaodjota.com.br\/index.php?rest_route=%2Fwp%2Fv2%2Ftags&post=16225"}],"curies":[{"name":"wp","href":"https:\/\/api.w.org\/{rel}","templated":true}]}}