{"id":15557,"date":"2025-12-29T12:56:34","date_gmt":"2025-12-29T15:56:34","guid":{"rendered":"https:\/\/conexaodjota.com.br\/?p=15557"},"modified":"2025-12-29T12:56:34","modified_gmt":"2025-12-29T15:56:34","slug":"caminhos-da-reportagem-celebra-centenario-da-corrida-de-sao-silvestre","status":"publish","type":"post","link":"https:\/\/conexaodjota.com.br\/?p=15557","title":{"rendered":"Caminhos da Reportagem celebra centen\u00e1rio da Corrida de S\u00e3o Silvestre"},"content":{"rendered":"<\/p>\n<p><a class=\"\" href=\"https:\/\/agenciabrasil.ebc.com.br\/esportes\/noticia\/2025-12\/caminhos-da-reportagem-celebra-centenario-da-corrida-de-sao-silvestre\"><br \/>\n                    <img decoding=\"async\" src=\"https:\/\/cdn.jsdelivr.net\/gh\/sergiosdlima\/assets-ebc@1.0.0\/abr\/assets\/images\/logo-agenciabrasil.svg\" alt=\"Logo Ag\u00eancia Brasil\"><br \/>\n\t\t\t\t<\/a><\/p>\n<p><strong>Uma das provas mais ic\u00f4nicas do Brasil chega \u00e0 cent\u00e9sima edi\u00e7\u00e3o este ano: a S\u00e3o Silvestre. Criada em 1925 pelo empres\u00e1rio e jornalista C\u00e1sper L\u00edbero, a prova atravessou um s\u00e9culo de hist\u00f3ria e se consolidou como um dos eventos esportivos mais prestigiados do Brasil e da Am\u00e9rica Latina. <\/strong>Para marcar o\u00a0centen\u00e1rio, o premiado programa\u00a0<strong>Caminhos da Reportagem<\/strong>\u00a0apresenta epis\u00f3dio especial <em>100 vezes S\u00e3o Silvestre<\/em>, que vai ao ar excepcionalmente \u00e0s 22h30 desta segunda-feira (29), na\u00a0<strong>TV Brasil<\/strong>.<img decoding=\"async\" src=\"https:\/\/agenciabrasil.ebc.com.br\/ebc.png?id=1673592&#038;o=rss\"><img decoding=\"async\" src=\"https:\/\/agenciabrasil.ebc.com.br\/ebc.gif?id=1673592&#038;o=rss\"><\/p>\n<p>A corrida coroou atletas memor\u00e1veis e se firmou como s\u00edmbolo de celebra\u00e7\u00e3o e pertencimento nas ruas da capital paulista, atraindo, a cada edi\u00e7\u00e3o, milhares de corredores profissionais e amadores. O programa traz grandes nomes que contam a hist\u00f3ria do evento e celebram sua import\u00e2ncia para a cultura esportiva do pa\u00eds.<\/p>\n<\/p>\n<h3>Not\u00edcias relacionadas:<\/h3>\n<ul>\n<li><a href=\"https:\/\/agenciabrasil.ebc.com.br\/esportes\/noticia\/2025-12\/com-recorde-de-atletas-corrida-de-sao-silvestre-tera-centesima-edicao\">Com recorde de atletas, corrida de S\u00e3o Silvestre ter\u00e1 cent\u00e9sima edi\u00e7\u00e3o.<\/a><\/li>\n<li><a href=\"https:\/\/agenciabrasil.ebc.com.br\/esportes\/noticia\/2025-12\/retrospectiva-corinthians-segue-imponente-no-futebol-feminino-em-2025\">Retrospectiva: Corinthians segue imponente no futebol feminino em 2025.<\/a><\/li>\n<li><a href=\"https:\/\/agenciabrasil.ebc.com.br\/esportes\/noticia\/2025-12\/filho-de-zidane-estreia-na-copa-africana-de-nacoes-com-argelia\">Filho de Zidane estreia na Copa Africana de Na\u00e7\u00f5es com a Arg\u00e9lia.<\/a><\/li>\n<\/ul>\n<p><strong>Inspirada em corridas de rua que C\u00e1sper L\u00edbero conheceu em Paris, a corrida teve na sua primeira edi\u00e7\u00e3o 48 corredores<\/strong>. O jornalista e diretor-executivo da S\u00e3o Silvestre, Erick Castelhero, conta como a corrida j\u00e1 trazia, desde o in\u00edcio, uma de suas caracter\u00edsticas mais famosas.<\/p>\n<blockquote>\n<p>\u201cA ideia era sempre linkar ali a \u00faltima noite do ano com o R\u00e9veillon e j\u00e1 chamando para um novo ano. Talvez o C\u00e1sper n\u00e3o imaginasse que [a prova] ia chegar ao que ela \u00e9 hoje.\u201d\u00a0<\/p>\n<\/blockquote>\n<p><strong>Nas primeiras edi\u00e7\u00f5es, apenas atletas brasileiros disputavam a prova. O primeiro vencedor foi Alfredo Gomes. Neto de escravizados, ele \u00e9 tamb\u00e9m o primeiro atleta brasileiro negro a participar dos Jogos Ol\u00edmpicos<\/strong>. Em 1945, corredores estrangeiros come\u00e7aram a participar da competi\u00e7\u00e3o.<\/p>\n<p>A partir dessa mudan\u00e7a, o Brasil ficou d\u00e9cadas sem vencer a prova. <strong>O jejum foi encerrado em 1980, com a hist\u00f3rica vit\u00f3ria de Jos\u00e9 Jo\u00e3o da Silva. Atleta do S\u00e3o Paulo Futebol Clube, ele comenta o impacto daquele t\u00edtulo, assumindo a lideran\u00e7a nos \u00faltimos metros.<\/strong>\u00a0<\/p>\n<blockquote>\n<p>\u201cAli eu n\u00e3o tinha ideia, para te falar a verdade, do tamanho da vit\u00f3ria. Parou o pa\u00eds, foi uma Copa do Mundo. Essa vit\u00f3ria foi um marco grande.\u201d<\/p>\n<\/blockquote>\n<p><strong>Cinco anos depois, o atleta venceria novamente a prova, tornando-se um dos poucos brasileiros a alcan\u00e7arem tal feito<\/strong>.<\/p>\n<p>O crescimento da S\u00e3o Silvestre e do seu n\u00edvel competitivo atraiu atletas de v\u00e1rias partes do mundo. A mexicana Mar\u00eda del Carmen D\u00edaz, tricampe\u00e3 da S\u00e3o Silvestre (1989, 1990 e 1992), treinava numa regi\u00e3o de vulc\u00f5es pr\u00f3xima a Toluca, sua cidade natal. <strong>Em S\u00e3o Paulo, superou o calor de 30 graus para vencer a primeira S\u00e3o Silvestre disputada no per\u00edodo da tarde. Ela rememora com carinho o apoio do povo nas ruas:<\/strong><\/p>\n<blockquote>\n<p>\u201cEu realmente admiro o p\u00fablico brasileiro porque, como sempre disse, fui mais reconhecida em outro pa\u00eds do que no pr\u00f3prio M\u00e9xico.Sinto orgulho porque h\u00e1 corredoras, corredores e crian\u00e7as que me dizem que, por minha causa, praticam esportes e gostam de corridas.\u201d<\/p>\n<\/blockquote>\n<p><strong>Foi apenas a partir da 51\u00aa edi\u00e7\u00e3o que a S\u00e3o Silvestre passou a ter uma prova feminina<\/strong>. A maior vencedora \u00e9 a portuguesa Rosa Mota, com seis t\u00edtulos consecutivos que inspiraram gera\u00e7\u00f5es de novas corredoras.<\/p>\n<p>A brasileira Maria Zeferina Baldaia assistiu as vit\u00f3rias de Rosa na TV, quando crian\u00e7a, e decidiu que tamb\u00e9m queria ser atleta. No entanto, realizar o sonho de vencer a S\u00e3o Silvestre n\u00e3o foi nada f\u00e1cil.<\/p>\n<blockquote>\n<p>\u201cEu corri durante 15 anos descal\u00e7a porque eu n\u00e3o tinha t\u00eanis, meus pais n\u00e3o tinham condi\u00e7\u00f5es de comprar e mesmo assim eu continuei correndo. Eu tinha o objetivo de ajudar minha fam\u00edlia\u201d, relembra Maria.<\/p>\n<\/blockquote>\n<p><strong>Treinando nos canaviais de Sert\u00e3ozinho, no interior de S\u00e3o Paulo, Maria Zeferina deu os primeiros passos que a levariam \u00e0 inesquec\u00edvel vit\u00f3ria da S\u00e3o Silvestre em 2001<\/strong>. O t\u00edtulo n\u00e3o mudou apenas a vida de sua fam\u00edlia, mas tamb\u00e9m ajudou a fortalecer a cultura esportiva na sua cidade, que hoje conta com um centro ol\u00edmpico batizado com seu nome: \u201cE hoje eu poder estar fazendo o que eu ainda fa\u00e7o, que \u00e9 correr e poder treinar e ver as crian\u00e7as, jovens e adultos, isso n\u00e3o tem pre\u00e7o\u201d.<\/p>\n<h2>Fen\u00f4meno popular<\/h2>\n<p>Ao longo de um s\u00e9culo, a S\u00e3o Silvestre se consolidou tamb\u00e9m como um fen\u00f4meno popular. Milhares de atletas amadores de todo o pa\u00eds se encontram na Avenida Paulista para celebrar a virada do ano, a supera\u00e7\u00e3o dos pr\u00f3prios limites e a paix\u00e3o por correr.<\/p>\n<p>Entre eles, estar\u00e1 Ana Garcez, conhecida pela comunidade do atletismo como \u201cAna Animal\u201d. Irreverente e com muitos resultados de destaque, ela chegou a morar nas ruas, mas hoje tem a chance de passar por essas mesmas vias celebrando a corrida como um prop\u00f3sito na sua vida.<\/p>\n<blockquote>\n<p>\u201cA corrida me trouxe perseveran\u00e7a, me trouxe alegria. Se n\u00e3o fosse a corrida, hoje eu n\u00e3o estava falando aqui com voc\u00ea\u201d, conclui.\u00a0<\/p>\n<\/blockquote>\n<p><strong>Para marcar o centen\u00e1rio, a S\u00e3o Silvestre deste ano ser\u00e1 a maior edi\u00e7\u00e3o da hist\u00f3ria. S\u00e3o esperados cerca de 55 mil participantes, com provas feminina, masculina, para pessoas com defici\u00eancia e tamb\u00e9m a S\u00e3o Silvestrinha, evento que re\u00fane duas mil crian\u00e7as e adolescentes de v\u00e1rias partes do pa\u00eds, formando uma nova gera\u00e7\u00e3o de apaixonados por corrida<\/strong>.<\/p>\n","protected":false},"excerpt":{"rendered":"<p>Uma das provas mais ic\u00f4nicas do Brasil chega \u00e0 cent\u00e9sima edi\u00e7\u00e3o este ano: a S\u00e3o Silvestre. Criada em 1925 pelo empres\u00e1rio e jornalista C\u00e1sper L\u00edbero, a prova atravessou um s\u00e9culo de hist\u00f3ria e se consolidou como um dos eventos esportivos mais prestigiados do Brasil e da Am\u00e9rica Latina. Para marcar o\u00a0centen\u00e1rio, o premiado programa\u00a0Caminhos da [&hellip;]<\/p>\n","protected":false},"author":41,"featured_media":15558,"comment_status":"open","ping_status":"open","sticky":false,"template":"","format":"standard","meta":{"_monsterinsights_skip_tracking":false,"_monsterinsights_sitenote_active":false,"_monsterinsights_sitenote_note":"","_monsterinsights_sitenote_category":0,"site-sidebar-layout":"default","site-content-layout":"","ast-site-content-layout":"","site-content-style":"default","site-sidebar-style":"default","ast-global-header-display":"","ast-banner-title-visibility":"","ast-main-header-display":"","ast-hfb-above-header-display":"","ast-hfb-below-header-display":"","ast-hfb-mobile-header-display":"","site-post-title":"","ast-breadcrumbs-content":"","ast-featured-img":"","footer-sml-layout":"","theme-transparent-header-meta":"","adv-header-id-meta":"","stick-header-meta":"","header-above-stick-meta":"","header-main-stick-meta":"","header-below-stick-meta":"","astra-migrate-meta-layouts":"default","ast-page-background-enabled":"default","ast-page-background-meta":{"desktop":{"background-color":"var(--ast-global-color-4)","background-image":"","background-repeat":"repeat","background-position":"center center","background-size":"auto","background-attachment":"scroll","background-type":"","background-media":"","overlay-type":"","overlay-color":"","overlay-opacity":"","overlay-gradient":""},"tablet":{"background-color":"","background-image":"","background-repeat":"repeat","background-position":"center center","background-size":"auto","background-attachment":"scroll","background-type":"","background-media":"","overlay-type":"","overlay-color":"","overlay-opacity":"","overlay-gradient":""},"mobile":{"background-color":"","background-image":"","background-repeat":"repeat","background-position":"center center","background-size":"auto","background-attachment":"scroll","background-type":"","background-media":"","overlay-type":"","overlay-color":"","overlay-opacity":"","overlay-gradient":""}},"ast-content-background-meta":{"desktop":{"background-color":"var(--ast-global-color-5)","background-image":"","background-repeat":"repeat","background-position":"center center","background-size":"auto","background-attachment":"scroll","background-type":"","background-media":"","overlay-type":"","overlay-color":"","overlay-opacity":"","overlay-gradient":""},"tablet":{"background-color":"var(--ast-global-color-5)","background-image":"","background-repeat":"repeat","background-position":"center center","background-size":"auto","background-attachment":"scroll","background-type":"","background-media":"","overlay-type":"","overlay-color":"","overlay-opacity":"","overlay-gradient":""},"mobile":{"background-color":"var(--ast-global-color-5)","background-image":"","background-repeat":"repeat","background-position":"center center","background-size":"auto","background-attachment":"scroll","background-type":"","background-media":"","overlay-type":"","overlay-color":"","overlay-opacity":"","overlay-gradient":""}},"footnotes":""},"categories":[45],"tags":[],"class_list":["post-15557","post","type-post","status-publish","format-standard","has-post-thumbnail","hentry","category-esportes"],"aioseo_notices":[],"_links":{"self":[{"href":"https:\/\/conexaodjota.com.br\/index.php?rest_route=\/wp\/v2\/posts\/15557","targetHints":{"allow":["GET"]}}],"collection":[{"href":"https:\/\/conexaodjota.com.br\/index.php?rest_route=\/wp\/v2\/posts"}],"about":[{"href":"https:\/\/conexaodjota.com.br\/index.php?rest_route=\/wp\/v2\/types\/post"}],"author":[{"embeddable":true,"href":"https:\/\/conexaodjota.com.br\/index.php?rest_route=\/wp\/v2\/users\/41"}],"replies":[{"embeddable":true,"href":"https:\/\/conexaodjota.com.br\/index.php?rest_route=%2Fwp%2Fv2%2Fcomments&post=15557"}],"version-history":[{"count":0,"href":"https:\/\/conexaodjota.com.br\/index.php?rest_route=\/wp\/v2\/posts\/15557\/revisions"}],"wp:featuredmedia":[{"embeddable":true,"href":"https:\/\/conexaodjota.com.br\/index.php?rest_route=\/wp\/v2\/media\/15558"}],"wp:attachment":[{"href":"https:\/\/conexaodjota.com.br\/index.php?rest_route=%2Fwp%2Fv2%2Fmedia&parent=15557"}],"wp:term":[{"taxonomy":"category","embeddable":true,"href":"https:\/\/conexaodjota.com.br\/index.php?rest_route=%2Fwp%2Fv2%2Fcategories&post=15557"},{"taxonomy":"post_tag","embeddable":true,"href":"https:\/\/conexaodjota.com.br\/index.php?rest_route=%2Fwp%2Fv2%2Ftags&post=15557"}],"curies":[{"name":"wp","href":"https:\/\/api.w.org\/{rel}","templated":true}]}}