{"id":15509,"date":"2025-12-27T09:03:50","date_gmt":"2025-12-27T12:03:50","guid":{"rendered":"https:\/\/conexaodjota.com.br\/?p=15509"},"modified":"2025-12-27T09:03:50","modified_gmt":"2025-12-27T12:03:50","slug":"retrospectiva-atletismo-e-judo-sao-destaques-na-temporada-paralimpica","status":"publish","type":"post","link":"https:\/\/conexaodjota.com.br\/?p=15509","title":{"rendered":"Retrospectiva: atletismo e jud\u00f4 s\u00e3o destaques na temporada paral\u00edmpica"},"content":{"rendered":"<\/p>\n<p><a class=\"\" href=\"https:\/\/agenciabrasil.ebc.com.br\/esportes\/noticia\/2025-12\/atletismo-e-judo-sao-destaques-na-temporada-paralimpica-brasileira\"><br \/>\n                    <img decoding=\"async\" src=\"https:\/\/cdn.jsdelivr.net\/gh\/sergiosdlima\/assets-ebc@1.0.0\/abr\/assets\/images\/logo-agenciabrasil.svg\" alt=\"Logo Ag\u00eancia Brasil\"><br \/>\n\t\t\t\t<\/a><\/p>\n<p>O ano do esporte paral\u00edmpico no pa\u00eds, o primeiro do ciclo dos Jogos de Los Angeles (Estados Unidos), em 2028, foi marcado por desempenhos hist\u00f3ricos nos Campeonatos Mundiais de atletismo e jud\u00f4, nos quais o Brasil ocupou o topo do quadro de medalhas. Mas tamb\u00e9m houve tens\u00e3o de bastidores com o embate entre atletas e a Confedera\u00e7\u00e3o Brasileira de T\u00eanis de Mesa (CBTM) por exig\u00eancias pol\u00eamicas referentes ao Bolsa Atleta.<img decoding=\"async\" src=\"https:\/\/agenciabrasil.ebc.com.br\/ebc.png?id=1671293&#038;o=rss\"><img decoding=\"async\" src=\"https:\/\/agenciabrasil.ebc.com.br\/ebc.gif?id=1671293&#038;o=rss\"><\/p>\n<p>O come\u00e7o da temporada 2025 traz otimismo para o ano que se inicia. Em fevereiro, <a href=\"https:\/\/agenciabrasil.ebc.com.br\/esportes\/noticia\/2025-03\/ribera-e-ouro-no-sprint-do-mundial-de-para-esqui-cross-country\" target=\"_blank\">Cristian Ribera se tornou campe\u00e3o mundial de esqui cross country em Trondheim (Noruega), na prova de sprint (um quil\u00f4metro)<\/a>. O rondoniense \u00e9 esperan\u00e7a de medalha para o Brasil na Paralimp\u00edada de Inverno, que ser\u00e1 nas cidades italianas de Mil\u00e3o e Cortina, em mar\u00e7o de 2026.<\/p>\n<\/p>\n<h3>Not\u00edcias relacionadas:<\/h3>\n<ul>\n<li><a href=\"https:\/\/agenciabrasil.ebc.com.br\/esportes\/noticia\/2025-10\/brasil-fecha-mundial-de-halterofilismo-com-ouro-nas-equipes-femininas\">Brasil fecha Mundial de halterofilismo com ouro nas equipes femininas.<\/a><\/li>\n<li><a href=\"https:\/\/agenciabrasil.ebc.com.br\/esportes\/noticia\/2025-10\/brasil-faz-historia-e-termina-mundial-de-atletismo-paralimpico-em-1o\">Brasil faz hist\u00f3ria e termina Mundial de Atletismo Paral\u00edmpico em 1\u00ba.<\/a><\/li>\n<li><a href=\"https:\/\/agenciabrasil.ebc.com.br\/esportes\/noticia\/2025-08\/lauro-chaman-leva-o-tricampeonato-mundial-de-paraciclismo-na-belgica\">Lauro Chaman leva tricampeonato Mundial de Paraciclismo na B\u00e9lgica.<\/a><\/li>\n<\/ul>\n<p>Na Copa do Mundo de t\u00eanis em cadeira de rodas, disputada em Antalya (Turquia), no m\u00eas de maio, a sele\u00e7\u00e3o brasileira da classe quad (atletas com limita\u00e7\u00f5es em ao menos tr\u00eas membros) chegou \u00e0 final pela primeira vez, conquistando a prata, superada pela Holanda. Na categoria j\u00fanior, o Brasil foi semifinalista e ficou em quarto, com participa\u00e7\u00e3o importante dos mineiros Vit\u00f3ria Miranda e Luiz Calixto.<\/p>\n<p>Eles tamb\u00e9m brilharam nos Grand Slams, como s\u00e3o conhecidos os mais tradicionais eventos da modalidade. <a href=\"https:\/\/agenciabrasil.ebc.com.br\/esportes\/noticia\/2025-01\/vitoria-miranda-e-luiz-calixto-sao-campeoes-no-aberto-da-australia\" target=\"_blank\">Vit\u00f3ria foi campe\u00e3 de simples e duplas femininas (ao lado da belga Luna Gryp) no Aberto da Austr\u00e1lia e em Roland Garros<\/a>, na Fran\u00e7a. Luiz venceu o torneio de duplas masculinas em solo australiano, junto do norte-americano Charlie Cooper. Foi o \u00faltimo ano de ambos nos juniores.<\/p>\n<p>Assim como no t\u00eanis em cadeira de rodas, o Mundial de jud\u00f4 ocorreu em maio, na cidade de Astana (Cazaquist\u00e3o). O Brasil foi 13 vezes ao p\u00f3dio, sendo cinco no topo, liderando o quadro de medalhas de maneira in\u00e9dita. O evento consagrou a paulista Alana Maldonado, tricampe\u00e3 na categoria at\u00e9 70 quilos (kg) da classe J2 (baixa vis\u00e3o), e o paraibano Wilians Ara\u00fajo, que foi bi na categoria acima de 95 kg da classe J1 (cego total).<\/p>\n<p>Destaque tamb\u00e9m \u00e0 final 100% brasileira entre judocas acima de 70 kg da classe J2, marcada pela vit\u00f3ria de Rebeca Silva sobre a tamb\u00e9m paulista Meg Emmerich. E aos ouros in\u00e9ditos da carioca Brenda Freitas na categoria at\u00e9 70kg e da potiguar Rosi Andrade na categoria at\u00e9 52 kg, ambos na classe J1.<\/p>\n<p>No Mundial de canoagem, em Mil\u00e3o, o sul-mato-grossense Fernando Rufino conquistou o \u00fanico ouro brasileiro, nos 200 metros (m) da classe VL2 (atletas que utilizam tronco e bra\u00e7os na remada), repetindo a dobradinha da final paral\u00edmpica dos Jogos de Paris, na Fran\u00e7a, em 2024, com o paranaense Igor Tofalini em segundo. Ao todo, o pa\u00eds foi ao p\u00f3dio cinco vezes na It\u00e1lia.<\/p>\n<p>Mesmo desempenho do Brasil no Mundial de ciclismo de estrada, em Ronce (B\u00e9lgica), tamb\u00e9m em agosto, que teve o paulista <a href=\"https:\/\/agenciabrasil.ebc.com.br\/esportes\/noticia\/2025-08\/lauro-chaman-leva-o-tricampeonato-mundial-de-paraciclismo-na-belgica\" target=\"_blank\">Lauro Chaman assegurando o tricampeonato da prova de resist\u00eancia da classe C5 (defici\u00eancias moderadas de membros superiores)<\/a>. J\u00e1 no de <a href=\"https:\/\/agenciabrasil.ebc.com.br\/esportes\/noticia\/2025-10\/paraciclismo-sabrina-custodia-e-ouro-e-1a-recordista-mundial-do-pa%C3%ADs\" target=\"_blank\">ciclismo de pista, que ocorreu no Vel\u00f3dromo do Rio de Janeiro, em outubro, a equipe brasileira obteve nove medalhas, com destaque ao ouro &#8211; com recorde &#8211; da paulista Sabrina Cust\u00f3dia no contrarrel\u00f3gio (1 km) da classe C2 (comprometimento f\u00edsico-motor que n\u00e3o impede a utiliza\u00e7\u00e3o de uma bicicleta convencional)<\/a>.<\/p>\n<p>Em setembro veio o <a href=\"https:\/\/agenciabrasil.ebc.com.br\/esportes\/noticia\/2025-09\/brasil-conquista-mais-quatro-ouros-e-tres-pratas-no-mundial-de-natacao\" target=\"_blank\">Mundial de Nata\u00e7\u00e3o em Singapura<\/a>. A briga pelo topo do quadro de medalhas foi equilibrada, com a It\u00e1lia encabe\u00e7ando a lista com 18 ouros. O Brasil ficou em sexto, com 13 douradas e 39 p\u00f3dios. O mineiro Gabriel Ara\u00fajo, o Gabrielzinho, da classe S2 (a segunda de maior comprometimento f\u00edsico-motor), e a pernambucana Carol Santiago, da S12 (baixa vis\u00e3o), foram as estrelas, com tr\u00eas ouros cada.<\/p>\n<p>J\u00e1 no m\u00eas de outubro, <a href=\"https:\/\/agenciabrasil.ebc.com.br\/esportes\/noticia\/2025-10\/brasil-faz-historia-e-termina-mundial-de-atletismo-paralimpico-em-1o\" target=\"_blank\">o Brasil fez hist\u00f3ria em Nova D\u00e9li, com a sele\u00e7\u00e3o de atletismo terminando o Mundial da \u00cdndia no topo, com 15 ouros, 20 pratas e nove bronzes<\/a>, ficando \u00e0 frente da China. Nas tr\u00eas edi\u00e7\u00f5es anteriores, os brasileiros tinham sido vice. Para ter dimens\u00e3o do feito, foi apenas a segunda vez que os chineses n\u00e3o ocuparam o primeiro lugar da competi\u00e7\u00e3o.<\/p>\n<p>E n\u00e3o tem como a estrela verde e amarela em solo indiano n\u00e3o ser <a href=\"https:\/\/agenciabrasil.ebc.com.br\/esportes\/noticia\/2025-10\/mundial-de-atletismo-paralimpico-jerusa-geber-garante-tetracampeonato\" target=\"_blank\">Jerusa Geber. A acreana conquistou dois ouros, sendo tetracampe\u00e3 dos 100 m rasos da classe T11 (cego total)<\/a>. Ela atingiu 13 p\u00f3dios em Mundiais (sete ouros, cinco pratas e um bronze), superando as 12 medalhas (oito ouros e quatro pratas) da mineira Terezinha Guilhermina, que competia na mesma categoria.<\/p>\n<p>Ainda em outubro, no <a href=\"https:\/\/agenciabrasil.ebc.com.br\/esportes\/noticia\/2025-10\/brasil-fecha-mundial-de-halterofilismo-com-ouro-nas-equipes-femininas\" target=\"_blank\">Mundial de halterofilismo<\/a>, a sele\u00e7\u00e3o feminina conquistou a medalha de ouro por equipes, com a carioca Tayana Medeiros, a mineira Lara Lima e a paulista Mariana d&#8217;Andrea. Elas tamb\u00e9m foram ao p\u00f3dio no Cairo (Egito) nas disputas individuais. Mariana e Tayana ficaram com a prata nas categorias at\u00e9 73 kg e 86 kg, respectivamente, enquanto Lara foi bronze entre as atletas at\u00e9 41 kg.<\/p>\n<p>Apesar de o Mundial de t\u00eanis de mesa ser em 2026, a modalidade tamb\u00e9m esteve em evid\u00eancia este ano, mas por conta dos bastidores. Em julho, um grupo de nove atletas (que somam 16 medalhas paral\u00edmpicas) enviou um of\u00edcio ao Minist\u00e9rio do Esporte manifestando insatisfa\u00e7\u00e3o com a CBTM.<\/p>\n<p>Entre as reclama\u00e7\u00f5es est\u00e1 a exig\u00eancia de que eles investissem um percentual (que variava de 30% a 60%) do Bolsa-P\u00f3dio &#8211; principal categoria do Bolsa Atleta &#8211; para custearem a participa\u00e7\u00e3o em campeonatos internacionais e que o planejamento de cada um contemplasse pelo menos dez eventos fora do pa\u00eds. Apenas assim o plano esportivo deles seria aprovado pela entidade &#8211; o que \u00e9 necess\u00e1rio para receberem o benef\u00edcio junto ao Governo Federal.<\/p>\n<p>No of\u00edcio os mesatenistas pediram, entre outras a\u00e7\u00f5es, a interven\u00e7\u00e3o na confedera\u00e7\u00e3o, o reconhecimento da excel\u00eancia por resultados e n\u00e3o pela quantidade de eventos disputados e cobran\u00e7a quanto \u00e0 elabora\u00e7\u00e3o de um planejamento com \u201ccrit\u00e9rios t\u00e9cnicos objetivos\u201d. Em resposta, o Minist\u00e9rio informou que \u201cn\u00e3o h\u00e1 previs\u00e3o, no normativo vigente do Programa Bolsa Atleta\u201d, referente \u00e0s exig\u00eancias da CBTM. A entidade acabou revogando a medida, mas o racha permanece.<\/p>\n","protected":false},"excerpt":{"rendered":"<p>O ano do esporte paral\u00edmpico no pa\u00eds, o primeiro do ciclo dos Jogos de Los Angeles (Estados Unidos), em 2028, foi marcado por desempenhos hist\u00f3ricos nos Campeonatos Mundiais de atletismo e jud\u00f4, nos quais o Brasil ocupou o topo do quadro de medalhas. Mas tamb\u00e9m houve tens\u00e3o de bastidores com o embate entre atletas e [&hellip;]<\/p>\n","protected":false},"author":112,"featured_media":15510,"comment_status":"open","ping_status":"open","sticky":false,"template":"","format":"standard","meta":{"_monsterinsights_skip_tracking":false,"_monsterinsights_sitenote_active":false,"_monsterinsights_sitenote_note":"","_monsterinsights_sitenote_category":0,"site-sidebar-layout":"default","site-content-layout":"","ast-site-content-layout":"","site-content-style":"default","site-sidebar-style":"default","ast-global-header-display":"","ast-banner-title-visibility":"","ast-main-header-display":"","ast-hfb-above-header-display":"","ast-hfb-below-header-display":"","ast-hfb-mobile-header-display":"","site-post-title":"","ast-breadcrumbs-content":"","ast-featured-img":"","footer-sml-layout":"","theme-transparent-header-meta":"","adv-header-id-meta":"","stick-header-meta":"","header-above-stick-meta":"","header-main-stick-meta":"","header-below-stick-meta":"","astra-migrate-meta-layouts":"default","ast-page-background-enabled":"default","ast-page-background-meta":{"desktop":{"background-color":"var(--ast-global-color-4)","background-image":"","background-repeat":"repeat","background-position":"center center","background-size":"auto","background-attachment":"scroll","background-type":"","background-media":"","overlay-type":"","overlay-color":"","overlay-opacity":"","overlay-gradient":""},"tablet":{"background-color":"","background-image":"","background-repeat":"repeat","background-position":"center center","background-size":"auto","background-attachment":"scroll","background-type":"","background-media":"","overlay-type":"","overlay-color":"","overlay-opacity":"","overlay-gradient":""},"mobile":{"background-color":"","background-image":"","background-repeat":"repeat","background-position":"center center","background-size":"auto","background-attachment":"scroll","background-type":"","background-media":"","overlay-type":"","overlay-color":"","overlay-opacity":"","overlay-gradient":""}},"ast-content-background-meta":{"desktop":{"background-color":"var(--ast-global-color-5)","background-image":"","background-repeat":"repeat","background-position":"center center","background-size":"auto","background-attachment":"scroll","background-type":"","background-media":"","overlay-type":"","overlay-color":"","overlay-opacity":"","overlay-gradient":""},"tablet":{"background-color":"var(--ast-global-color-5)","background-image":"","background-repeat":"repeat","background-position":"center center","background-size":"auto","background-attachment":"scroll","background-type":"","background-media":"","overlay-type":"","overlay-color":"","overlay-opacity":"","overlay-gradient":""},"mobile":{"background-color":"var(--ast-global-color-5)","background-image":"","background-repeat":"repeat","background-position":"center center","background-size":"auto","background-attachment":"scroll","background-type":"","background-media":"","overlay-type":"","overlay-color":"","overlay-opacity":"","overlay-gradient":""}},"footnotes":""},"categories":[45],"tags":[],"class_list":["post-15509","post","type-post","status-publish","format-standard","has-post-thumbnail","hentry","category-esportes"],"aioseo_notices":[],"_links":{"self":[{"href":"https:\/\/conexaodjota.com.br\/index.php?rest_route=\/wp\/v2\/posts\/15509","targetHints":{"allow":["GET"]}}],"collection":[{"href":"https:\/\/conexaodjota.com.br\/index.php?rest_route=\/wp\/v2\/posts"}],"about":[{"href":"https:\/\/conexaodjota.com.br\/index.php?rest_route=\/wp\/v2\/types\/post"}],"author":[{"embeddable":true,"href":"https:\/\/conexaodjota.com.br\/index.php?rest_route=\/wp\/v2\/users\/112"}],"replies":[{"embeddable":true,"href":"https:\/\/conexaodjota.com.br\/index.php?rest_route=%2Fwp%2Fv2%2Fcomments&post=15509"}],"version-history":[{"count":0,"href":"https:\/\/conexaodjota.com.br\/index.php?rest_route=\/wp\/v2\/posts\/15509\/revisions"}],"wp:featuredmedia":[{"embeddable":true,"href":"https:\/\/conexaodjota.com.br\/index.php?rest_route=\/wp\/v2\/media\/15510"}],"wp:attachment":[{"href":"https:\/\/conexaodjota.com.br\/index.php?rest_route=%2Fwp%2Fv2%2Fmedia&parent=15509"}],"wp:term":[{"taxonomy":"category","embeddable":true,"href":"https:\/\/conexaodjota.com.br\/index.php?rest_route=%2Fwp%2Fv2%2Fcategories&post=15509"},{"taxonomy":"post_tag","embeddable":true,"href":"https:\/\/conexaodjota.com.br\/index.php?rest_route=%2Fwp%2Fv2%2Ftags&post=15509"}],"curies":[{"name":"wp","href":"https:\/\/api.w.org\/{rel}","templated":true}]}}