{"id":15391,"date":"2025-12-23T21:56:47","date_gmt":"2025-12-24T00:56:47","guid":{"rendered":"https:\/\/conexaodjota.com.br\/?p=15391"},"modified":"2025-12-23T21:56:47","modified_gmt":"2025-12-24T00:56:47","slug":"lyon-anuncia-contratacao-por-emprestimo-do-atacante-endrick","status":"publish","type":"post","link":"https:\/\/conexaodjota.com.br\/?p=15391","title":{"rendered":"Lyon anuncia contrata\u00e7\u00e3o por empr\u00e9stimo do atacante Endrick"},"content":{"rendered":"<\/p>\n<p><a class=\"\" href=\"https:\/\/agenciabrasil.ebc.com.br\/esportes\/noticia\/2025-12\/lyon-anuncia-contratacao-por-emprestimo-do-atacante-endrick\"><br \/>\n                    <img decoding=\"async\" src=\"https:\/\/cdn.jsdelivr.net\/gh\/sergiosdlima\/assets-ebc@1.0.0\/abr\/assets\/images\/logo-agenciabrasil.svg\" alt=\"Logo Ag\u00eancia Brasil\"><br \/>\n\t\t\t\t<\/a><\/p>\n<p>O Lyon (Fran\u00e7a) anunciou a contrata\u00e7\u00e3o por empr\u00e9stimo do atacante Endrick. Segundo o Real Madrid (Espanha), que det\u00e9m os direitos do jogador de 19 anos de idade, o v\u00ednculo vale at\u00e9 o final da atual temporada europeia, no dia 30 de junho de 2026.<img decoding=\"async\" src=\"https:\/\/agenciabrasil.ebc.com.br\/ebc.png?id=1673251&#038;o=rss\"><img decoding=\"async\" src=\"https:\/\/agenciabrasil.ebc.com.br\/ebc.gif?id=1673251&#038;o=rss\"><\/p>\n<blockquote class=\"twitter-tweet\">\n<p dir=\"ltr\" lang=\"pt\" xml:lang=\"pt\">\ud83c\udde7\ud83c\uddf7 O homem vai brilhar de \ud83d\udd34\ud83d\udd35<\/p>\n<p>Sinta-se em casa, <a href=\"https:\/\/twitter.com\/Endrick?ref_src=twsrc%5Etfw\">@Endrick<\/a>! \ud83d\udc4a <a href=\"https:\/\/t.co\/pZQZchSLvK\">pic.twitter.com\/pZQZchSLvK<\/a><\/p>\n<p>\u2014 Olympique Lyonnais \ud83c\udde7\ud83c\uddf7\ud83c\uddf5\ud83c\uddf9 (@OL_Portugues) <a href=\"https:\/\/twitter.com\/OL_Portugues\/status\/2003550725792764252?ref_src=twsrc%5Etfw\">December 23, 2025<\/a><\/p><\/blockquote>\n<p><script async=\"\" src=\"https:\/\/platform.twitter.com\/widgets.js\" charset=\"utf-8\"><\/script><\/p>\n<h3>Not\u00edcias relacionadas:<\/h3>\n<ul>\n<li><a href=\"https:\/\/agenciabrasil.ebc.com.br\/esportes\/noticia\/2024-06\/endrick-decide-e-brasil-bate-mexico-em-preparatorio-para-copa-america\">Endrick decide e Brasil bate M\u00e9xico em prepara\u00e7\u00e3o para a Copa Am\u00e9rica.<\/a><\/li>\n<li><a href=\"https:\/\/agenciabrasil.ebc.com.br\/esportes\/noticia\/2024-09\/endrick-estreia-na-liga-dos-campeoes-com-gol-pelo-real-madrid\">Endrick estreia na Liga dos Campe\u00f5es com gol pelo Real Madrid.<\/a><\/li>\n<li><a href=\"https:\/\/agenciabrasil.ebc.com.br\/esportes\/noticia\/2025-05\/lesionado-endrick-esta-fora-da-1a-convocacao-de-ancelotti-na-selecao\">Lesionado, Endrick est\u00e1 fora da 1\u00aa convoca\u00e7\u00e3o de Ancelotti na sele\u00e7\u00e3o.<\/a><\/li>\n<\/ul>\n<p>\u201cO Olympique Lyonnais est\u00e1 muito satisfeito em receber Endrick, que se juntar\u00e1 ao elenco profissional a partir de 29 de dezembro, e agradece ao Real Madrid pela qualidade das conversas e da colabora\u00e7\u00e3o que tornaram sua chegada poss\u00edvel\u201d, diz a equipe francesa em nota.<\/p>\n<p>Ap\u00f3s um bom in\u00edcio pela equipe espanhola, o jovem atacante acabou sofrendo com les\u00f5es e perdeu espa\u00e7o no Real Madrid. Al\u00e9m disso, a chegada do t\u00e9cnico espanhol Xabi Alonso tamb\u00e9m contribuiu para o menor n\u00famero de oportunidades recebidas pelo brasileiro.<\/p>\n<p>No Lyon Endrick espera receber mais oportunidades de jogar e mostrar ao t\u00e9cnico da sele\u00e7\u00e3o brasileira, o italiano Carlo Ancelotti, que merece fazer parte do grupo de jogadores que representar\u00e3o o Brasil na Copa do Mundo de 2026, que ser\u00e1 disputado nos Estados Unidos, no Canad\u00e1 e no M\u00e9xico.<\/p>\n","protected":false},"excerpt":{"rendered":"<p>O Lyon (Fran\u00e7a) anunciou a contrata\u00e7\u00e3o por empr\u00e9stimo do atacante Endrick. Segundo o Real Madrid (Espanha), que det\u00e9m os direitos do jogador de 19 anos de idade, o v\u00ednculo vale at\u00e9 o final da atual temporada europeia, no dia 30 de junho de 2026. \ud83c\udde7\ud83c\uddf7 O homem vai brilhar de \ud83d\udd34\ud83d\udd35 Sinta-se em casa, @Endrick! [&hellip;]<\/p>\n","protected":false},"author":6,"featured_media":15392,"comment_status":"open","ping_status":"open","sticky":false,"template":"","format":"standard","meta":{"_monsterinsights_skip_tracking":false,"_monsterinsights_sitenote_active":false,"_monsterinsights_sitenote_note":"","_monsterinsights_sitenote_category":0,"site-sidebar-layout":"default","site-content-layout":"","ast-site-content-layout":"","site-content-style":"default","site-sidebar-style":"default","ast-global-header-display":"","ast-banner-title-visibility":"","ast-main-header-display":"","ast-hfb-above-header-display":"","ast-hfb-below-header-display":"","ast-hfb-mobile-header-display":"","site-post-title":"","ast-breadcrumbs-content":"","ast-featured-img":"","footer-sml-layout":"","theme-transparent-header-meta":"","adv-header-id-meta":"","stick-header-meta":"","header-above-stick-meta":"","header-main-stick-meta":"","header-below-stick-meta":"","astra-migrate-meta-layouts":"default","ast-page-background-enabled":"default","ast-page-background-meta":{"desktop":{"background-color":"var(--ast-global-color-4)","background-image":"","background-repeat":"repeat","background-position":"center center","background-size":"auto","background-attachment":"scroll","background-type":"","background-media":"","overlay-type":"","overlay-color":"","overlay-opacity":"","overlay-gradient":""},"tablet":{"background-color":"","background-image":"","background-repeat":"repeat","background-position":"center center","background-size":"auto","background-attachment":"scroll","background-type":"","background-media":"","overlay-type":"","overlay-color":"","overlay-opacity":"","overlay-gradient":""},"mobile":{"background-color":"","background-image":"","background-repeat":"repeat","background-position":"center center","background-size":"auto","background-attachment":"scroll","background-type":"","background-media":"","overlay-type":"","overlay-color":"","overlay-opacity":"","overlay-gradient":""}},"ast-content-background-meta":{"desktop":{"background-color":"var(--ast-global-color-5)","background-image":"","background-repeat":"repeat","background-position":"center center","background-size":"auto","background-attachment":"scroll","background-type":"","background-media":"","overlay-type":"","overlay-color":"","overlay-opacity":"","overlay-gradient":""},"tablet":{"background-color":"var(--ast-global-color-5)","background-image":"","background-repeat":"repeat","background-position":"center center","background-size":"auto","background-attachment":"scroll","background-type":"","background-media":"","overlay-type":"","overlay-color":"","overlay-opacity":"","overlay-gradient":""},"mobile":{"background-color":"var(--ast-global-color-5)","background-image":"","background-repeat":"repeat","background-position":"center center","background-size":"auto","background-attachment":"scroll","background-type":"","background-media":"","overlay-type":"","overlay-color":"","overlay-opacity":"","overlay-gradient":""}},"footnotes":""},"categories":[45],"tags":[],"class_list":["post-15391","post","type-post","status-publish","format-standard","has-post-thumbnail","hentry","category-esportes"],"aioseo_notices":[],"_links":{"self":[{"href":"https:\/\/conexaodjota.com.br\/index.php?rest_route=\/wp\/v2\/posts\/15391","targetHints":{"allow":["GET"]}}],"collection":[{"href":"https:\/\/conexaodjota.com.br\/index.php?rest_route=\/wp\/v2\/posts"}],"about":[{"href":"https:\/\/conexaodjota.com.br\/index.php?rest_route=\/wp\/v2\/types\/post"}],"author":[{"embeddable":true,"href":"https:\/\/conexaodjota.com.br\/index.php?rest_route=\/wp\/v2\/users\/6"}],"replies":[{"embeddable":true,"href":"https:\/\/conexaodjota.com.br\/index.php?rest_route=%2Fwp%2Fv2%2Fcomments&post=15391"}],"version-history":[{"count":0,"href":"https:\/\/conexaodjota.com.br\/index.php?rest_route=\/wp\/v2\/posts\/15391\/revisions"}],"wp:featuredmedia":[{"embeddable":true,"href":"https:\/\/conexaodjota.com.br\/index.php?rest_route=\/wp\/v2\/media\/15392"}],"wp:attachment":[{"href":"https:\/\/conexaodjota.com.br\/index.php?rest_route=%2Fwp%2Fv2%2Fmedia&parent=15391"}],"wp:term":[{"taxonomy":"category","embeddable":true,"href":"https:\/\/conexaodjota.com.br\/index.php?rest_route=%2Fwp%2Fv2%2Fcategories&post=15391"},{"taxonomy":"post_tag","embeddable":true,"href":"https:\/\/conexaodjota.com.br\/index.php?rest_route=%2Fwp%2Fv2%2Ftags&post=15391"}],"curies":[{"name":"wp","href":"https:\/\/api.w.org\/{rel}","templated":true}]}}