{"id":15347,"date":"2025-12-22T20:00:41","date_gmt":"2025-12-22T23:00:41","guid":{"rendered":"https:\/\/conexaodjota.com.br\/?p=15347"},"modified":"2025-12-22T20:00:41","modified_gmt":"2025-12-22T23:00:41","slug":"governo-cria-secretaria-extraordinaria-para-copa-do-mundo-de-2027","status":"publish","type":"post","link":"https:\/\/conexaodjota.com.br\/?p=15347","title":{"rendered":"Governo cria Secretaria Extraordin\u00e1ria para Copa do Mundo de 2027"},"content":{"rendered":"<\/p>\n<p><a class=\"\" href=\"https:\/\/agenciabrasil.ebc.com.br\/esportes\/noticia\/2025-12\/governo-cria-secretaria-extraordinaria-para-copa-do-mundo-de-2027\"><br \/>\n                    <img decoding=\"async\" src=\"https:\/\/cdn.jsdelivr.net\/gh\/sergiosdlima\/assets-ebc@1.0.0\/abr\/assets\/images\/logo-agenciabrasil.svg\" alt=\"Logo Ag\u00eancia Brasil\"><br \/>\n\t\t\t\t<\/a><\/p>\n<p>O Governo do Brasil criou, na \u00faltima sexta-feira (19), a Secretaria Extraordin\u00e1ria para a Copa do Mundo de Futebol Feminino 2027, que ser\u00e1 respons\u00e1vel por coordenar os encaminhamentos do Mundial com foco em log\u00edstica, governan\u00e7a e articula\u00e7\u00e3o entre \u00f3rg\u00e3os p\u00fablicos e a Federa\u00e7\u00e3o Internacional de Futebol (Fifa).<img decoding=\"async\" src=\"https:\/\/agenciabrasil.ebc.com.br\/ebc.png?id=1673102&#038;o=rss\"><img decoding=\"async\" src=\"https:\/\/agenciabrasil.ebc.com.br\/ebc.gif?id=1673102&#038;o=rss\"><\/p>\n<p>Segundo comunicado do Minist\u00e9rio do Esporte, a Secretaria Extraordin\u00e1ria, criada por meio do Decreto n\u00ba 12.789, \u201catuar\u00e1 como elo central entre o Governo Brasileiro e a Fifa para acompanhar compromissos internacionais, apoiar estados e munic\u00edpios e viabilizar garantias em \u00e1reas como seguran\u00e7a, mobilidade urbana, telecomunica\u00e7\u00f5es, imigra\u00e7\u00e3o, sa\u00fade e tecnologia da informa\u00e7\u00e3o\u201d.<\/p>\n<\/p>\n<h3>Not\u00edcias relacionadas:<\/h3>\n<ul>\n<li><a href=\"https:\/\/agenciabrasil.ebc.com.br\/esportes\/noticia\/2025-12\/cbf-confirma-datas-de-amistosos-da-selecao-contra-franca-e-croacia\">CBF confirma datas de amistosos da sele\u00e7\u00e3o contra Fran\u00e7a e Cro\u00e1cia.<\/a><\/li>\n<li><a href=\"https:\/\/agenciabrasil.ebc.com.br\/esportes\/noticia\/2025-12\/brasil-encerra-2025-na-5a-posicao-do-ranking-de-selecoes-da-fifa\">Brasil encerra 2025 na 5\u00aa posi\u00e7\u00e3o do ranking de sele\u00e7\u00f5es da Fifa.<\/a><\/li>\n<li><a href=\"https:\/\/agenciabrasil.ebc.com.br\/esportes\/noticia\/2025-12\/corinthians-vence-vasco-e-conquista-tetracampeonato-da-copa-do-brasil\">Corinthians vence Vasco e conquista tetracampeonato da Copa do Brasil.<\/a><\/li>\n<\/ul>\n<p>\u201cO Brasil tem tradi\u00e7\u00e3o na realiza\u00e7\u00e3o de grandes eventos e, nesses momentos, a cria\u00e7\u00e3o de estruturas extraordin\u00e1rias garante coordena\u00e7\u00e3o, efici\u00eancia e transpar\u00eancia\u201d, declarou o ministro do Esporte, Andr\u00e9 Fufuca, sobre a estrutura que ir\u00e1 funcionar no \u00e2mbito do Minist\u00e9rio do Esporte e ter\u00e1 vig\u00eancia at\u00e9 dezembro de 2027.<\/p>\n<p>Segundo a secret\u00e1ria executiva adjunta do Minist\u00e9rio do Esporte e coordenadora da Copa do Mundo Feminina 2027 na pasta, Cynthia Motta, n\u00e3o ser\u00e3o necess\u00e1rias obras de est\u00e1dios e a atua\u00e7\u00e3o se concentrar\u00e1 principalmente em log\u00edstica, mobilidade, aeroportos, tecnologia da informa\u00e7\u00e3o, gramados, sa\u00fade e articula\u00e7\u00e3o interministerial: \u201c\u00c9 atrav\u00e9s dessa equipe criada agora que vamos trabalhar exclusivamente para colocarmos a Copa do Mundo de Futebol Feminino 2027 em campo\u201d.<\/p>\n","protected":false},"excerpt":{"rendered":"<p>O Governo do Brasil criou, na \u00faltima sexta-feira (19), a Secretaria Extraordin\u00e1ria para a Copa do Mundo de Futebol Feminino 2027, que ser\u00e1 respons\u00e1vel por coordenar os encaminhamentos do Mundial com foco em log\u00edstica, governan\u00e7a e articula\u00e7\u00e3o entre \u00f3rg\u00e3os p\u00fablicos e a Federa\u00e7\u00e3o Internacional de Futebol (Fifa). Segundo comunicado do Minist\u00e9rio do Esporte, a Secretaria [&hellip;]<\/p>\n","protected":false},"author":6,"featured_media":15348,"comment_status":"open","ping_status":"open","sticky":false,"template":"","format":"standard","meta":{"_monsterinsights_skip_tracking":false,"_monsterinsights_sitenote_active":false,"_monsterinsights_sitenote_note":"","_monsterinsights_sitenote_category":0,"site-sidebar-layout":"default","site-content-layout":"","ast-site-content-layout":"","site-content-style":"default","site-sidebar-style":"default","ast-global-header-display":"","ast-banner-title-visibility":"","ast-main-header-display":"","ast-hfb-above-header-display":"","ast-hfb-below-header-display":"","ast-hfb-mobile-header-display":"","site-post-title":"","ast-breadcrumbs-content":"","ast-featured-img":"","footer-sml-layout":"","theme-transparent-header-meta":"","adv-header-id-meta":"","stick-header-meta":"","header-above-stick-meta":"","header-main-stick-meta":"","header-below-stick-meta":"","astra-migrate-meta-layouts":"default","ast-page-background-enabled":"default","ast-page-background-meta":{"desktop":{"background-color":"var(--ast-global-color-4)","background-image":"","background-repeat":"repeat","background-position":"center center","background-size":"auto","background-attachment":"scroll","background-type":"","background-media":"","overlay-type":"","overlay-color":"","overlay-opacity":"","overlay-gradient":""},"tablet":{"background-color":"","background-image":"","background-repeat":"repeat","background-position":"center center","background-size":"auto","background-attachment":"scroll","background-type":"","background-media":"","overlay-type":"","overlay-color":"","overlay-opacity":"","overlay-gradient":""},"mobile":{"background-color":"","background-image":"","background-repeat":"repeat","background-position":"center center","background-size":"auto","background-attachment":"scroll","background-type":"","background-media":"","overlay-type":"","overlay-color":"","overlay-opacity":"","overlay-gradient":""}},"ast-content-background-meta":{"desktop":{"background-color":"var(--ast-global-color-5)","background-image":"","background-repeat":"repeat","background-position":"center center","background-size":"auto","background-attachment":"scroll","background-type":"","background-media":"","overlay-type":"","overlay-color":"","overlay-opacity":"","overlay-gradient":""},"tablet":{"background-color":"var(--ast-global-color-5)","background-image":"","background-repeat":"repeat","background-position":"center center","background-size":"auto","background-attachment":"scroll","background-type":"","background-media":"","overlay-type":"","overlay-color":"","overlay-opacity":"","overlay-gradient":""},"mobile":{"background-color":"var(--ast-global-color-5)","background-image":"","background-repeat":"repeat","background-position":"center center","background-size":"auto","background-attachment":"scroll","background-type":"","background-media":"","overlay-type":"","overlay-color":"","overlay-opacity":"","overlay-gradient":""}},"footnotes":""},"categories":[45],"tags":[],"class_list":["post-15347","post","type-post","status-publish","format-standard","has-post-thumbnail","hentry","category-esportes"],"aioseo_notices":[],"_links":{"self":[{"href":"https:\/\/conexaodjota.com.br\/index.php?rest_route=\/wp\/v2\/posts\/15347","targetHints":{"allow":["GET"]}}],"collection":[{"href":"https:\/\/conexaodjota.com.br\/index.php?rest_route=\/wp\/v2\/posts"}],"about":[{"href":"https:\/\/conexaodjota.com.br\/index.php?rest_route=\/wp\/v2\/types\/post"}],"author":[{"embeddable":true,"href":"https:\/\/conexaodjota.com.br\/index.php?rest_route=\/wp\/v2\/users\/6"}],"replies":[{"embeddable":true,"href":"https:\/\/conexaodjota.com.br\/index.php?rest_route=%2Fwp%2Fv2%2Fcomments&post=15347"}],"version-history":[{"count":0,"href":"https:\/\/conexaodjota.com.br\/index.php?rest_route=\/wp\/v2\/posts\/15347\/revisions"}],"wp:featuredmedia":[{"embeddable":true,"href":"https:\/\/conexaodjota.com.br\/index.php?rest_route=\/wp\/v2\/media\/15348"}],"wp:attachment":[{"href":"https:\/\/conexaodjota.com.br\/index.php?rest_route=%2Fwp%2Fv2%2Fmedia&parent=15347"}],"wp:term":[{"taxonomy":"category","embeddable":true,"href":"https:\/\/conexaodjota.com.br\/index.php?rest_route=%2Fwp%2Fv2%2Fcategories&post=15347"},{"taxonomy":"post_tag","embeddable":true,"href":"https:\/\/conexaodjota.com.br\/index.php?rest_route=%2Fwp%2Fv2%2Ftags&post=15347"}],"curies":[{"name":"wp","href":"https:\/\/api.w.org\/{rel}","templated":true}]}}