{"id":15231,"date":"2025-12-19T00:59:27","date_gmt":"2025-12-19T03:59:27","guid":{"rendered":"https:\/\/conexaodjota.com.br\/?p=15231"},"modified":"2025-12-19T00:59:27","modified_gmt":"2025-12-19T03:59:27","slug":"internacional-anuncia-a-contratacao-do-uruguaio-paulo-pezzolano","status":"publish","type":"post","link":"https:\/\/conexaodjota.com.br\/?p=15231","title":{"rendered":"Internacional anuncia a contrata\u00e7\u00e3o do uruguaio Paulo Pezzolano"},"content":{"rendered":"<\/p>\n<p><a class=\"\" href=\"https:\/\/agenciabrasil.ebc.com.br\/esportes\/noticia\/2025-12\/internacional-anuncia-contratacao-do-uruguaio-paulo-pezzolano\"><br \/>\n                    <img decoding=\"async\" src=\"https:\/\/cdn.jsdelivr.net\/gh\/sergiosdlima\/assets-ebc@1.0.0\/abr\/assets\/images\/logo-agenciabrasil.svg\" alt=\"Logo Ag\u00eancia Brasil\"><br \/>\n\t\t\t\t<\/a><\/p>\n<p>O Internacional anunciou nesta quinta-feira (18) a contrata\u00e7\u00e3o do t\u00e9cnico uruguaio Paulo Pezzolano. \u201cO profissional de 42 anos assina contrato com o Clube do Povo at\u00e9 dezembro de 2026 e ser\u00e1 apresentado nos pr\u00f3ximos dias\u201d, afirmou o Colorado em comunicado.<img decoding=\"async\" src=\"https:\/\/agenciabrasil.ebc.com.br\/ebc.png?id=1672697&#038;o=rss\"><img decoding=\"async\" src=\"https:\/\/agenciabrasil.ebc.com.br\/ebc.gif?id=1672697&#038;o=rss\"><\/p>\n<blockquote class=\"twitter-tweet\">\n<p dir=\"ltr\" lang=\"pt\" xml:lang=\"pt\">Paulo Pezzolano \u00e9 o novo comandante colorado! \ud83c\udde6\ud83c\uddf9\u270d\ufe0f<\/p>\n<p>O uruguaio de 42 anos assina contrato com o Clube do Povo at\u00e9 dezembro de 2026. No Brasil, o treinador j\u00e1 trabalhou no Cruzeiro, al\u00e9m de experi\u00eancias no futebol espanhol e ingl\u00eas. \ud83d\udd1b\ud83d\udc4a<\/p>\n<p>Seja bem-vindo, \ud835\udde3\ud835\uddee\ud835\uddfd\ud835\uddee! \ud83c\uddfa\ud83c\uddfe\ud83e\udd1d<\/p>\n<p>\ud83d\udd17 Mais\u2026 <a href=\"https:\/\/t.co\/vJ1EwMYAp4\">pic.twitter.com\/vJ1EwMYAp4<\/a><\/p>\n<p>\u2014 Sport Club Internacional (@SCInternacional) <a href=\"https:\/\/twitter.com\/SCInternacional\/status\/2001631051559338197?ref_src=twsrc%5Etfw\">December 18, 2025<\/a><\/p><\/blockquote>\n<p><script async=\"\" src=\"https:\/\/platform.twitter.com\/widgets.js\" charset=\"utf-8\"><\/script><\/p>\n<h3>Not\u00edcias relacionadas:<\/h3>\n<ul>\n<li><a href=\"https:\/\/agenciabrasil.ebc.com.br\/esportes\/noticia\/2025-12\/flamengo-perde-para-psg-e-ve-sonho-do-bi-mundial-adiado\">Flamengo perde para PSG e v\u00ea sonho do bi mundial ser adiado.<\/a><\/li>\n<li><a href=\"https:\/\/agenciabrasil.ebc.com.br\/esportes\/noticia\/2025-12\/conmebol-anuncia-datas-e-horarios-da-recopa-sul-americana\">Conmebol anuncia datas e hor\u00e1rios da Recopa Sul-Americana.<\/a><\/li>\n<li><a href=\"https:\/\/agenciabrasil.ebc.com.br\/esportes\/noticia\/2025-12\/brasil-abre-copa-do-mundo-contra-marrocos-em-nova-jersey-em-136\">Brasil abre Copa do Mundo contra Marrocos em Nova Jersey em 13\/6.<\/a><\/li>\n<\/ul>\n<p>\u201cPezzolano acumula experi\u00eancia internacional ao longo de sua trajet\u00f3ria. No futebol brasileiro, comandou o Cruzeiro na temporada de 2022, liderando a equipe na conquista do t\u00edtulo da S\u00e9rie B do Campeonato Brasileiro, com acesso antecipado \u00e0 elite nacional. Na Europa, esteve \u00e0 frente do Real Valladolid, da Espanha, onde obteve o acesso \u00e0 LaLiga na temporada 2022\/23, al\u00e9m de passagem recente pelo Watford FC, da Inglaterra. Antes disso, trabalhou no M\u00e9xico e despontou no futebol uruguaio, com a conquista do t\u00edtulo Intermedio com o Liverpool\u201d, disse o Internacional em nota.<\/p>\n<p>Outra equipe a anunciar um novo comandante \u00e9 o Remo, que em 2025 garantiu o acesso para a S\u00e9rie A do Campeonato Brasileiro. No ano de 2026 o Le\u00e3o ser\u00e1 dirigido pelo colombiano Juan Carlos Os\u00f3rio.<\/p>\n<blockquote class=\"twitter-tweet\">\n<p dir=\"ltr\" lang=\"pt\" xml:lang=\"pt\">O experiente, Juan Carlos Os\u00f3rio de 64 anos \u00e9 o novo t\u00e9cnico do Clube do Remo! \u26bd\ufe0f\ud83e\udd81<\/p>\n<p>No curr\u00edculo, uma Copa do Mundo com a sele\u00e7\u00e3o mexicana em 2018. \ud83c\uddf2\ud83c\uddfd<\/p>\n<p>Seu \u00faltimo Clube foi o Tijuana-MEX. No Brasil trabalhou pelo Athletico-PR e S\u00e3o Paulo.<\/p>\n<p>Que seja uma trajet\u00f3ria vitoriosa.\u2026 <a href=\"https:\/\/t.co\/dq2rx199xQ\">pic.twitter.com\/dq2rx199xQ<\/a><\/p>\n<p>\u2014 Clube do Remo (@ClubeDoRemo) <a href=\"https:\/\/twitter.com\/ClubeDoRemo\/status\/2001634073849028694?ref_src=twsrc%5Etfw\">December 18, 2025<\/a><\/p><\/blockquote>\n<p><script async=\"\" src=\"https:\/\/platform.twitter.com\/widgets.js\" charset=\"utf-8\"><\/script><\/p>\n<p>O treinador de 64 anos de idade j\u00e1 trabalhou no Brasil, comandando o\u00a0Athletico-PR e o S\u00e3o Paulo. No curr\u00edculo ele tem como destaque a participa\u00e7\u00e3o na Copa do Mundo de 2018, comandando a sele\u00e7\u00e3o mexicana.<\/p>\n","protected":false},"excerpt":{"rendered":"<p>O Internacional anunciou nesta quinta-feira (18) a contrata\u00e7\u00e3o do t\u00e9cnico uruguaio Paulo Pezzolano. \u201cO profissional de 42 anos assina contrato com o Clube do Povo at\u00e9 dezembro de 2026 e ser\u00e1 apresentado nos pr\u00f3ximos dias\u201d, afirmou o Colorado em comunicado. Paulo Pezzolano \u00e9 o novo comandante colorado! \ud83c\udde6\ud83c\uddf9\u270d\ufe0f O uruguaio de 42 anos assina contrato [&hellip;]<\/p>\n","protected":false},"author":6,"featured_media":15232,"comment_status":"open","ping_status":"open","sticky":false,"template":"","format":"standard","meta":{"_monsterinsights_skip_tracking":false,"_monsterinsights_sitenote_active":false,"_monsterinsights_sitenote_note":"","_monsterinsights_sitenote_category":0,"site-sidebar-layout":"default","site-content-layout":"","ast-site-content-layout":"","site-content-style":"default","site-sidebar-style":"default","ast-global-header-display":"","ast-banner-title-visibility":"","ast-main-header-display":"","ast-hfb-above-header-display":"","ast-hfb-below-header-display":"","ast-hfb-mobile-header-display":"","site-post-title":"","ast-breadcrumbs-content":"","ast-featured-img":"","footer-sml-layout":"","theme-transparent-header-meta":"","adv-header-id-meta":"","stick-header-meta":"","header-above-stick-meta":"","header-main-stick-meta":"","header-below-stick-meta":"","astra-migrate-meta-layouts":"default","ast-page-background-enabled":"default","ast-page-background-meta":{"desktop":{"background-color":"var(--ast-global-color-4)","background-image":"","background-repeat":"repeat","background-position":"center center","background-size":"auto","background-attachment":"scroll","background-type":"","background-media":"","overlay-type":"","overlay-color":"","overlay-opacity":"","overlay-gradient":""},"tablet":{"background-color":"","background-image":"","background-repeat":"repeat","background-position":"center center","background-size":"auto","background-attachment":"scroll","background-type":"","background-media":"","overlay-type":"","overlay-color":"","overlay-opacity":"","overlay-gradient":""},"mobile":{"background-color":"","background-image":"","background-repeat":"repeat","background-position":"center center","background-size":"auto","background-attachment":"scroll","background-type":"","background-media":"","overlay-type":"","overlay-color":"","overlay-opacity":"","overlay-gradient":""}},"ast-content-background-meta":{"desktop":{"background-color":"var(--ast-global-color-5)","background-image":"","background-repeat":"repeat","background-position":"center center","background-size":"auto","background-attachment":"scroll","background-type":"","background-media":"","overlay-type":"","overlay-color":"","overlay-opacity":"","overlay-gradient":""},"tablet":{"background-color":"var(--ast-global-color-5)","background-image":"","background-repeat":"repeat","background-position":"center center","background-size":"auto","background-attachment":"scroll","background-type":"","background-media":"","overlay-type":"","overlay-color":"","overlay-opacity":"","overlay-gradient":""},"mobile":{"background-color":"var(--ast-global-color-5)","background-image":"","background-repeat":"repeat","background-position":"center center","background-size":"auto","background-attachment":"scroll","background-type":"","background-media":"","overlay-type":"","overlay-color":"","overlay-opacity":"","overlay-gradient":""}},"footnotes":""},"categories":[45],"tags":[],"class_list":["post-15231","post","type-post","status-publish","format-standard","has-post-thumbnail","hentry","category-esportes"],"aioseo_notices":[],"_links":{"self":[{"href":"https:\/\/conexaodjota.com.br\/index.php?rest_route=\/wp\/v2\/posts\/15231","targetHints":{"allow":["GET"]}}],"collection":[{"href":"https:\/\/conexaodjota.com.br\/index.php?rest_route=\/wp\/v2\/posts"}],"about":[{"href":"https:\/\/conexaodjota.com.br\/index.php?rest_route=\/wp\/v2\/types\/post"}],"author":[{"embeddable":true,"href":"https:\/\/conexaodjota.com.br\/index.php?rest_route=\/wp\/v2\/users\/6"}],"replies":[{"embeddable":true,"href":"https:\/\/conexaodjota.com.br\/index.php?rest_route=%2Fwp%2Fv2%2Fcomments&post=15231"}],"version-history":[{"count":0,"href":"https:\/\/conexaodjota.com.br\/index.php?rest_route=\/wp\/v2\/posts\/15231\/revisions"}],"wp:featuredmedia":[{"embeddable":true,"href":"https:\/\/conexaodjota.com.br\/index.php?rest_route=\/wp\/v2\/media\/15232"}],"wp:attachment":[{"href":"https:\/\/conexaodjota.com.br\/index.php?rest_route=%2Fwp%2Fv2%2Fmedia&parent=15231"}],"wp:term":[{"taxonomy":"category","embeddable":true,"href":"https:\/\/conexaodjota.com.br\/index.php?rest_route=%2Fwp%2Fv2%2Fcategories&post=15231"},{"taxonomy":"post_tag","embeddable":true,"href":"https:\/\/conexaodjota.com.br\/index.php?rest_route=%2Fwp%2Fv2%2Ftags&post=15231"}],"curies":[{"name":"wp","href":"https:\/\/api.w.org\/{rel}","templated":true}]}}