{"id":15181,"date":"2025-12-18T00:02:29","date_gmt":"2025-12-18T03:02:29","guid":{"rendered":"https:\/\/conexaodjota.com.br\/?p=15181"},"modified":"2025-12-18T00:02:29","modified_gmt":"2025-12-18T03:02:29","slug":"botafogo-anuncia-saida-do-tecnico-italiano-davide-ancelotti","status":"publish","type":"post","link":"https:\/\/conexaodjota.com.br\/?p=15181","title":{"rendered":"Botafogo anuncia sa\u00edda do t\u00e9cnico italiano Davide Ancelotti"},"content":{"rendered":"<\/p>\n<p><a class=\"\" href=\"https:\/\/agenciabrasil.ebc.com.br\/esportes\/noticia\/2025-12\/botafogo-anuncia-saida-do-tecnico-italiano-davide-ancelotti\"><br \/>\n                    <img decoding=\"async\" src=\"https:\/\/cdn.jsdelivr.net\/gh\/sergiosdlima\/assets-ebc@1.0.0\/abr\/assets\/images\/logo-agenciabrasil.svg\" alt=\"Logo Ag\u00eancia Brasil\"><br \/>\n\t\t\t\t<\/a><\/p>\n<p>O Botafogo anunciou no in\u00edcio da noite desta quarta-feira (17) que o italiano Davide Ancelotti deixou o comando de sua equipe de futebol principal. Segundo nota do Alvinegro, \u201ca decis\u00e3o foi tomada ap\u00f3s reuni\u00f5es nesta quarta-feira\u201d.<img decoding=\"async\" src=\"https:\/\/agenciabrasil.ebc.com.br\/ebc.png?id=1672536&#038;o=rss\"><img decoding=\"async\" src=\"https:\/\/agenciabrasil.ebc.com.br\/ebc.gif?id=1672536&#038;o=rss\"><\/p>\n<blockquote class=\"twitter-tweet\">\n<p dir=\"ltr\" lang=\"pt\" xml:lang=\"pt\">NOTA OFICIAL<\/p>\n<p>Davide Ancelotti n\u00e3o \u00e9 mais o t\u00e9cnico do Botafogo.<\/p>\n<p>O Botafogo informa que Davide Ancelotti n\u00e3o \u00e9 mais o t\u00e9cnico da equipe principal. O preparador f\u00edsico Luca Guerra e os auxiliares Luis Tevenet e Andrew Mangan tamb\u00e9m est\u00e3o de sa\u00edda. A decis\u00e3o foi tomada ap\u00f3s\u2026 <a href=\"https:\/\/t.co\/odSXlMXdSc\">pic.twitter.com\/odSXlMXdSc<\/a><\/p>\n<p>\u2014 Botafogo F.R. (@Botafogo) <a href=\"https:\/\/twitter.com\/Botafogo\/status\/2001423011371491828?ref_src=twsrc%5Etfw\">December 17, 2025<\/a><\/p><\/blockquote>\n<p><script async=\"\" src=\"https:\/\/platform.twitter.com\/widgets.js\" charset=\"utf-8\"><\/script><\/p>\n<h3>Not\u00edcias relacionadas:<\/h3>\n<ul>\n<li><a href=\"https:\/\/agenciabrasil.ebc.com.br\/esportes\/noticia\/2024-05\/thiago-silva-retorna-ao-fluminense-apos-quase-16-anos-na-europa\">Thiago Silva retorna ao Fluminense, ap\u00f3s quase 16 anos na Europa.<\/a><\/li>\n<li><a href=\"https:\/\/agenciabrasil.ebc.com.br\/esportes\/noticia\/2025-07\/botafogo-oficializa-contratacao-davide-ancelotti-como-novo-tecnico\">Botafogo oficializa contrata\u00e7\u00e3o de Davide Ancelotti como novo t\u00e9cnico.<\/a><\/li>\n<li><a href=\"https:\/\/agenciabrasil.ebc.com.br\/esportes\/noticia\/2025-12\/flamengo-perde-para-psg-e-ve-sonho-do-bi-mundial-adiado\">Flamengo perde para PSG e v\u00ea sonho do bi mundial ser adiado.<\/a><\/li>\n<\/ul>\n<p>Junto com o filho do t\u00e9cnico da sele\u00e7\u00e3o brasileira, Carlo Ancelotti, deixam o Botafogo o preparador f\u00edsico Luca Guerra e os auxiliares Luis Tevenet e Andrew Mangan. \u201cO clube agradece o profissionalismo e comprometimento de Ancelotti durante o per\u00edodo em que liderou a equipe e fez parte da fam\u00edlia alvinegra. O Botafogo deseja sucesso em desafios futuros. A nova comiss\u00e3o t\u00e9cnica ser\u00e1 anunciada em breve\u201d, diz a nota do time de General Severiano.<\/p>\n<h2>Adeus de Thiago Silva<\/h2>\n<p>Outra sa\u00edda confirmada nesta quarta, mas no Fluminense, foi a do zagueiro Thiago Silva. Segundo nota do Tricolor das Laranjeiras, o jogador formalizou \u201csua rescis\u00e3o contratual com o clube\u201d.<\/p>\n<blockquote class=\"twitter-tweet\">\n<p dir=\"ltr\" lang=\"pt\" xml:lang=\"pt\">O Fluminense FC informa que o zagueiro Thiago Silva formalizou, na tarde desta ter\u00e7a-feira (16\/12), no CT Carlos Castilho, sua rescis\u00e3o contratual com o clube.<\/p>\n<p>Formado nas categorias de base do Tricolor, Thiago encerra sua segunda passagem pela equipe profissional do\u2026 <a href=\"https:\/\/t.co\/0wGG7P8ybg\">pic.twitter.com\/0wGG7P8ybg<\/a><\/p>\n<p>\u2014 Fluminense F.C. (@FluminenseFC) <a href=\"https:\/\/twitter.com\/FluminenseFC\/status\/2001411236827631633?ref_src=twsrc%5Etfw\">December 17, 2025<\/a><\/p><\/blockquote>\n<p><script async=\"\" src=\"https:\/\/platform.twitter.com\/widgets.js\" charset=\"utf-8\"><\/script><\/p>\n<p>\u201cFormado nas categorias de base do Tricolor, Thiago encerra sua segunda passagem pela equipe profissional do Fluminense. Campe\u00e3o da Copa do Brasil de 2007, o capit\u00e3o soma 212 jogos e 19 gols vestindo a armadura tricolor\u201d, diz o comunicado do Fluminense.<\/p>\n","protected":false},"excerpt":{"rendered":"<p>O Botafogo anunciou no in\u00edcio da noite desta quarta-feira (17) que o italiano Davide Ancelotti deixou o comando de sua equipe de futebol principal. Segundo nota do Alvinegro, \u201ca decis\u00e3o foi tomada ap\u00f3s reuni\u00f5es nesta quarta-feira\u201d. NOTA OFICIAL Davide Ancelotti n\u00e3o \u00e9 mais o t\u00e9cnico do Botafogo. O Botafogo informa que Davide Ancelotti n\u00e3o \u00e9 [&hellip;]<\/p>\n","protected":false},"author":6,"featured_media":15182,"comment_status":"open","ping_status":"open","sticky":false,"template":"","format":"standard","meta":{"_monsterinsights_skip_tracking":false,"_monsterinsights_sitenote_active":false,"_monsterinsights_sitenote_note":"","_monsterinsights_sitenote_category":0,"site-sidebar-layout":"default","site-content-layout":"","ast-site-content-layout":"","site-content-style":"default","site-sidebar-style":"default","ast-global-header-display":"","ast-banner-title-visibility":"","ast-main-header-display":"","ast-hfb-above-header-display":"","ast-hfb-below-header-display":"","ast-hfb-mobile-header-display":"","site-post-title":"","ast-breadcrumbs-content":"","ast-featured-img":"","footer-sml-layout":"","theme-transparent-header-meta":"","adv-header-id-meta":"","stick-header-meta":"","header-above-stick-meta":"","header-main-stick-meta":"","header-below-stick-meta":"","astra-migrate-meta-layouts":"default","ast-page-background-enabled":"default","ast-page-background-meta":{"desktop":{"background-color":"var(--ast-global-color-4)","background-image":"","background-repeat":"repeat","background-position":"center center","background-size":"auto","background-attachment":"scroll","background-type":"","background-media":"","overlay-type":"","overlay-color":"","overlay-opacity":"","overlay-gradient":""},"tablet":{"background-color":"","background-image":"","background-repeat":"repeat","background-position":"center center","background-size":"auto","background-attachment":"scroll","background-type":"","background-media":"","overlay-type":"","overlay-color":"","overlay-opacity":"","overlay-gradient":""},"mobile":{"background-color":"","background-image":"","background-repeat":"repeat","background-position":"center center","background-size":"auto","background-attachment":"scroll","background-type":"","background-media":"","overlay-type":"","overlay-color":"","overlay-opacity":"","overlay-gradient":""}},"ast-content-background-meta":{"desktop":{"background-color":"var(--ast-global-color-5)","background-image":"","background-repeat":"repeat","background-position":"center center","background-size":"auto","background-attachment":"scroll","background-type":"","background-media":"","overlay-type":"","overlay-color":"","overlay-opacity":"","overlay-gradient":""},"tablet":{"background-color":"var(--ast-global-color-5)","background-image":"","background-repeat":"repeat","background-position":"center center","background-size":"auto","background-attachment":"scroll","background-type":"","background-media":"","overlay-type":"","overlay-color":"","overlay-opacity":"","overlay-gradient":""},"mobile":{"background-color":"var(--ast-global-color-5)","background-image":"","background-repeat":"repeat","background-position":"center center","background-size":"auto","background-attachment":"scroll","background-type":"","background-media":"","overlay-type":"","overlay-color":"","overlay-opacity":"","overlay-gradient":""}},"footnotes":""},"categories":[45],"tags":[],"class_list":["post-15181","post","type-post","status-publish","format-standard","has-post-thumbnail","hentry","category-esportes"],"aioseo_notices":[],"_links":{"self":[{"href":"https:\/\/conexaodjota.com.br\/index.php?rest_route=\/wp\/v2\/posts\/15181","targetHints":{"allow":["GET"]}}],"collection":[{"href":"https:\/\/conexaodjota.com.br\/index.php?rest_route=\/wp\/v2\/posts"}],"about":[{"href":"https:\/\/conexaodjota.com.br\/index.php?rest_route=\/wp\/v2\/types\/post"}],"author":[{"embeddable":true,"href":"https:\/\/conexaodjota.com.br\/index.php?rest_route=\/wp\/v2\/users\/6"}],"replies":[{"embeddable":true,"href":"https:\/\/conexaodjota.com.br\/index.php?rest_route=%2Fwp%2Fv2%2Fcomments&post=15181"}],"version-history":[{"count":0,"href":"https:\/\/conexaodjota.com.br\/index.php?rest_route=\/wp\/v2\/posts\/15181\/revisions"}],"wp:featuredmedia":[{"embeddable":true,"href":"https:\/\/conexaodjota.com.br\/index.php?rest_route=\/wp\/v2\/media\/15182"}],"wp:attachment":[{"href":"https:\/\/conexaodjota.com.br\/index.php?rest_route=%2Fwp%2Fv2%2Fmedia&parent=15181"}],"wp:term":[{"taxonomy":"category","embeddable":true,"href":"https:\/\/conexaodjota.com.br\/index.php?rest_route=%2Fwp%2Fv2%2Fcategories&post=15181"},{"taxonomy":"post_tag","embeddable":true,"href":"https:\/\/conexaodjota.com.br\/index.php?rest_route=%2Fwp%2Fv2%2Ftags&post=15181"}],"curies":[{"name":"wp","href":"https:\/\/api.w.org\/{rel}","templated":true}]}}