{"id":14562,"date":"2025-12-04T23:55:41","date_gmt":"2025-12-05T02:55:41","guid":{"rendered":"https:\/\/conexaodjota.com.br\/?p=14562"},"modified":"2025-12-04T23:55:41","modified_gmt":"2025-12-05T02:55:41","slug":"cpb-abre-votacao-popular-para-escolha-do-atleta-da-galera","status":"publish","type":"post","link":"https:\/\/conexaodjota.com.br\/?p=14562","title":{"rendered":"CPB abre vota\u00e7\u00e3o popular para escolha do Atleta da Galera"},"content":{"rendered":"<\/p>\n<p><a class=\"\" href=\"https:\/\/agenciabrasil.ebc.com.br\/esportes\/noticia\/2025-12\/cpb-abre-votacao-popular-para-escolha-do-atleta-da-galera\"><br \/>\n                    <img decoding=\"async\" src=\"https:\/\/cdn.jsdelivr.net\/gh\/sergiosdlima\/assets-ebc@1.0.0\/abr\/assets\/images\/logo-agenciabrasil.svg\" alt=\"Logo Ag\u00eancia Brasil\"><br \/>\n\t\t\t\t<\/a><\/p>\n<p>O Comit\u00ea Paral\u00edmpico Brasileiro (CPB) abriu a vota\u00e7\u00e3o popular para a escolha da categoria Atleta da Galera da 14\u00aa edi\u00e7\u00e3o do Pr\u00eamio Brasil Paral\u00edmpico. O vencedor ser\u00e1 anunciado na pr\u00f3xima ter\u00e7a-feira (9), em cerim\u00f4nia que ser\u00e1 realizada a partir das 20h (hor\u00e1rio de Bras\u00edlia) no Tokio Marine Hall, na capital paulista.<img decoding=\"async\" src=\"https:\/\/agenciabrasil.ebc.com.br\/ebc.png?id=1670968&#038;o=rss\"><img decoding=\"async\" src=\"https:\/\/agenciabrasil.ebc.com.br\/ebc.gif?id=1670968&#038;o=rss\"><\/p>\n<p>As concorrentes deste ano s\u00e3o: Alessandra Oliveira (nata\u00e7\u00e3o), Ana Paula Marques (halterofilismo), Edwarda Dias (badminton), Ver\u00f4nica Hip\u00f3lito (atletismo), Sabrina Cust\u00f3dia (ciclismo) e Wanna Brito (atletismo).<\/p>\n<blockquote class=\"twitter-tweet\">\n<p dir=\"ltr\" lang=\"pt\" xml:lang=\"pt\">\n<h3>Not\u00edcias relacionadas:<\/h3>\n<ul>\n<li><a href=\"https:\/\/agenciabrasil.ebc.com.br\/esportes\/noticia\/2025-12\/cob-anuncia-indicados-melhor-atleta-do-ano-no-premio-brasil-olimpico\">COB anuncia indicados a Melhor Atleta do Ano no Pr\u00eamio Brasil Ol\u00edmpico.<\/a><\/li>\n<li><a href=\"https:\/\/agenciabrasil.ebc.com.br\/esportes\/noticia\/2025-12\/flamengo-derrota-ceara-e-coroa-ano-magico-com-titulo-brasileiro\">Flamengo derrota Cear\u00e1 e coroa ano m\u00e1gico com t\u00edtulo Brasileiro.<\/a><\/li>\n<li><a href=\"https:\/\/agenciabrasil.ebc.com.br\/esportes\/noticia\/2025-12\/fifa-escolhe-village-people-para-sorteio-da-copa-do-mundo\">Fifa escolhe Village People para sorteio da Copa do Mundo.<\/a><\/li>\n<\/ul>\n<p>Quem leva o trof\u00e9u? A escolha \u00e9 sua! \ud83d\ude0e<\/p>\n<p>A vota\u00e7\u00e3o do Atleta da Galera 2025 est\u00e1 oficialmente aberta, e as indicadas s\u00e3o:<\/p>\n<p>\ud83c\udfc6 Alessandra Oliveira<br \/>\n\ud83c\udfc6 Ana Paula Marques<br \/>\n\ud83c\udfc6 Edwarda Oliveira<br \/>\n\ud83c\udfc6 Sabrina Cust\u00f3dia<br \/>\n\ud83c\udfc6 Ver\u00f4nica Hip\u00f3lito<br \/>\n\ud83c\udfc6 Wanna Brito<\/p>\n<p>Acesse o link na bio, conhe\u00e7a mais\u2026 <a href=\"https:\/\/t.co\/1db9PZMqDs\">pic.twitter.com\/1db9PZMqDs<\/a><br \/>\n\u2014 Comit\u00ea Paral\u00edmpico Brasileiro (@BraParalimpico) <a href=\"https:\/\/twitter.com\/BraParalimpico\/status\/1995913423805112501?ref_src=twsrc%5Etfw\">December 2, 2025<\/a><\/p><\/blockquote>\n<p><script async=\"\" src=\"https:\/\/platform.twitter.com\/widgets.js\" charset=\"utf-8\"><\/script><\/p>\n<p>A vota\u00e7\u00e3o para Atleta da Galera \u00e9 realizada pela internet, por meio deste <a href=\"https:\/\/materiais.cpb.org.br\/atletadagalera2025?_gl=1*ke3hb2*_gcl_au*MTM5Nzk5Mzc0OS4xNzU4NTcwNjUz*_ga*ODg0NDg2NTY2LjE3NTE0MDM2NTc.*_ga_72D8ETS6P5*czE3NjQ4OTA1NTEkbzc0JGcxJHQxNzY0ODkxNTMxJGo2MCRsMCRoMTA1NjY2NzU5\" target=\"_blank\">LINK<\/a> disponibilizado pelo Comit\u00ea Paral\u00edmpico Brasileiro (CPB).<\/p>\n<p>Assim como no ano passado, o Pr\u00eamio Brasil Paral\u00edmpico ser\u00e1 realizado em uma \u00fanica noite. Al\u00e9m do Atleta da Galera ser\u00e3o anunciados os vencedores de cada uma das 25 modalidades que comp\u00f5em o cronograma paral\u00edmpico. Al\u00e9m disso ser\u00e3o revelados os vencedores das categorias especiais: melhor t\u00e9cnico coletivo, melhor t\u00e9cnico individual, atleta revela\u00e7\u00e3o, Aldo Miccolis, mem\u00f3ria paral\u00edmpica, pr\u00eamio Loterias Caixa, pr\u00eamio Braskem, melhor atleta feminina e melhor atleta masculino.<\/p>\n","protected":false},"excerpt":{"rendered":"<p>O Comit\u00ea Paral\u00edmpico Brasileiro (CPB) abriu a vota\u00e7\u00e3o popular para a escolha da categoria Atleta da Galera da 14\u00aa edi\u00e7\u00e3o do Pr\u00eamio Brasil Paral\u00edmpico. O vencedor ser\u00e1 anunciado na pr\u00f3xima ter\u00e7a-feira (9), em cerim\u00f4nia que ser\u00e1 realizada a partir das 20h (hor\u00e1rio de Bras\u00edlia) no Tokio Marine Hall, na capital paulista. As concorrentes deste ano [&hellip;]<\/p>\n","protected":false},"author":6,"featured_media":14563,"comment_status":"open","ping_status":"open","sticky":false,"template":"","format":"standard","meta":{"_monsterinsights_skip_tracking":false,"_monsterinsights_sitenote_active":false,"_monsterinsights_sitenote_note":"","_monsterinsights_sitenote_category":0,"site-sidebar-layout":"default","site-content-layout":"","ast-site-content-layout":"","site-content-style":"default","site-sidebar-style":"default","ast-global-header-display":"","ast-banner-title-visibility":"","ast-main-header-display":"","ast-hfb-above-header-display":"","ast-hfb-below-header-display":"","ast-hfb-mobile-header-display":"","site-post-title":"","ast-breadcrumbs-content":"","ast-featured-img":"","footer-sml-layout":"","theme-transparent-header-meta":"","adv-header-id-meta":"","stick-header-meta":"","header-above-stick-meta":"","header-main-stick-meta":"","header-below-stick-meta":"","astra-migrate-meta-layouts":"default","ast-page-background-enabled":"default","ast-page-background-meta":{"desktop":{"background-color":"var(--ast-global-color-4)","background-image":"","background-repeat":"repeat","background-position":"center center","background-size":"auto","background-attachment":"scroll","background-type":"","background-media":"","overlay-type":"","overlay-color":"","overlay-opacity":"","overlay-gradient":""},"tablet":{"background-color":"","background-image":"","background-repeat":"repeat","background-position":"center center","background-size":"auto","background-attachment":"scroll","background-type":"","background-media":"","overlay-type":"","overlay-color":"","overlay-opacity":"","overlay-gradient":""},"mobile":{"background-color":"","background-image":"","background-repeat":"repeat","background-position":"center center","background-size":"auto","background-attachment":"scroll","background-type":"","background-media":"","overlay-type":"","overlay-color":"","overlay-opacity":"","overlay-gradient":""}},"ast-content-background-meta":{"desktop":{"background-color":"var(--ast-global-color-5)","background-image":"","background-repeat":"repeat","background-position":"center center","background-size":"auto","background-attachment":"scroll","background-type":"","background-media":"","overlay-type":"","overlay-color":"","overlay-opacity":"","overlay-gradient":""},"tablet":{"background-color":"var(--ast-global-color-5)","background-image":"","background-repeat":"repeat","background-position":"center center","background-size":"auto","background-attachment":"scroll","background-type":"","background-media":"","overlay-type":"","overlay-color":"","overlay-opacity":"","overlay-gradient":""},"mobile":{"background-color":"var(--ast-global-color-5)","background-image":"","background-repeat":"repeat","background-position":"center center","background-size":"auto","background-attachment":"scroll","background-type":"","background-media":"","overlay-type":"","overlay-color":"","overlay-opacity":"","overlay-gradient":""}},"footnotes":""},"categories":[45],"tags":[],"class_list":["post-14562","post","type-post","status-publish","format-standard","has-post-thumbnail","hentry","category-esportes"],"aioseo_notices":[],"_links":{"self":[{"href":"https:\/\/conexaodjota.com.br\/index.php?rest_route=\/wp\/v2\/posts\/14562","targetHints":{"allow":["GET"]}}],"collection":[{"href":"https:\/\/conexaodjota.com.br\/index.php?rest_route=\/wp\/v2\/posts"}],"about":[{"href":"https:\/\/conexaodjota.com.br\/index.php?rest_route=\/wp\/v2\/types\/post"}],"author":[{"embeddable":true,"href":"https:\/\/conexaodjota.com.br\/index.php?rest_route=\/wp\/v2\/users\/6"}],"replies":[{"embeddable":true,"href":"https:\/\/conexaodjota.com.br\/index.php?rest_route=%2Fwp%2Fv2%2Fcomments&post=14562"}],"version-history":[{"count":0,"href":"https:\/\/conexaodjota.com.br\/index.php?rest_route=\/wp\/v2\/posts\/14562\/revisions"}],"wp:featuredmedia":[{"embeddable":true,"href":"https:\/\/conexaodjota.com.br\/index.php?rest_route=\/wp\/v2\/media\/14563"}],"wp:attachment":[{"href":"https:\/\/conexaodjota.com.br\/index.php?rest_route=%2Fwp%2Fv2%2Fmedia&parent=14562"}],"wp:term":[{"taxonomy":"category","embeddable":true,"href":"https:\/\/conexaodjota.com.br\/index.php?rest_route=%2Fwp%2Fv2%2Fcategories&post=14562"},{"taxonomy":"post_tag","embeddable":true,"href":"https:\/\/conexaodjota.com.br\/index.php?rest_route=%2Fwp%2Fv2%2Ftags&post=14562"}],"curies":[{"name":"wp","href":"https:\/\/api.w.org\/{rel}","templated":true}]}}