{"id":14336,"date":"2025-11-30T18:12:52","date_gmt":"2025-11-30T21:12:52","guid":{"rendered":"https:\/\/conexaodjota.com.br\/?p=14336"},"modified":"2025-11-30T18:12:52","modified_gmt":"2025-11-30T21:12:52","slug":"familias-se-juntam-a-multidao-para-festejar-titulo-do-flamengo-no-rj","status":"publish","type":"post","link":"https:\/\/conexaodjota.com.br\/?p=14336","title":{"rendered":"Fam\u00edlias se juntam \u00e0 multid\u00e3o para festejar t\u00edtulo do Flamengo no RJ"},"content":{"rendered":"<\/p>\n<p><a class=\"\" href=\"https:\/\/agenciabrasil.ebc.com.br\/esportes\/noticia\/2025-11\/familias-se-juntam-multidao-para-festejar-titulo-do-flamengo-no-rj-0\"><br \/>\n                    <img decoding=\"async\" src=\"https:\/\/cdn.jsdelivr.net\/gh\/sergiosdlima\/assets-ebc@1.0.0\/abr\/assets\/images\/logo-agenciabrasil.svg\" alt=\"Logo Ag\u00eancia Brasil\"><br \/>\n\t\t\t\t<\/a><\/p>\n<p>Em 1983, o baiano Moraes Moreira j\u00e1 cantava: \u201cagora como \u00e9 que eu me vingo de toda derrota da vida, se a cada gol do Flamengo eu me sentia um vencedor\u201d. Na ocasi\u00e3o, ele lamentava a ida de Zico, o maior \u00eddolo do clube, para a Europa.<img decoding=\"async\" src=\"https:\/\/agenciabrasil.ebc.com.br\/ebc.png?id=1670241&#038;o=rss\"><img decoding=\"async\" src=\"https:\/\/agenciabrasil.ebc.com.br\/ebc.gif?id=1670241&#038;o=rss\"><\/p>\n<p>Hoje, 42 anos depois, milh\u00f5es de pessoas esqueceram as m\u00e1goas e frustra\u00e7\u00f5es do dia a dia quando o zagueiro Danilo acertou uma cabe\u00e7ada <a href=\"https:\/\/agenciabrasil.ebc.com.br\/esportes\/noticia\/2025-11\/flamengo-vence-palmeiras-e-vira-1o-brasileiro-tetra-da-libertadores\" target=\"_blank\">e marcou o gol do quarto t\u00edtulo da Libertadores do Flamengo<\/a>.<\/p>\n<\/p>\n<h3>Not\u00edcias relacionadas:<\/h3>\n<ul>\n<li><a href=\"https:\/\/agenciabrasil.ebc.com.br\/esportes\/noticia\/2025-11\/flamengo-vence-palmeiras-e-vira-1o-brasileiro-tetra-da-libertadores\">Flamengo vence Palmeiras e vira 1\u00ba brasileiro tetra da Libertadores.<\/a><\/li>\n<li><a href=\"https:\/\/agenciabrasil.ebc.com.br\/esportes\/noticia\/2025-11\/flamengo-garante-vagas-na-copa-intercontinental-e-no-mundial-de-2029\">Flamengo garante vagas na Copa Intercontinental e no Mundial de 2029.<\/a><\/li>\n<li><a href=\"https:\/\/agenciabrasil.ebc.com.br\/esportes\/noticia\/2025-11\/filipe-luis-afirma-que-sempre-acreditou-no-titulo-da-libertadores\">Filipe Lu\u00eds afirma que sempre acreditou no t\u00edtulo da Libertadores.<\/a><\/li>\n<\/ul>\n<p><strong>Neste domingo (30), centenas de milhares desses vencedores retratados por Moraes Moreira se reuniram no Centro do Rio de Janeiro para, juntos, mostrar ao time o tamanho da import\u00e2ncia dessa vit\u00f3ria para elas.<\/strong><\/p>\n<p>Do alto de um caminh\u00e3o aberto do Corpo de Bombeiros, os jogadores comemoraram com parte da \u201cNa\u00e7\u00e3o\u201d, como a torcida do Flamengo se autointitula, a vit\u00f3ria do s\u00e1bado (29) no Est\u00e1dio Monumental de Lima, no Peru.<\/p>\n<p>A multid\u00e3o que enfrentou horas de espera sob o sol e lotou a Rua Primeiro de Mar\u00e7o e a Avenida Presidente Ant\u00f4nio Carlos, duas das principais vias do centro da cidade, \u00e9 uma express\u00e3o do poder de mobiliza\u00e7\u00e3o pelo futebol.<\/p>\n<p>A <strong>Ag\u00eancia Brasil<\/strong> conversou com torcedores sobre a motiva\u00e7\u00e3o e coes\u00e3o forjadas pelo esporte, que fizeram pessoas acordarem cedo e se deslocarem de longe para acompanhar a celebra\u00e7\u00e3o no Centro do Rio, a 5,1 mil quil\u00f4metros do local da partida.<\/p>\n<div class=\"dnd-widget-wrapper context-cheio_8colunas type-image atom-align-center\">\n<div class=\"dnd-atom-rendered\"><!-- scald=446581:cheio_8colunas {\"additionalClasses\":\"\"} --><br \/>\n            <img decoding=\"async\" src=\"https:\/\/agenciabrasil.ebc.com.br\/sites\/default\/files\/thumbnails\/image\/loading_v2.gif\" data-echo=\"https:\/\/imagens.ebc.com.br\/6NLyVs9NZo6irEXDauqE_O_KTjo=\/754x0\/smart\/https:\/\/agenciabrasil.ebc.com.br\/sites\/default\/files\/thumbnails\/image\/2025\/11\/29\/2025-11-30t000633z_1365858247_up1elbt1un603_rtrmadp_3_soccer-libertadores-pal-fla.jpg?itok=G6wWAVyZ\" alt=\"Soccer Football - Copa Libertadores - Final - Palmeiras v Flamengo - Estadio Monumental, Lima, Peru - November 29, 2025 Flamengo players celebrate with the trophy after winning the Copa Libertadores REUTERS\/Sebastian Castaneda     TPX IMAGES OF THE DAY\" title=\"REUTERS\/Sebastian Castaneda\/Direitos reservados\"><br \/>\n        <noscript><img decoding=\"async\" src=\"https:\/\/imagens.ebc.com.br\/6NLyVs9NZo6irEXDauqE_O_KTjo=\/754x0\/smart\/https:\/\/agenciabrasil.ebc.com.br\/sites\/default\/files\/thumbnails\/image\/2025\/11\/29\/2025-11-30t000633z_1365858247_up1elbt1un603_rtrmadp_3_soccer-libertadores-pal-fla.jpg?itok=G6wWAVyZ\" alt=\"Soccer Football - Copa Libertadores - Final - Palmeiras v Flamengo - Estadio Monumental, Lima, Peru - November 29, 2025 Flamengo players celebrate with the trophy after winning the Copa Libertadores REUTERS\/Sebastian Castaneda     TPX IMAGES OF THE DAY\" title=\"REUTERS\/Sebastian Castaneda\/Direitos reservados\"><\/noscript><br \/>\n    <!-- END scald=446581 --><\/div>\n<div class=\"dnd-caption-wrapper\">\n<h6 class=\"meta\"><!--copyright=446581-->Em jogo tenso e com poucas chances, o Flamengo venceu o Palmeiras por 1 a 0 em Lima, no Peru, e levantou a Copa Libertadores da Am\u00e9rica pela quarta vez em sua hist\u00f3ria.<strong>\u00a0Foto:<\/strong>\u00a0<strong>REUTERS\/Sebastian Castaneda\/Direitos reservados<\/strong><!--END copyright=446581--><\/h6>\n<\/div>\n<\/div>\n<h2>Vit\u00f3ria dupla<\/h2>\n<p><strong>O casal Eduardo Ferreira Henrique e Val\u00e9ria Nunes Domingos contou que a celebra\u00e7\u00e3o de um t\u00edtulo dentro de campo \u00e9 tamb\u00e9m uma forma de motiva\u00e7\u00e3o para enfrentar as dores do cotidiano.<\/strong><\/p>\n<p>No caso deles, que moram no Cosme Velho, bairro da zona sul carioca, o fim de semana \u00e9 de comemora\u00e7\u00e3o dupla. No dia do jogo, veio uma \u00f3tima not\u00edcia.<\/p>\n<blockquote>\n<p>\u201cOntem, a gente teve duas vit\u00f3rias. Minha esposa estava com suspeita de c\u00e2ncer, deu resultado negativo; e a vit\u00f3ria do Meng\u00e3o. Foi um dia maravilhoso, sensacional! Comemora\u00e7\u00e3o dupla\u201d, vibrou Eduardo.<\/p>\n<\/blockquote>\n<p>Para Val\u00e9ria, vit\u00f3rias como a do Flamengo s\u00e3o motiva\u00e7\u00e3o para manter um sorriso constante na vida. O casal tamb\u00e9m exalta a uni\u00e3o que o futebol proporciona.<\/p>\n<div class=\"dnd-widget-wrapper context-grande_6colunas type-image atom-align-right\">\n<div class=\"dnd-atom-rendered\"><!-- scald=446589:grande_6colunas {\"additionalClasses\":\"\"} --><br \/>\n            <img decoding=\"async\" src=\"https:\/\/agenciabrasil.ebc.com.br\/sites\/default\/files\/thumbnails\/image\/loading_v2.gif\" data-echo=\"https:\/\/imagens.ebc.com.br\/DRWHJFMZHA4awxPPpgJJNfyHpac=\/463x0\/smart\/https:\/\/agenciabrasil.ebc.com.br\/sites\/default\/files\/thumbnails\/image\/2025\/11\/30\/1000004105.jpg?itok=jayca4uN\" alt=\"Rio de Janeiro (RJ), 30\/11\/2025 \u2013Val\u00e9ria Nunes Domingos e Eduardo Ferreira Henrique, torcedores do Flamengo, comemoram t\u00edtulo da Copa Libertadores, no centro da cidade. Foto: Fernando Fraz\u00e3o\/Ag\u00eancia Brasil\" title=\"Fernando Fraz\u00e3o\/Ag\u00eancia Brasil\"><br \/>\n        <noscript><img decoding=\"async\" src=\"https:\/\/imagens.ebc.com.br\/DRWHJFMZHA4awxPPpgJJNfyHpac=\/463x0\/smart\/https:\/\/agenciabrasil.ebc.com.br\/sites\/default\/files\/thumbnails\/image\/2025\/11\/30\/1000004105.jpg?itok=jayca4uN\" alt=\"Rio de Janeiro (RJ), 30\/11\/2025 \u2013Val\u00e9ria Nunes Domingos e Eduardo Ferreira Henrique, torcedores do Flamengo, comemoram t\u00edtulo da Copa Libertadores, no centro da cidade. Foto: Fernando Fraz\u00e3o\/Ag\u00eancia Brasil\" title=\"Fernando Fraz\u00e3o\/Ag\u00eancia Brasil\"><\/noscript><br \/>\n    <!-- END scald=446589 --><\/div>\n<div class=\"dnd-caption-wrapper\">\n<h6 class=\"meta\">Val\u00e9ria Nunes Domingos e Eduardo Ferreira Henrique tiveram uma vit\u00f3ria dupla no s\u00e1bado: a conquista do Flamengo e o resultado negativo de uma suspeita de c\u00e2ncer em Val\u00e9ria. <strong>Foto:<\/strong>\u00a0<strong>Fernando Fraz\u00e3o\/Ag\u00eancia Brasil<\/strong><!--END copyright=446589--><\/h6>\n<\/div>\n<\/div>\n<p>\u201cNa hora da euforia, todo mundo se abra\u00e7a, todo mundo demonstra felicidade. Esse neg\u00f3cio de viol\u00eancia j\u00e1 foi do passado, agora a galera toda se une, todo mundo junto\u201d, acredita Eduardo.<\/p>\n<h2>Fam\u00edlia<\/h2>\n<p>Se Eduardo e Val\u00e9ria sa\u00edram de um bairro das redondezas, teve gente que saiu de bem mais longe. Foi o caso de Andressa Vit\u00f3ria, que mora em S\u00e3o Gon\u00e7alo, munic\u00edpio na regi\u00e3o metropolitana do Rio, a cerca de 30 quil\u00f4metros de dist\u00e2ncia, quase duas horas de deslocamento.<\/p>\n<p>Andressa foi acompanhada da fam\u00edlia e chegou por volta das 9h, mais de tr\u00eas horas antes de os atletas passarem pelo local. Ao lado da sogra, Rosane Rodrigues, ela disse \u00e0 reportagem que a emo\u00e7\u00e3o com a vit\u00f3ria da v\u00e9spera \u00e9 um al\u00edvio para a vida pessoal.<\/p>\n<p>\u201cAinda mais para quem tem uma crise de ansiedade\u201d, revela.<\/p>\n<p>Ela tamb\u00e9m enxerga no futebol uma forma de unir as pessoas ao ponto de, para ela, formarem uma fam\u00edlia.<\/p>\n<p>\u201cSe voc\u00ea estiver vendo um jogo no bar, parece que todo mundo se conhece, come\u00e7a a trocar assunto sobre isso. Voc\u00ea acaba fazendo uma amizade porque sempre v\u00ea um jogo naquele lugar, acaba se tornando uma fam\u00edlia\u201d, conta.<\/p>\n<h2>Vida mais leve<\/h2>\n<p>O torcedor Euse\u0301bio Carlos Andre\u0301 mora em Resende, cidade no sul do estado a 170 quil\u00f4metros do Rio. Otimista, ele tinha se programado para estar na capital fluminense neste fim de semana e participar de uma ent\u00e3o eventual comemora\u00e7\u00e3o.<\/p>\n<p>Para ele, as alegrias no futebol ajudam a deixar a vida mais leve. \u201cO Flamengo ganhando deixa o pai de fam\u00edlia feliz, todo mundo feliz. O cara feliz no trabalho, feliz no amor, feliz com o filho\u201d, diz.<\/p>\n<p>Ele ressalta tamb\u00e9m o que considera ser o lado democr\u00e1tico do futebol, em todas as torcidas, independentemente de clube.<\/p>\n<p>\u201cTodas as torcidas conseguem reunir o pobre com o rico, o cara que ganha R$ 50 mil junto com o que ganha R$ 80 por dia. O futebol une tudo, todas as ra\u00e7as e etnias\u201d, declara.<\/p>\n<h2>Fen\u00f4meno de massa<\/h2>\n<p>As paix\u00f5es e a coes\u00e3o social causadas pelo futebol j\u00e1 foram tema de in\u00fameros estudos acad\u00eamicos. Um deles \u00e9 o do professor aposentado Mauricio Murad, da Universidade do Estado do Rio de Janeiro (Uerj).<\/p>\n<div class=\"dnd-widget-wrapper context-medio_4colunas type-image atom-align-right\">\n<div class=\"dnd-atom-rendered\"><!-- scald=446592:medio_4colunas {\"additionalClasses\":\"\"} --><br \/>\n            <img decoding=\"async\" src=\"https:\/\/agenciabrasil.ebc.com.br\/sites\/default\/files\/thumbnails\/image\/loading_v2.gif\" data-echo=\"https:\/\/imagens.ebc.com.br\/5KcDiEafbtN41QyE8uJcS86_aU4=\/365x0\/smart\/https:\/\/agenciabrasil.ebc.com.br\/sites\/default\/files\/thumbnails\/image\/2025\/11\/30\/1000004103.jpg?itok=XKWuAWBc\" alt=\"Rio de Janeiro (RJ), 30\/11\/2025 - Eus\u00e9bio Carlos Andr\u00e9 Vicente, torcedor do Flamengo, comemora t\u00edtulo da Copa Libertadores, no centro da cidade. Foto: Fernando Fraz\u00e3o\/Ag\u00eancia Brasil\" title=\"Fernando Fraz\u00e3o\/Ag\u00eancia Brasil\"><br \/>\n        <noscript><img decoding=\"async\" src=\"https:\/\/imagens.ebc.com.br\/5KcDiEafbtN41QyE8uJcS86_aU4=\/365x0\/smart\/https:\/\/agenciabrasil.ebc.com.br\/sites\/default\/files\/thumbnails\/image\/2025\/11\/30\/1000004103.jpg?itok=XKWuAWBc\" alt=\"Rio de Janeiro (RJ), 30\/11\/2025 - Eus\u00e9bio Carlos Andr\u00e9 Vicente, torcedor do Flamengo, comemora t\u00edtulo da Copa Libertadores, no centro da cidade. Foto: Fernando Fraz\u00e3o\/Ag\u00eancia Brasil\" title=\"Fernando Fraz\u00e3o\/Ag\u00eancia Brasil\"><\/noscript><br \/>\n    <!-- END scald=446592 --><\/div>\n<div class=\"dnd-caption-wrapper\">\n<h6 class=\"meta\">\u00a0Eus\u00e9bio Carlos Andr\u00e9 Vicente foi para a capital do estado com anteced\u00eancia, j\u00e1 pensando na festa da vit\u00f3ria.\u00a0<strong>Foto:<\/strong>\u00a0<strong>Fernando Fraz\u00e3o\/Ag\u00eancia Brasil<\/strong><!--END copyright=446592--><\/h6>\n<\/div>\n<\/div>\n<p>No artigo <a href=\"https:\/\/www.persee.fr\/doc\/carav_1147-6753_2007_num_89_1_3162\" target=\"_blank\">Futebol no Brasil: reflex\u00f5es sociol\u00f3gicas<\/a>, o tamb\u00e9m doutor em sociologia do esporte pela Universidade do Porto, de Portugal, afirma que o futebol \u00e9 um dos maiores eventos da cultura da massa no Brasil.<\/p>\n<blockquote>\n<p>\u201cMobiliza paix\u00f5es coletivas, expressa os fundamentos antropol\u00f3gicos de nossa forma\u00e7\u00e3o e representa o nosso sistema simb\u00f3lico, como poucos acontecimentos da estrutura social\u201d, escreve.<\/p>\n<\/blockquote>\n<p>Murad considera que \u201ca materialidade maior do futebol, n\u00e3o se restringe ao esporte profissional\u201d. Para ele, o valor simb\u00f3lico do futebol transborda para toda a vida social.<\/p>\n<p>\u201cO futebol \u00e9 o mais significativo fen\u00f4meno da cultura das multid\u00f5es no Brasil, estimulando cora\u00e7\u00f5es e mentes, em regi\u00f5es diversas, em classes sociais distintas, em diferentes faixas et\u00e1rias, n\u00edveis de escolaridade e rela\u00e7\u00f5es de g\u00eanero\u201d.<\/p>\n<p>O professor ressalta que esse efeito supera at\u00e9 o carnaval, por se espalhar por todo o pa\u00eds e se manifestar o ano interior. \u201cCostuma se dizer que o reinado do Rei Momo dura quatro dias e que o reinado do Rei Pel\u00e9 dura o ano todo\u201d.<\/p>\n<h2>Paix\u00e3o como heran\u00e7a<\/h2>\n<p>O casal Maur\u00edcio Braz e Fl\u00e1via Torres saiu de Mag\u00e9, munic\u00edpio da regi\u00e3o metropolitana, para acompanhar a comemora\u00e7\u00e3o. Eles levaram para festa um dos rubro-negros mais novos por l\u00e1: Jo\u00e3o Vicente, de apenas 9 meses.<\/p>\n<p>Com o beb\u00ea do colo, o pai explicou com orgulho como a tradi\u00e7\u00e3o de torcer para o clube passa de gera\u00e7\u00e3o em gera\u00e7\u00e3o. \u201c\u00c9 algo que passa de pai para filho. Igual aqui, essa camisa eu guardo desde novembro de 1995\u201d, diz ele enquanto aponta para a blusa vermelha e preta no corpo do beb\u00ea flamenguista.<\/p>\n<p>\u201cEstou passando para ele aqui hoje com o tetra da Libertadores\u201d, completa.<\/p>\n<div class=\"dnd-widget-wrapper context-medio_4colunas type-image atom-align-left\">\n<div class=\"dnd-atom-rendered\"><!-- scald=446591:medio_4colunas {\"additionalClasses\":\"\"} --><br \/>\n            <img decoding=\"async\" src=\"https:\/\/agenciabrasil.ebc.com.br\/sites\/default\/files\/thumbnails\/image\/loading_v2.gif\" data-echo=\"https:\/\/imagens.ebc.com.br\/hMK4RefVPdiNzpVfRVgOIV_celQ=\/365x0\/smart\/https:\/\/agenciabrasil.ebc.com.br\/sites\/default\/files\/thumbnails\/image\/2025\/11\/30\/1000004102.jpg?itok=-Is97sf7\" alt=\"Rio de Janeiro (RJ), 30\/11\/2025 \u2013 H\u00e9lio Marcos Ferreira Chaves, torcedore do Flamengo, comemora t\u00edtulo da Copa Libertadores, no centro da cidade. Foto: Fernando Fraz\u00e3o\/Ag\u00eancia Brasil\" title=\"Fernando Fraz\u00e3o\/Ag\u00eancia Brasil\"><br \/>\n        <noscript><img decoding=\"async\" src=\"https:\/\/imagens.ebc.com.br\/hMK4RefVPdiNzpVfRVgOIV_celQ=\/365x0\/smart\/https:\/\/agenciabrasil.ebc.com.br\/sites\/default\/files\/thumbnails\/image\/2025\/11\/30\/1000004102.jpg?itok=-Is97sf7\" alt=\"Rio de Janeiro (RJ), 30\/11\/2025 \u2013 H\u00e9lio Marcos Ferreira Chaves, torcedore do Flamengo, comemora t\u00edtulo da Copa Libertadores, no centro da cidade. Foto: Fernando Fraz\u00e3o\/Ag\u00eancia Brasil\" title=\"Fernando Fraz\u00e3o\/Ag\u00eancia Brasil\"><\/noscript><br \/>\n    <!-- END scald=446591 --><\/div>\n<div class=\"dnd-caption-wrapper\">\n<h6 class=\"meta\">H\u00e9lio Marcos Ferreira Chaves espera comemorar mais um t\u00edtulo do Flamengo na pr\u00f3xima quarta (3), dessa vez acompanhado do filho. <strong>Foto:<\/strong>\u00a0<strong>Fernando Fraz\u00e3o\/Ag\u00eancia Brasil<\/strong><!--END copyright=446591--><\/h6>\n<\/div>\n<\/div>\n<p>A gera\u00e7\u00e3o pode at\u00e9 passar de fam\u00edlia em fam\u00edlia, mas para H\u00e9lio Marcos Ferreira Chaves, a festa deste domingo foi um pouco mais desacompanhada do que as de 2019 e 2022, quando o Flamengo tamb\u00e9m foi campe\u00e3o.<\/p>\n<p>\u201cEm 2019 e em 2022, eu estava com os meus filhos. Agora estou sem eles\u201d, brinca, ao justificar que um deles estava trabalhando e n\u00e3o p\u00f4de comparecer.<\/p>\n<p>\u201cMas quarta-feira ele estar\u00e1 comigo\u201d, prometeu para quarta-feira (3), quando o time enfrenta o Cear\u00e1 pelo Campeonato Brasileiro. O jogo pode dar ao clube mais um t\u00edtulo de campe\u00e3o.<\/p>\n<p>O c\u00e9lebre sambista Jo\u00e3o Nogueira j\u00e1 dizia: \u201cquando o Mengo perde eu n\u00e3o quero almo\u00e7ar, eu n\u00e3o quero jantar\u201d. Mas neste fim de semana, a Na\u00e7\u00e3o vai almo\u00e7ar, jantar e dormir feliz.<\/p>\n","protected":false},"excerpt":{"rendered":"<p>Em 1983, o baiano Moraes Moreira j\u00e1 cantava: \u201cagora como \u00e9 que eu me vingo de toda derrota da vida, se a cada gol do Flamengo eu me sentia um vencedor\u201d. Na ocasi\u00e3o, ele lamentava a ida de Zico, o maior \u00eddolo do clube, para a Europa. Hoje, 42 anos depois, milh\u00f5es de pessoas esqueceram [&hellip;]<\/p>\n","protected":false},"author":1,"featured_media":14337,"comment_status":"open","ping_status":"open","sticky":false,"template":"","format":"standard","meta":{"_monsterinsights_skip_tracking":false,"_monsterinsights_sitenote_active":false,"_monsterinsights_sitenote_note":"","_monsterinsights_sitenote_category":0,"site-sidebar-layout":"default","site-content-layout":"","ast-site-content-layout":"","site-content-style":"default","site-sidebar-style":"default","ast-global-header-display":"","ast-banner-title-visibility":"","ast-main-header-display":"","ast-hfb-above-header-display":"","ast-hfb-below-header-display":"","ast-hfb-mobile-header-display":"","site-post-title":"","ast-breadcrumbs-content":"","ast-featured-img":"","footer-sml-layout":"","theme-transparent-header-meta":"","adv-header-id-meta":"","stick-header-meta":"","header-above-stick-meta":"","header-main-stick-meta":"","header-below-stick-meta":"","astra-migrate-meta-layouts":"default","ast-page-background-enabled":"default","ast-page-background-meta":{"desktop":{"background-color":"var(--ast-global-color-4)","background-image":"","background-repeat":"repeat","background-position":"center center","background-size":"auto","background-attachment":"scroll","background-type":"","background-media":"","overlay-type":"","overlay-color":"","overlay-opacity":"","overlay-gradient":""},"tablet":{"background-color":"","background-image":"","background-repeat":"repeat","background-position":"center center","background-size":"auto","background-attachment":"scroll","background-type":"","background-media":"","overlay-type":"","overlay-color":"","overlay-opacity":"","overlay-gradient":""},"mobile":{"background-color":"","background-image":"","background-repeat":"repeat","background-position":"center center","background-size":"auto","background-attachment":"scroll","background-type":"","background-media":"","overlay-type":"","overlay-color":"","overlay-opacity":"","overlay-gradient":""}},"ast-content-background-meta":{"desktop":{"background-color":"var(--ast-global-color-5)","background-image":"","background-repeat":"repeat","background-position":"center center","background-size":"auto","background-attachment":"scroll","background-type":"","background-media":"","overlay-type":"","overlay-color":"","overlay-opacity":"","overlay-gradient":""},"tablet":{"background-color":"var(--ast-global-color-5)","background-image":"","background-repeat":"repeat","background-position":"center center","background-size":"auto","background-attachment":"scroll","background-type":"","background-media":"","overlay-type":"","overlay-color":"","overlay-opacity":"","overlay-gradient":""},"mobile":{"background-color":"var(--ast-global-color-5)","background-image":"","background-repeat":"repeat","background-position":"center center","background-size":"auto","background-attachment":"scroll","background-type":"","background-media":"","overlay-type":"","overlay-color":"","overlay-opacity":"","overlay-gradient":""}},"footnotes":""},"categories":[45],"tags":[],"class_list":["post-14336","post","type-post","status-publish","format-standard","has-post-thumbnail","hentry","category-esportes"],"aioseo_notices":[],"_links":{"self":[{"href":"https:\/\/conexaodjota.com.br\/index.php?rest_route=\/wp\/v2\/posts\/14336","targetHints":{"allow":["GET"]}}],"collection":[{"href":"https:\/\/conexaodjota.com.br\/index.php?rest_route=\/wp\/v2\/posts"}],"about":[{"href":"https:\/\/conexaodjota.com.br\/index.php?rest_route=\/wp\/v2\/types\/post"}],"author":[{"embeddable":true,"href":"https:\/\/conexaodjota.com.br\/index.php?rest_route=\/wp\/v2\/users\/1"}],"replies":[{"embeddable":true,"href":"https:\/\/conexaodjota.com.br\/index.php?rest_route=%2Fwp%2Fv2%2Fcomments&post=14336"}],"version-history":[{"count":0,"href":"https:\/\/conexaodjota.com.br\/index.php?rest_route=\/wp\/v2\/posts\/14336\/revisions"}],"wp:featuredmedia":[{"embeddable":true,"href":"https:\/\/conexaodjota.com.br\/index.php?rest_route=\/wp\/v2\/media\/14337"}],"wp:attachment":[{"href":"https:\/\/conexaodjota.com.br\/index.php?rest_route=%2Fwp%2Fv2%2Fmedia&parent=14336"}],"wp:term":[{"taxonomy":"category","embeddable":true,"href":"https:\/\/conexaodjota.com.br\/index.php?rest_route=%2Fwp%2Fv2%2Fcategories&post=14336"},{"taxonomy":"post_tag","embeddable":true,"href":"https:\/\/conexaodjota.com.br\/index.php?rest_route=%2Fwp%2Fv2%2Ftags&post=14336"}],"curies":[{"name":"wp","href":"https:\/\/api.w.org\/{rel}","templated":true}]}}