{"id":14300,"date":"2025-11-29T20:05:11","date_gmt":"2025-11-29T23:05:11","guid":{"rendered":"https:\/\/conexaodjota.com.br\/?p=14300"},"modified":"2025-11-29T20:05:11","modified_gmt":"2025-11-29T23:05:11","slug":"onibus-atrasa-e-final-da-libertadores-comecara-as-18h15-de-brasilia","status":"publish","type":"post","link":"https:\/\/conexaodjota.com.br\/?p=14300","title":{"rendered":"\u00d4nibus atrasa e final da Libertadores come\u00e7ar\u00e1 \u00e0s 18h15 (de Bras\u00edlia)"},"content":{"rendered":"<\/p>\n<p><a class=\"\" href=\"https:\/\/agenciabrasil.ebc.com.br\/esportes\/noticia\/2025-11\/onibus-atrasa-e-final-da-libertadores-comecara-18h15-de-brasilia\"><br \/>\n                    <img decoding=\"async\" src=\"https:\/\/cdn.jsdelivr.net\/gh\/sergiosdlima\/assets-ebc@1.0.0\/abr\/assets\/images\/logo-agenciabrasil.svg\" alt=\"Logo Ag\u00eancia Brasil\"><br \/>\n\t\t\t\t<\/a><\/p>\n<p>A decis\u00e3o da Libertadores entre Palmeiras e Flamengo ter\u00e1 in\u00edcio 15 minutos ap\u00f3s o previsto. O pontap\u00e9 inicial da partida deste s\u00e1bado (29), inicialmente marcada para 18h (hor\u00e1rio de Bras\u00edlia), ser\u00e1 \u00e0s 18h15. O motivo foi o atraso do \u00f4nibus do Verd\u00e3o, que chegou ao Est\u00e1dio Monumental da U, em Lima (Peru), pouco antes das 17h, por conta do tr\u00e2nsito intenso na capital peruana.<img decoding=\"async\" src=\"https:\/\/agenciabrasil.ebc.com.br\/ebc.png?id=1670208&#038;o=rss\"><img decoding=\"async\" src=\"https:\/\/agenciabrasil.ebc.com.br\/ebc.gif?id=1670208&#038;o=rss\"><\/p>\n<blockquote class=\"twitter-tweet\">\n<p dir=\"ltr\" lang=\"pt\" xml:lang=\"pt\">\ud83d\udea8 Novo hor\u00e1rio de in\u00edcio da Final da CONMEBOL <a href=\"https:\/\/twitter.com\/hashtag\/Libertadores?src=hash&#038;ref_src=twsrc%5Etfw\">#Libertadores<\/a>: \u00e0s 16h15, hor\u00e1rio local (18h15 de Bras\u00edlia). <a href=\"https:\/\/t.co\/v20UjeKTfp\">pic.twitter.com\/v20UjeKTfp<\/a><\/p>\n<p>\u2014 CONMEBOL Libertadores (@LibertadoresBR) <a href=\"https:\/\/twitter.com\/LibertadoresBR\/status\/1994862529034760248?ref_src=twsrc%5Etfw\">November 29, 2025<\/a><\/p><\/blockquote>\n<p><script async=\"\" src=\"https:\/\/platform.twitter.com\/widgets.js\" charset=\"utf-8\"><\/script><\/p>\n<h3>Not\u00edcias relacionadas:<\/h3>\n<ul>\n<li><a href=\"https:\/\/agenciabrasil.ebc.com.br\/esportes\/noticia\/2025-11\/palmeiras-e-flamengo-decidem-1o-tetra-brasileiro-na-libertadores\">Palmeiras e Flamengo decidem 1\u00ba tetra brasileiro na Libertadores.<\/a><\/li>\n<li><a href=\"https:\/\/agenciabrasil.ebc.com.br\/esportes\/noticia\/2025-10\/flamengo-e-palmeiras-disputam-7a-final-brasileira-da-libertadores\">Flamengo e Palmeiras disputam 7\u00aa final brasileira da Libertadores.<\/a><\/li>\n<li><a href=\"https:\/\/agenciabrasil.ebc.com.br\/esportes\/noticia\/2025-11\/fluminense-goleia-sao-paulo-e-confirma-presenca-na-copa-libertadores\">Fluminense goleia S\u00e3o Paulo e confirma presen\u00e7a na Copa Libertadores.<\/a><\/li>\n<\/ul>\n<p>Devido \u00e0 demora, o Palmeiras divulgou a escala\u00e7\u00e3o da final \u00e0s 16h55, cerca de 20 minutos ap\u00f3s o Flamengo. O t\u00e9cnico Abel Ferreira n\u00e3o fez mist\u00e9rio e definiu como titulares os 11 jogadores que poupou na derrota por 3 a 2 para o Gr\u00eamio, na \u00faltima ter\u00e7a-feira (25), na Arena, em Porto Alegre, pelo Campeonato Brasileiro. O Alviverde vai a campo com: Carlos Miguel; Khellven, Gustavo G\u00f3mez, Murilo e Joaqu\u00edn Piquerez; Bruno Fuchs, Raphael Veiga e Allan; Flaco Lopez e Vitor Roque.<\/p>\n<p>No Rubro-Negro, Filipe Lu\u00eds confirmou o time com Samuel Lino no ataque, ganhando a disputa com Everton Cebolinha. O treinador tamb\u00e9m definiu a zaga com Danilo. Apesar de recuperado de les\u00e3o no tornozelo esquerdo, L\u00e9o Ortiz fica no banco. A forma\u00e7\u00e3o tem: Agust\u00edn Rossi; Guillermo Varela, Danilo, L\u00e9o Pereira e Alex Sandro; Erick Pulgar, Jorginho e Giorgian de Arrascaeta; Samuel Lino, Jorge Carrascal e Bruno Henrique.<\/p>\n<p>O vencedor em Lima ser\u00e1 o primeiro brasileiro a ter quatro t\u00edtulos de Libertadores. O Palmeiras foi campe\u00e3o em 1999, 2020 e 2021 (superando o rival deste s\u00e1bado na decis\u00e3o). O Flamengo levou a melhor em 1981, 2019 e 2022.<\/p>\n","protected":false},"excerpt":{"rendered":"<p>A decis\u00e3o da Libertadores entre Palmeiras e Flamengo ter\u00e1 in\u00edcio 15 minutos ap\u00f3s o previsto. O pontap\u00e9 inicial da partida deste s\u00e1bado (29), inicialmente marcada para 18h (hor\u00e1rio de Bras\u00edlia), ser\u00e1 \u00e0s 18h15. O motivo foi o atraso do \u00f4nibus do Verd\u00e3o, que chegou ao Est\u00e1dio Monumental da U, em Lima (Peru), pouco antes das [&hellip;]<\/p>\n","protected":false},"author":112,"featured_media":14301,"comment_status":"open","ping_status":"open","sticky":false,"template":"","format":"standard","meta":{"_monsterinsights_skip_tracking":false,"_monsterinsights_sitenote_active":false,"_monsterinsights_sitenote_note":"","_monsterinsights_sitenote_category":0,"site-sidebar-layout":"default","site-content-layout":"","ast-site-content-layout":"","site-content-style":"default","site-sidebar-style":"default","ast-global-header-display":"","ast-banner-title-visibility":"","ast-main-header-display":"","ast-hfb-above-header-display":"","ast-hfb-below-header-display":"","ast-hfb-mobile-header-display":"","site-post-title":"","ast-breadcrumbs-content":"","ast-featured-img":"","footer-sml-layout":"","theme-transparent-header-meta":"","adv-header-id-meta":"","stick-header-meta":"","header-above-stick-meta":"","header-main-stick-meta":"","header-below-stick-meta":"","astra-migrate-meta-layouts":"default","ast-page-background-enabled":"default","ast-page-background-meta":{"desktop":{"background-color":"var(--ast-global-color-4)","background-image":"","background-repeat":"repeat","background-position":"center center","background-size":"auto","background-attachment":"scroll","background-type":"","background-media":"","overlay-type":"","overlay-color":"","overlay-opacity":"","overlay-gradient":""},"tablet":{"background-color":"","background-image":"","background-repeat":"repeat","background-position":"center center","background-size":"auto","background-attachment":"scroll","background-type":"","background-media":"","overlay-type":"","overlay-color":"","overlay-opacity":"","overlay-gradient":""},"mobile":{"background-color":"","background-image":"","background-repeat":"repeat","background-position":"center center","background-size":"auto","background-attachment":"scroll","background-type":"","background-media":"","overlay-type":"","overlay-color":"","overlay-opacity":"","overlay-gradient":""}},"ast-content-background-meta":{"desktop":{"background-color":"var(--ast-global-color-5)","background-image":"","background-repeat":"repeat","background-position":"center center","background-size":"auto","background-attachment":"scroll","background-type":"","background-media":"","overlay-type":"","overlay-color":"","overlay-opacity":"","overlay-gradient":""},"tablet":{"background-color":"var(--ast-global-color-5)","background-image":"","background-repeat":"repeat","background-position":"center center","background-size":"auto","background-attachment":"scroll","background-type":"","background-media":"","overlay-type":"","overlay-color":"","overlay-opacity":"","overlay-gradient":""},"mobile":{"background-color":"var(--ast-global-color-5)","background-image":"","background-repeat":"repeat","background-position":"center center","background-size":"auto","background-attachment":"scroll","background-type":"","background-media":"","overlay-type":"","overlay-color":"","overlay-opacity":"","overlay-gradient":""}},"footnotes":""},"categories":[45],"tags":[],"class_list":["post-14300","post","type-post","status-publish","format-standard","has-post-thumbnail","hentry","category-esportes"],"aioseo_notices":[],"_links":{"self":[{"href":"https:\/\/conexaodjota.com.br\/index.php?rest_route=\/wp\/v2\/posts\/14300","targetHints":{"allow":["GET"]}}],"collection":[{"href":"https:\/\/conexaodjota.com.br\/index.php?rest_route=\/wp\/v2\/posts"}],"about":[{"href":"https:\/\/conexaodjota.com.br\/index.php?rest_route=\/wp\/v2\/types\/post"}],"author":[{"embeddable":true,"href":"https:\/\/conexaodjota.com.br\/index.php?rest_route=\/wp\/v2\/users\/112"}],"replies":[{"embeddable":true,"href":"https:\/\/conexaodjota.com.br\/index.php?rest_route=%2Fwp%2Fv2%2Fcomments&post=14300"}],"version-history":[{"count":0,"href":"https:\/\/conexaodjota.com.br\/index.php?rest_route=\/wp\/v2\/posts\/14300\/revisions"}],"wp:featuredmedia":[{"embeddable":true,"href":"https:\/\/conexaodjota.com.br\/index.php?rest_route=\/wp\/v2\/media\/14301"}],"wp:attachment":[{"href":"https:\/\/conexaodjota.com.br\/index.php?rest_route=%2Fwp%2Fv2%2Fmedia&parent=14300"}],"wp:term":[{"taxonomy":"category","embeddable":true,"href":"https:\/\/conexaodjota.com.br\/index.php?rest_route=%2Fwp%2Fv2%2Fcategories&post=14300"},{"taxonomy":"post_tag","embeddable":true,"href":"https:\/\/conexaodjota.com.br\/index.php?rest_route=%2Fwp%2Fv2%2Ftags&post=14300"}],"curies":[{"name":"wp","href":"https:\/\/api.w.org\/{rel}","templated":true}]}}