{"id":14282,"date":"2025-11-29T09:05:39","date_gmt":"2025-11-29T12:05:39","guid":{"rendered":"https:\/\/conexaodjota.com.br\/?p=14282"},"modified":"2025-11-29T09:05:39","modified_gmt":"2025-11-29T12:05:39","slug":"palmeiras-e-flamengo-decidem-1o-tetra-brasileiro-na-libertadores","status":"publish","type":"post","link":"https:\/\/conexaodjota.com.br\/?p=14282","title":{"rendered":"Palmeiras e Flamengo decidem 1\u00ba tetra brasileiro na Libertadores"},"content":{"rendered":"<\/p>\n<p><a class=\"\" href=\"https:\/\/agenciabrasil.ebc.com.br\/esportes\/noticia\/2025-11\/palmeiras-e-flamengo-decidem-1o-tetra-brasileiro-na-libertadores\"><br \/>\n                    <img decoding=\"async\" src=\"https:\/\/cdn.jsdelivr.net\/gh\/sergiosdlima\/assets-ebc@1.0.0\/abr\/assets\/images\/logo-agenciabrasil.svg\" alt=\"Logo Ag\u00eancia Brasil\"><br \/>\n\t\t\t\t<\/a><\/p>\n<p>O \u00faltimo ano em que o posto de time brasileiro com mais Libertadores pertenceu isoladamente a um clube foi 2011, quando o S\u00e3o Paulo, \u00fanico tri desde 2005, foi igualado pelo Santos. De l\u00e1 para c\u00e1, a dupla Sanntos e S\u00e3o Paulo viu Gr\u00eamio, Palmeiras e Flamengo chegarem aos mesmos tr\u00eas t\u00edtulos. A partir deste s\u00e1bado (29), o lugar de maior conquistador da Am\u00e9rica no futebol nacional, como primeiro tetracampe\u00e3o sul-americano do pa\u00eds, ser\u00e1 do Verd\u00e3o ou do Rubro-Negro.<img decoding=\"async\" src=\"https:\/\/agenciabrasil.ebc.com.br\/ebc.png?id=1669961&#038;o=rss\"><img decoding=\"async\" src=\"https:\/\/agenciabrasil.ebc.com.br\/ebc.gif?id=1669961&#038;o=rss\"><\/p>\n<blockquote class=\"twitter-tweet\">\n<p dir=\"ltr\" lang=\"pt\" xml:lang=\"pt\">\ud83d\udc9a\ud83c\udfc6\u2764\ufe0f Outra vez em busca da <a href=\"https:\/\/twitter.com\/hashtag\/GloriaEterna?src=hash&#038;ref_src=twsrc%5Etfw\">#GloriaEterna<\/a>! <a href=\"https:\/\/twitter.com\/Palmeiras?ref_src=twsrc%5Etfw\">@Palmeiras<\/a> e <a href=\"https:\/\/twitter.com\/Flamengo?ref_src=twsrc%5Etfw\">@Flamengo<\/a> se reencontram na Final da CONMEBOL <a href=\"https:\/\/twitter.com\/hashtag\/Libertadores?src=hash&#038;ref_src=twsrc%5Etfw\">#Libertadores<\/a>, agora em Lima.<\/p>\n<p>\ud83e\udd14\ud83c\udde7\ud83c\uddf7 Quem ser\u00e1 o primeiro tetra do Brasil? <a href=\"https:\/\/t.co\/4FZwx2LD01\">pic.twitter.com\/4FZwx2LD01<\/a><\/p>\n<p>\u2014 CONMEBOL Libertadores (@LibertadoresBR) <a href=\"https:\/\/twitter.com\/LibertadoresBR\/status\/1984084839264296982?ref_src=twsrc%5Etfw\">October 31, 2025<\/a><\/p><\/blockquote>\n<p><script async=\"\" src=\"https:\/\/platform.twitter.com\/widgets.js\" charset=\"utf-8\"><\/script><\/p>\n<h3>Not\u00edcias relacionadas:<\/h3>\n<ul>\n<li><a href=\"https:\/\/agenciabrasil.ebc.com.br\/esportes\/noticia\/2025-10\/flamengo-mostra-raca-e-garante-presenca-na-final-da-libertadores\">Flamengo mostra ra\u00e7a e garante presen\u00e7a na final da Libertadores.<\/a><\/li>\n<li><a href=\"https:\/\/agenciabrasil.ebc.com.br\/esportes\/noticia\/2025-10\/palmeiras-goleia-ldu-e-enfrenta-flamengo-na-final-da-libertadores\">Palmeiras goleia LDU e enfrenta Flamengo na final da Libertadores.<\/a><\/li>\n<li><a href=\"https:\/\/agenciabrasil.ebc.com.br\/esportes\/noticia\/2025-11\/final-da-libertadores-sera-18h-de-29-de-novembro-anuncia-conmebol\">Final da Libertadores ser\u00e1 \u00e0s 18h de 29 de novembro, anuncia Conmebol.<\/a><\/li>\n<\/ul>\n<p>A \u201cGloria Eterna\u201d ser\u00e1 colocada em jogo a partir das 18h (hor\u00e1rio de Bras\u00edlia) no Est\u00e1dio Monumental U, em Lima (Peru). A <strong>R\u00e1dio Nacional<\/strong> transmite a decis\u00e3o da Libertadores ao vivo, com o Show de Bola Nacional come\u00e7ando \u00e0s 17h30. A narra\u00e7\u00e3o ser\u00e1 de Luciana Zogaib, com coment\u00e1rios de Rodrigo Ricardo e reportagens de Marcelo Smigol e Rachel Motta.<\/p>\n<h2>Fator Andreas<\/h2>\n<p>Palmeiras e Flamengo se reencontram em uma final de Libertadores quatro anos ap\u00f3s o confronto no Centen\u00e1rio, em Montevid\u00e9u (Uruguai). O meia Raphael Veiga, que ainda faz parte do elenco alviverde, abriu o marcador, mas o atacante Gabriel Barbosa, \u00eddolo rubro-negro e hoje no Cruzeiro, empatou. Aos quatro minutos do primeiro tempo da prorroga\u00e7\u00e3o, o lance derradeiro: o volante Andreas Pereira perdeu a bola, o atacante Deyverson aproveitou e chutou na sa\u00edda do goleiro Diego Alves. Verd\u00e3o 2 a 1.<\/p>\n<blockquote class=\"twitter-tweet\">\n<p dir=\"ltr\" lang=\"pt\" xml:lang=\"pt\">\ud83c\udfc6\ud83c\uddf3\ud83c\uddec H\u00e1 4\ufe0f\u20e3 anos, o tri do <a href=\"https:\/\/twitter.com\/Palmeiras?ref_src=twsrc%5Etfw\">@Palmeiras<\/a> em Montevid\u00e9u!<\/p>\n<p>\u26bd\ud83e\udd29 Dia do hist\u00f3rico gol de Deyverson diante do <a href=\"https:\/\/twitter.com\/hashtag\/Flamengo?src=hash&#038;ref_src=twsrc%5Etfw\">#Flamengo<\/a> na prorroga\u00e7\u00e3o, no Centen\u00e1rio.<a href=\"https:\/\/twitter.com\/hashtag\/GloriaEterna?src=hash&#038;ref_src=twsrc%5Etfw\">#GloriaEterna<\/a> <a href=\"https:\/\/t.co\/Exa4NB2vSI\">pic.twitter.com\/Exa4NB2vSI<\/a><\/p>\n<p>\u2014 CONMEBOL Libertadores (@LibertadoresBR) <a href=\"https:\/\/twitter.com\/LibertadoresBR\/status\/1994013332987367655?ref_src=twsrc%5Etfw\">November 27, 2025<\/a><\/p><\/blockquote>\n<p><script async=\"\" src=\"https:\/\/platform.twitter.com\/widgets.js\" charset=\"utf-8\"><\/script><\/p>\n<p>Quis o destino que Andreas, em 2025, esteja no lado campe\u00e3o na Libertadores de 2021. O volante foi contratado em setembro, oriundo do Fulham (Inglaterra). Na apresenta\u00e7\u00e3o, ele n\u00e3o escapou das perguntas sobre a falha em Montevid\u00e9u. \u201cO que aconteceu no passado, passou. Eu cheguei nesse grande clube e quero escrever uma linda hist\u00f3ria\u201d, disse o jogador na ocasi\u00e3o.<\/p>\n<p>Em outubro, o camisa 8 alviverde reencontrou o Flamengo, no duelo entre os times pelo Campeonato Brasileiro, no Rio de Janeiro. O Rubro-Negro venceu por 3 a 2. Hostilizado, o volante causou alvoro\u00e7o na torcida da casa ao, por ironia, escorregar no gramado molhado do Maracan\u00e3 ao cobrar uma falta.<\/p>\n<h2>Briga no Brasileir\u00e3o<\/h2>\n<p>Andreas foi um dos 11 atletas usualmente titulares que foram poupados por Abel Ferreira no time que saiu jogando diante do Gr\u00eamio na \u00faltima ter\u00e7a-feira (25), na Arena, em Porto Alegre, pelo Brasileir\u00e3o. A derrota por 3 a 2 praticamente afastou o Palmeiras da briga pelo t\u00edtulo nacional, que est\u00e1 pr\u00f3ximo justamente do Flamengo.<\/p>\n<p>A duas rodadas do fim, o Rubro-Negro tem 75 pontos, cinco a mais que os paulistas. Mesmo preservando atletas na forma\u00e7\u00e3o titular, ainda que menos que o Verd\u00e3o, os cariocas buscaram o empate por 1 a 1 com o Atl\u00e9tico-MG na Arena MRV, em Belo Horizonte.<\/p>\n<h2>Abel para a hist\u00f3ria<\/h2>\n<p>O portugu\u00eas Abel Ferreira pode estabelecer marcas importantes em caso de tetra palmeirense. Ele pode se isolar como t\u00e9cnico mais vezes campe\u00e3o pelo Verd\u00e3o, com 11 ta\u00e7as, uma a mais que Oswaldo Brand\u00e3o. Al\u00e9m disso, alcan\u00e7aria a terceira Libertadores, igualando-se a Osvaldo Zubeld\u00eda, tri pelo Estudiantes (Argentina) entre 1968 e 1970, como segundo treinador com mais t\u00edtulos.<\/p>\n<blockquote class=\"twitter-tweet\">\n<p dir=\"ltr\" lang=\"pt\" xml:lang=\"pt\">\ud83c\uddf5\ud83c\uddf9\ud83e\udde0 Abel Ferreira tem um plano de <a href=\"https:\/\/twitter.com\/hashtag\/GloriaEterna?src=hash&#038;ref_src=twsrc%5Etfw\">#GloriaEterna<\/a>!<\/p>\n<p>\ud83c\udfc6\ud83d\udc40 Todos por um em Lima para fazer do <a href=\"https:\/\/twitter.com\/Palmeiras?ref_src=twsrc%5Etfw\">@Palmeiras<\/a> o primeiro time brasileiro tetracampe\u00e3o da CONMEBOL <a href=\"https:\/\/twitter.com\/hashtag\/Libertadores?src=hash&#038;ref_src=twsrc%5Etfw\">#Libertadores<\/a>. <a href=\"https:\/\/t.co\/QH4LUPcri6\">pic.twitter.com\/QH4LUPcri6<\/a><\/p>\n<p>\u2014 CONMEBOL Libertadores (@LibertadoresBR) <a href=\"https:\/\/twitter.com\/LibertadoresBR\/status\/1994073732126539811?ref_src=twsrc%5Etfw\">November 27, 2025<\/a><\/p><\/blockquote>\n<p><script async=\"\" src=\"https:\/\/platform.twitter.com\/widgets.js\" charset=\"utf-8\"><\/script><\/p>\n<p>Abel, Andreas e Veiga n\u00e3o s\u00e3o os \u00fanicos remanescentes de 2021 na decis\u00e3o deste s\u00e1bado. No elenco alviverde, tamb\u00e9m disputaram aquela final o goleiro Weverton (que se recupera de uma fissura em osso da m\u00e3o direita) o zagueiro Gustavo G\u00f3mez e o lateral Joaqu\u00edn Piquerez. No rubro-negro, estavam no duelo o meia Giorgian de Arrascaeta e os atacantes Pedro, Michael e Bruno Henrique, sem esquecer de Filipe Lu\u00eds, \u00e0 \u00e9poca dono da lateral esquerda e hoje comandante da equipe.<\/p>\n<h2>Protagonismo uruguaio<\/h2>\n<p>Arrascaeta, ali\u00e1s, \u00e9 quem ostenta os holofotes do lado flamenguista da final. O uruguaio vive sua temporada mais decisiva pelo clube, com 23 gols e 17 assist\u00eancias em 59 jogos. Considerando somente o Brasileir\u00e3o, o meia participou de, ao menos, um gol por partida, j\u00e1 que balan\u00e7ou as redes 18 vezes e distribuiu 14 passes em 32 confrontos. Ele pode chegar ao 16\u00ba t\u00edtulo pelo Rubro-Negro, assim como Bruno Henrique, ampliando o status de jogador com mais conquistas pelo time carioca.<\/p>\n<blockquote class=\"twitter-tweet\">\n<p dir=\"ltr\" lang=\"pt\" xml:lang=\"pt\">\ud83d\udd34\u26ab Filipe Luis conhece o caminho da <a href=\"https:\/\/twitter.com\/hashtag\/GloriaEterna?src=hash&#038;ref_src=twsrc%5Etfw\">#GloriaEterna<\/a>!<\/p>\n<p>\ud83c\udfc6\ud83d\udc40 Bicampe\u00e3o pelo <a href=\"https:\/\/twitter.com\/Flamengo?ref_src=twsrc%5Etfw\">@Flamengo<\/a> como jogador, agora chega \u00e0 primeira Final da CONMEBOL <a href=\"https:\/\/twitter.com\/hashtag\/Libertadores?src=hash&#038;ref_src=twsrc%5Etfw\">#Libertadores<\/a> como treinador. <a href=\"https:\/\/t.co\/QCKC0b1T6J\">pic.twitter.com\/QCKC0b1T6J<\/a><\/p>\n<p>\u2014 CONMEBOL Libertadores (@LibertadoresBR) <a href=\"https:\/\/twitter.com\/LibertadoresBR\/status\/1994058644678115822?ref_src=twsrc%5Etfw\">November 27, 2025<\/a><\/p><\/blockquote>\n<p><script async=\"\" src=\"https:\/\/platform.twitter.com\/widgets.js\" charset=\"utf-8\"><\/script><\/p>\n<p>O palco da final de s\u00e1bado \u00e9 de boas lembran\u00e7as para eles e toda a torcida do Flamengo. \u00c9 o mesmo no qual o clube conquistou o bi da Libertadores em 2019, vencendo o River Plate (Argentina)\u00a0por 2 a 1, com dois gols de Gabriel Barbosa. Arrascaeta, Bruno Henrique e Filipe Lu\u00eds foram titulares naquele dia, al\u00e9m do ent\u00e3o zagueiro Rodrigo Caio, hoje auxiliar-t\u00e9cnico rubro-negro.<\/p>\n<h2>Prov\u00e1veis times<\/h2>\n<p>O Palmeiras deve ir a campo com: Carlos Miguel; Khellven, Gustavo G\u00f3mez, Murilo e Joaqu\u00edn Piquerez; Bruno Fuchs, Andreas Pereira, Raphael Veiga e Allan; Flaco L\u00f3pez e Vitor Roque. O volante Lucas Evangelista e o atacante Paulinho, contundidos, s\u00e3o desfalques certos, enquanto Weverton pode ser novidade no banco, se estiver plenamente recuperado.<\/p>\n<p>O prov\u00e1vel Flamengo ter\u00e1: Agust\u00edn Rossi; Guillermo Varela, Danilo, L\u00e9o Pereira e Alex Sandro; Jorginho, Erick Pulgar e Giorgian de Arrascaeta; Everton Cebolinha, Jorge Carrascal e Bruno Henrique. Os atacantes Gonzalo Plata (suspenso) e Pedro (les\u00e3o muscular na coxa esquerda) est\u00e3o fora. O zagueiro L\u00e9o Ortiz (estiramento no tornozelo direito) \u00e9 d\u00favida.<\/p>\n","protected":false},"excerpt":{"rendered":"<p>O \u00faltimo ano em que o posto de time brasileiro com mais Libertadores pertenceu isoladamente a um clube foi 2011, quando o S\u00e3o Paulo, \u00fanico tri desde 2005, foi igualado pelo Santos. De l\u00e1 para c\u00e1, a dupla Sanntos e S\u00e3o Paulo viu Gr\u00eamio, Palmeiras e Flamengo chegarem aos mesmos tr\u00eas t\u00edtulos. A partir deste [&hellip;]<\/p>\n","protected":false},"author":112,"featured_media":14283,"comment_status":"open","ping_status":"open","sticky":false,"template":"","format":"standard","meta":{"_monsterinsights_skip_tracking":false,"_monsterinsights_sitenote_active":false,"_monsterinsights_sitenote_note":"","_monsterinsights_sitenote_category":0,"site-sidebar-layout":"default","site-content-layout":"","ast-site-content-layout":"","site-content-style":"default","site-sidebar-style":"default","ast-global-header-display":"","ast-banner-title-visibility":"","ast-main-header-display":"","ast-hfb-above-header-display":"","ast-hfb-below-header-display":"","ast-hfb-mobile-header-display":"","site-post-title":"","ast-breadcrumbs-content":"","ast-featured-img":"","footer-sml-layout":"","theme-transparent-header-meta":"","adv-header-id-meta":"","stick-header-meta":"","header-above-stick-meta":"","header-main-stick-meta":"","header-below-stick-meta":"","astra-migrate-meta-layouts":"default","ast-page-background-enabled":"default","ast-page-background-meta":{"desktop":{"background-color":"var(--ast-global-color-4)","background-image":"","background-repeat":"repeat","background-position":"center center","background-size":"auto","background-attachment":"scroll","background-type":"","background-media":"","overlay-type":"","overlay-color":"","overlay-opacity":"","overlay-gradient":""},"tablet":{"background-color":"","background-image":"","background-repeat":"repeat","background-position":"center center","background-size":"auto","background-attachment":"scroll","background-type":"","background-media":"","overlay-type":"","overlay-color":"","overlay-opacity":"","overlay-gradient":""},"mobile":{"background-color":"","background-image":"","background-repeat":"repeat","background-position":"center center","background-size":"auto","background-attachment":"scroll","background-type":"","background-media":"","overlay-type":"","overlay-color":"","overlay-opacity":"","overlay-gradient":""}},"ast-content-background-meta":{"desktop":{"background-color":"var(--ast-global-color-5)","background-image":"","background-repeat":"repeat","background-position":"center center","background-size":"auto","background-attachment":"scroll","background-type":"","background-media":"","overlay-type":"","overlay-color":"","overlay-opacity":"","overlay-gradient":""},"tablet":{"background-color":"var(--ast-global-color-5)","background-image":"","background-repeat":"repeat","background-position":"center center","background-size":"auto","background-attachment":"scroll","background-type":"","background-media":"","overlay-type":"","overlay-color":"","overlay-opacity":"","overlay-gradient":""},"mobile":{"background-color":"var(--ast-global-color-5)","background-image":"","background-repeat":"repeat","background-position":"center center","background-size":"auto","background-attachment":"scroll","background-type":"","background-media":"","overlay-type":"","overlay-color":"","overlay-opacity":"","overlay-gradient":""}},"footnotes":""},"categories":[45],"tags":[],"class_list":["post-14282","post","type-post","status-publish","format-standard","has-post-thumbnail","hentry","category-esportes"],"aioseo_notices":[],"_links":{"self":[{"href":"https:\/\/conexaodjota.com.br\/index.php?rest_route=\/wp\/v2\/posts\/14282","targetHints":{"allow":["GET"]}}],"collection":[{"href":"https:\/\/conexaodjota.com.br\/index.php?rest_route=\/wp\/v2\/posts"}],"about":[{"href":"https:\/\/conexaodjota.com.br\/index.php?rest_route=\/wp\/v2\/types\/post"}],"author":[{"embeddable":true,"href":"https:\/\/conexaodjota.com.br\/index.php?rest_route=\/wp\/v2\/users\/112"}],"replies":[{"embeddable":true,"href":"https:\/\/conexaodjota.com.br\/index.php?rest_route=%2Fwp%2Fv2%2Fcomments&post=14282"}],"version-history":[{"count":0,"href":"https:\/\/conexaodjota.com.br\/index.php?rest_route=\/wp\/v2\/posts\/14282\/revisions"}],"wp:featuredmedia":[{"embeddable":true,"href":"https:\/\/conexaodjota.com.br\/index.php?rest_route=\/wp\/v2\/media\/14283"}],"wp:attachment":[{"href":"https:\/\/conexaodjota.com.br\/index.php?rest_route=%2Fwp%2Fv2%2Fmedia&parent=14282"}],"wp:term":[{"taxonomy":"category","embeddable":true,"href":"https:\/\/conexaodjota.com.br\/index.php?rest_route=%2Fwp%2Fv2%2Fcategories&post=14282"},{"taxonomy":"post_tag","embeddable":true,"href":"https:\/\/conexaodjota.com.br\/index.php?rest_route=%2Fwp%2Fv2%2Ftags&post=14282"}],"curies":[{"name":"wp","href":"https:\/\/api.w.org\/{rel}","templated":true}]}}