{"id":14178,"date":"2025-11-26T23:04:17","date_gmt":"2025-11-27T02:04:17","guid":{"rendered":"https:\/\/conexaodjota.com.br\/?p=14178"},"modified":"2025-11-26T23:04:17","modified_gmt":"2025-11-27T02:04:17","slug":"flamengo-embarca-para-final-da-libertadores-com-festa-da-torcida","status":"publish","type":"post","link":"https:\/\/conexaodjota.com.br\/?p=14178","title":{"rendered":"Flamengo embarca para final da Libertadores com festa da torcida"},"content":{"rendered":"<\/p>\n<p><a class=\"\" href=\"https:\/\/agenciabrasil.ebc.com.br\/esportes\/noticia\/2025-11\/flamengo-embarca-para-final-da-libertadores-com-festa-da-torcida\"><br \/>\n                    <img decoding=\"async\" src=\"https:\/\/cdn.jsdelivr.net\/gh\/sergiosdlima\/assets-ebc@1.0.0\/abr\/assets\/images\/logo-agenciabrasil.svg\" alt=\"Logo Ag\u00eancia Brasil\"><br \/>\n\t\t\t\t<\/a><\/p>\n<p>Com direito a grade festa da sua torcida, o Flamengo embarcou na tarde desta quarta-feira (26) para Lima (Peru), onde disputa a final da Copa Libertadores contra o Palmeiras a partir das 18h (hor\u00e1rio de Bras\u00edlia) do pr\u00f3ximo s\u00e1bado (29).<img decoding=\"async\" src=\"https:\/\/agenciabrasil.ebc.com.br\/ebc.png?id=1669768&#038;o=rss\"><img decoding=\"async\" src=\"https:\/\/agenciabrasil.ebc.com.br\/ebc.gif?id=1669768&#038;o=rss\"><\/p>\n<blockquote class=\"twitter-tweet\">\n<p dir=\"ltr\" lang=\"pt\" xml:lang=\"pt\">Seja na terra, seja no mar! Cinema no <a href=\"https:\/\/twitter.com\/hashtag\/AeroFla?src=hash&#038;ref_src=twsrc%5Etfw\">#AeroFla<\/a> <a href=\"https:\/\/twitter.com\/hashtag\/QueTorcida%C3%89Essa?src=hash&#038;ref_src=twsrc%5Etfw\">#QueTorcida\u00c9Essa<\/a> <a href=\"https:\/\/t.co\/NbmfwXkCiy\">pic.twitter.com\/NbmfwXkCiy<\/a><\/p>\n<p>\u2014 Flamengo (@Flamengo) <a href=\"https:\/\/twitter.com\/Flamengo\/status\/1993753405970632716?ref_src=twsrc%5Etfw\">November 26, 2025<\/a><\/p><\/blockquote>\n<p><script async=\"\" src=\"https:\/\/platform.twitter.com\/widgets.js\" charset=\"utf-8\"><\/script><\/p>\n<h3>Not\u00edcias relacionadas:<\/h3>\n<ul>\n<li><a href=\"https:\/\/agenciabrasil.ebc.com.br\/esportes\/noticia\/2025-11\/fla-arranca-empate-com-gol-de-bruno-henrique-e-fica-perto-do-titulo\">Fla arranca empate com gol de Bruno Henrique e fica perto do t\u00edtulo.<\/a><\/li>\n<li><a href=\"https:\/\/agenciabrasil.ebc.com.br\/esportes\/noticia\/2025-11\/final-da-libertadores-sera-18h-de-29-de-novembro-anuncia-conmebol\">Final da Libertadores ser\u00e1 \u00e0s 18h de 29 de novembro, anuncia Conmebol.<\/a><\/li>\n<li><a href=\"https:\/\/agenciabrasil.ebc.com.br\/esportes\/noticia\/2025-10\/flamengo-e-palmeiras-disputam-7a-final-brasileira-da-libertadores\">Flamengo e Palmeiras disputam 7\u00aa final brasileira da Libertadores.<\/a><\/li>\n<\/ul>\n<p>Um dia ap\u00f3s empatar por 1 a 1 com o Atl\u00e9tico-MG em Belo Horizonte pelo Campeonato Brasileiro, resultado com o qual encaminhou o t\u00edtulo da competi\u00e7\u00e3o, o Rubro-Negro da G\u00e1vea recebeu o carinho dos seus torcedores durante um percurso de cerca de 45 quil\u00f4metros entre o Ninho do Urubu e o Terminal de Cargas do Aeroporto Internacional do Gale\u00e3o.<\/p>\n<p>Durante o trajeto, torcedores subiram em cima do \u00f4nibus que levava os jogadores. Em determinado momento, alguns dos aficionados do Rubro-Negro chegaram a entrar no ve\u00edculo atrav\u00e9s da sa\u00edda de emerg\u00eancia posicionada no teto.<\/p>\n<blockquote class=\"twitter-tweet\">\n<p dir=\"ltr\" lang=\"pt\" xml:lang=\"pt\">APOIO AT\u00c9 DENTRO DO BUZ\u00c3O!!!<br \/>\nISSO AQUI \u00c9 <a href=\"https:\/\/twitter.com\/hashtag\/FLAMENGO?src=hash&#038;ref_src=twsrc%5Etfw\">#FLAMENGO<\/a>!!!! VAMOS POR N\u00d3S, PELOS NOSSOS, POR NOSSOS SONHOS! PELA <a href=\"https:\/\/twitter.com\/hashtag\/GloriaEterna?src=hash&#038;ref_src=twsrc%5Etfw\">#GloriaEterna<\/a>! PELO TETRA! <a href=\"https:\/\/twitter.com\/hashtag\/QUETORCIDA%C3%89ESSA?src=hash&#038;ref_src=twsrc%5Etfw\">#QUETORCIDA\u00c9ESSA<\/a> <a href=\"https:\/\/t.co\/0fyjrmvfsP\">pic.twitter.com\/0fyjrmvfsP<\/a><\/p>\n<p>\u2014 Flamengo (@Flamengo) <a href=\"https:\/\/twitter.com\/Flamengo\/status\/1993770096775635374?ref_src=twsrc%5Etfw\">November 26, 2025<\/a><\/p><\/blockquote>\n<p><script async=\"\" src=\"https:\/\/platform.twitter.com\/widgets.js\" charset=\"utf-8\"><\/script><\/p>\n<p>O final do cortejo, chamado de Aerofla, foi marcado por uma grande confus\u00e3o, com policiais militares fazendo uso de bombas de efeito moral e g\u00e1s de pimenta para tentar dispersar a multid\u00e3o.<\/p>\n<p>Segundo nota do Flamengo, a delega\u00e7\u00e3o \u201ctem chegada prevista \u00e0 capital peruana para \u00e0s 23h25 desta quarta-feira\u201d.<\/p>\n","protected":false},"excerpt":{"rendered":"<p>Com direito a grade festa da sua torcida, o Flamengo embarcou na tarde desta quarta-feira (26) para Lima (Peru), onde disputa a final da Copa Libertadores contra o Palmeiras a partir das 18h (hor\u00e1rio de Bras\u00edlia) do pr\u00f3ximo s\u00e1bado (29). Seja na terra, seja no mar! Cinema no #AeroFla #QueTorcida\u00c9Essa pic.twitter.com\/NbmfwXkCiy \u2014 Flamengo (@Flamengo) November [&hellip;]<\/p>\n","protected":false},"author":6,"featured_media":14179,"comment_status":"open","ping_status":"open","sticky":false,"template":"","format":"standard","meta":{"_monsterinsights_skip_tracking":false,"_monsterinsights_sitenote_active":false,"_monsterinsights_sitenote_note":"","_monsterinsights_sitenote_category":0,"site-sidebar-layout":"default","site-content-layout":"","ast-site-content-layout":"","site-content-style":"default","site-sidebar-style":"default","ast-global-header-display":"","ast-banner-title-visibility":"","ast-main-header-display":"","ast-hfb-above-header-display":"","ast-hfb-below-header-display":"","ast-hfb-mobile-header-display":"","site-post-title":"","ast-breadcrumbs-content":"","ast-featured-img":"","footer-sml-layout":"","theme-transparent-header-meta":"","adv-header-id-meta":"","stick-header-meta":"","header-above-stick-meta":"","header-main-stick-meta":"","header-below-stick-meta":"","astra-migrate-meta-layouts":"default","ast-page-background-enabled":"default","ast-page-background-meta":{"desktop":{"background-color":"var(--ast-global-color-4)","background-image":"","background-repeat":"repeat","background-position":"center center","background-size":"auto","background-attachment":"scroll","background-type":"","background-media":"","overlay-type":"","overlay-color":"","overlay-opacity":"","overlay-gradient":""},"tablet":{"background-color":"","background-image":"","background-repeat":"repeat","background-position":"center center","background-size":"auto","background-attachment":"scroll","background-type":"","background-media":"","overlay-type":"","overlay-color":"","overlay-opacity":"","overlay-gradient":""},"mobile":{"background-color":"","background-image":"","background-repeat":"repeat","background-position":"center center","background-size":"auto","background-attachment":"scroll","background-type":"","background-media":"","overlay-type":"","overlay-color":"","overlay-opacity":"","overlay-gradient":""}},"ast-content-background-meta":{"desktop":{"background-color":"var(--ast-global-color-5)","background-image":"","background-repeat":"repeat","background-position":"center center","background-size":"auto","background-attachment":"scroll","background-type":"","background-media":"","overlay-type":"","overlay-color":"","overlay-opacity":"","overlay-gradient":""},"tablet":{"background-color":"var(--ast-global-color-5)","background-image":"","background-repeat":"repeat","background-position":"center center","background-size":"auto","background-attachment":"scroll","background-type":"","background-media":"","overlay-type":"","overlay-color":"","overlay-opacity":"","overlay-gradient":""},"mobile":{"background-color":"var(--ast-global-color-5)","background-image":"","background-repeat":"repeat","background-position":"center center","background-size":"auto","background-attachment":"scroll","background-type":"","background-media":"","overlay-type":"","overlay-color":"","overlay-opacity":"","overlay-gradient":""}},"footnotes":""},"categories":[45],"tags":[],"class_list":["post-14178","post","type-post","status-publish","format-standard","has-post-thumbnail","hentry","category-esportes"],"aioseo_notices":[],"_links":{"self":[{"href":"https:\/\/conexaodjota.com.br\/index.php?rest_route=\/wp\/v2\/posts\/14178","targetHints":{"allow":["GET"]}}],"collection":[{"href":"https:\/\/conexaodjota.com.br\/index.php?rest_route=\/wp\/v2\/posts"}],"about":[{"href":"https:\/\/conexaodjota.com.br\/index.php?rest_route=\/wp\/v2\/types\/post"}],"author":[{"embeddable":true,"href":"https:\/\/conexaodjota.com.br\/index.php?rest_route=\/wp\/v2\/users\/6"}],"replies":[{"embeddable":true,"href":"https:\/\/conexaodjota.com.br\/index.php?rest_route=%2Fwp%2Fv2%2Fcomments&post=14178"}],"version-history":[{"count":0,"href":"https:\/\/conexaodjota.com.br\/index.php?rest_route=\/wp\/v2\/posts\/14178\/revisions"}],"wp:featuredmedia":[{"embeddable":true,"href":"https:\/\/conexaodjota.com.br\/index.php?rest_route=\/wp\/v2\/media\/14179"}],"wp:attachment":[{"href":"https:\/\/conexaodjota.com.br\/index.php?rest_route=%2Fwp%2Fv2%2Fmedia&parent=14178"}],"wp:term":[{"taxonomy":"category","embeddable":true,"href":"https:\/\/conexaodjota.com.br\/index.php?rest_route=%2Fwp%2Fv2%2Fcategories&post=14178"},{"taxonomy":"post_tag","embeddable":true,"href":"https:\/\/conexaodjota.com.br\/index.php?rest_route=%2Fwp%2Fv2%2Ftags&post=14178"}],"curies":[{"name":"wp","href":"https:\/\/api.w.org\/{rel}","templated":true}]}}