{"id":14005,"date":"2025-11-22T08:10:21","date_gmt":"2025-11-22T11:10:21","guid":{"rendered":"https:\/\/conexaodjota.com.br\/?p=14005"},"modified":"2025-11-22T08:10:21","modified_gmt":"2025-11-22T11:10:21","slug":"atletico-mg-busca-titulo-inedito-na-copa-sul-americana","status":"publish","type":"post","link":"https:\/\/conexaodjota.com.br\/?p=14005","title":{"rendered":"Atl\u00e9tico-MG busca t\u00edtulo in\u00e9dito na Copa Sul-Americana"},"content":{"rendered":"<\/p>\n<p><a class=\"\" href=\"https:\/\/agenciabrasil.ebc.com.br\/esportes\/noticia\/2025-11\/atletico-mg-busca-titulo-inedito-da-copa-sul-americana\"><br \/>\n                    <img decoding=\"async\" src=\"https:\/\/cdn.jsdelivr.net\/gh\/sergiosdlima\/assets-ebc@1.0.0\/abr\/assets\/images\/logo-agenciabrasil.svg\" alt=\"Logo Ag\u00eancia Brasil\"><br \/>\n\t\t\t\t<\/a><\/p>\n<p>O Atl\u00e9tico-MG enfrenta o Lan\u00fas (Argentina) para buscar o in\u00e9dito t\u00edtulo da Copa Sul-Americana. O confronto entre o Galo e a equipe argentina ser\u00e1 realizado a partir das 17h (hor\u00e1rio de Bras\u00edlia) deste s\u00e1bado (22) no est\u00e1dio Defensores del Chaco, em Assun\u00e7\u00e3o (Paraguai).<img decoding=\"async\" src=\"https:\/\/agenciabrasil.ebc.com.br\/ebc.png?id=1669046&#038;o=rss\"><img decoding=\"async\" src=\"https:\/\/agenciabrasil.ebc.com.br\/ebc.gif?id=1669046&#038;o=rss\"><\/p>\n<blockquote class=\"twitter-tweet\">\n<p dir=\"ltr\" lang=\"pt\" xml:lang=\"pt\">\ud83c\udfc6 O trof\u00e9u \u00e0 espera da nova placa de campe\u00e3o!<\/p>\n<p>\ud83e\udd29 CONMEBOL <a href=\"https:\/\/twitter.com\/hashtag\/Sudamericana?src=hash&#038;ref_src=twsrc%5Etfw\">#Sudamericana<\/a> | <a href=\"https:\/\/twitter.com\/hashtag\/GrandeConquista?src=hash&#038;ref_src=twsrc%5Etfw\">#GrandeConquista<\/a> <a href=\"https:\/\/twitter.com\/hashtag\/Lanus?src=hash&#038;ref_src=twsrc%5Etfw\">#Lanus<\/a> <a href=\"https:\/\/twitter.com\/hashtag\/Galo?src=hash&#038;ref_src=twsrc%5Etfw\">#Galo<\/a> <a href=\"https:\/\/t.co\/QUs9tUXE6s\">pic.twitter.com\/QUs9tUXE6s<\/a><\/p>\n<p>\u2014 CONMEBOL Sudamericana (@SudamericanaBR) <a href=\"https:\/\/twitter.com\/SudamericanaBR\/status\/1991559666107883716?ref_src=twsrc%5Etfw\">November 20, 2025<\/a><\/p><\/blockquote>\n<p><script async=\"\" src=\"https:\/\/platform.twitter.com\/widgets.js\" charset=\"utf-8\"><\/script><\/p>\n<h3>Not\u00edcias relacionadas:<\/h3>\n<ul>\n<li><a href=\"https:\/\/agenciabrasil.ebc.com.br\/esportes\/noticia\/2025-10\/atletico-mg-disputa-final-da-sul-americana-no-defensores-del-chaco\">Atl\u00e9tico-MG disputa final da Sul-Americana no Defensores del Chaco.<\/a><\/li>\n<li><a href=\"https:\/\/agenciabrasil.ebc.com.br\/esportes\/noticia\/2025-10\/lanus-enfrentara-o-atletico-mg-na-final-da-copa-sul-americana\">Lan\u00fas enfrentar\u00e1 o Atl\u00e9tico-MG na final da Copa Sul-Americana.<\/a><\/li>\n<li><a href=\"https:\/\/agenciabrasil.ebc.com.br\/esportes\/noticia\/2025-09\/fluminense-cede-empate-ao-lanus-e-acaba-eliminado-da-sul-americana\">Fluminense cede empate ao Lan\u00fas e acaba eliminado da Sul-Americana.<\/a><\/li>\n<\/ul>\n<p>Esta \u00e9 a primeira vez que o Atl\u00e9tico-MG disputa a final da Sul-Americana. J\u00e1 o Lan\u00fas busca o bicampeonato da competi\u00e7\u00e3o, ap\u00f3s levantar o trof\u00e9u no ano de 2013.<\/p>\n<p>O Galo chega \u00e0 decis\u00e3o ap\u00f3s um ano dif\u00edcil, no qual vem realizando uma campanha de altos e baixos no Campeonato Brasileiro (no qual ocupa a 11\u00aa posi\u00e7\u00e3o com 44 pontos colocados). Segundo o t\u00e9cnico argentino Jorge Sampaoli, o t\u00edtulo da Sul-Americana pode ser um motivo de alegria para a torcida: \u201cSeria uma alegria [conquistar a Sul-Americana] ap\u00f3s um ano que n\u00e3o foi o melhor. E com certeza esse ano poderia finalizar com muita alegria\u201d.<\/p>\n<p>Na opini\u00e3o de Sampaoli, o Atl\u00e9tico-MG n\u00e3o deve esperar facilidades diante do Lan\u00fas, um advers\u00e1rio que mostrou for\u00e7a ao deixar pelo caminho o Fluminense (nas quartas de final): \u201cFizeram uma Sul-Americana muito est\u00e1vel, venceram com autoridade\u201d.<\/p>\n<blockquote class=\"twitter-tweet\">\n<p dir=\"ltr\" lang=\"pt\" xml:lang=\"pt\">\ud83c\udfc6 <a href=\"https:\/\/twitter.com\/clublanus?ref_src=twsrc%5Etfw\">@clublanus<\/a> e <a href=\"https:\/\/twitter.com\/Atletico?ref_src=twsrc%5Etfw\">@Atletico<\/a> no caminho da <a href=\"https:\/\/twitter.com\/hashtag\/GrandeConquista?src=hash&#038;ref_src=twsrc%5Etfw\">#GrandeConquista<\/a>!<\/p>\n<p>\u2b50 Quem ser\u00e1 o campe\u00e3o? Dia 2\ufe0f\u20e32\ufe0f\u20e3 de novembro, em Assun\u00e7\u00e3o! <a href=\"https:\/\/t.co\/0xCYDgDieP\">pic.twitter.com\/0xCYDgDieP<\/a><\/p>\n<p>\u2014 CONMEBOL Sudamericana (@SudamericanaBR) <a href=\"https:\/\/twitter.com\/SudamericanaBR\/status\/1984047904089370906?ref_src=twsrc%5Etfw\">October 31, 2025<\/a><\/p><\/blockquote>\n<p><script async=\"\" src=\"https:\/\/platform.twitter.com\/widgets.js\" charset=\"utf-8\"><\/script><\/p>\n<p>Esta \u00e9 a terceira oportunidade na qual o Galo e a equipe argentina disputam uma final. A primeira decis\u00e3o entre as equipes foi disputada em 1997, quando o time mineiro aplicou um 4 a 1 para ficar com o t\u00edtulo da Copa Conmebol. J\u00e1 em 2014 o Atl\u00e9tico-MG foi melhor para ficar com o trof\u00e9u da Recopa Sul-Americana.<\/p>\n<p>O Galo chega \u00e0 decis\u00e3o com uma certeza e uma d\u00favida. A certeza \u00e9 o desfalque de Patrick, que n\u00e3o joga por causa de uma les\u00e3o muscular na coxa direita. J\u00e1 a d\u00favida \u00e9 a presen\u00e7a ou n\u00e3o de Alan Franco, com problemas musculares. Assim, Jorge Sampaoli deve armar a equipe com: Everson; Saravia, Vitor Hugo e Alonso; Guilherme Arana, Fausto Vera (Alan Franco), Alexsander, Gustavo Scarpa e Bernard; Hulk e Dudu.<\/p>\n","protected":false},"excerpt":{"rendered":"<p>O Atl\u00e9tico-MG enfrenta o Lan\u00fas (Argentina) para buscar o in\u00e9dito t\u00edtulo da Copa Sul-Americana. O confronto entre o Galo e a equipe argentina ser\u00e1 realizado a partir das 17h (hor\u00e1rio de Bras\u00edlia) deste s\u00e1bado (22) no est\u00e1dio Defensores del Chaco, em Assun\u00e7\u00e3o (Paraguai). \ud83c\udfc6 O trof\u00e9u \u00e0 espera da nova placa de campe\u00e3o! \ud83e\udd29 CONMEBOL [&hellip;]<\/p>\n","protected":false},"author":6,"featured_media":14006,"comment_status":"open","ping_status":"open","sticky":false,"template":"","format":"standard","meta":{"_monsterinsights_skip_tracking":false,"_monsterinsights_sitenote_active":false,"_monsterinsights_sitenote_note":"","_monsterinsights_sitenote_category":0,"site-sidebar-layout":"default","site-content-layout":"","ast-site-content-layout":"","site-content-style":"default","site-sidebar-style":"default","ast-global-header-display":"","ast-banner-title-visibility":"","ast-main-header-display":"","ast-hfb-above-header-display":"","ast-hfb-below-header-display":"","ast-hfb-mobile-header-display":"","site-post-title":"","ast-breadcrumbs-content":"","ast-featured-img":"","footer-sml-layout":"","theme-transparent-header-meta":"","adv-header-id-meta":"","stick-header-meta":"","header-above-stick-meta":"","header-main-stick-meta":"","header-below-stick-meta":"","astra-migrate-meta-layouts":"default","ast-page-background-enabled":"default","ast-page-background-meta":{"desktop":{"background-color":"var(--ast-global-color-4)","background-image":"","background-repeat":"repeat","background-position":"center center","background-size":"auto","background-attachment":"scroll","background-type":"","background-media":"","overlay-type":"","overlay-color":"","overlay-opacity":"","overlay-gradient":""},"tablet":{"background-color":"","background-image":"","background-repeat":"repeat","background-position":"center center","background-size":"auto","background-attachment":"scroll","background-type":"","background-media":"","overlay-type":"","overlay-color":"","overlay-opacity":"","overlay-gradient":""},"mobile":{"background-color":"","background-image":"","background-repeat":"repeat","background-position":"center center","background-size":"auto","background-attachment":"scroll","background-type":"","background-media":"","overlay-type":"","overlay-color":"","overlay-opacity":"","overlay-gradient":""}},"ast-content-background-meta":{"desktop":{"background-color":"var(--ast-global-color-5)","background-image":"","background-repeat":"repeat","background-position":"center center","background-size":"auto","background-attachment":"scroll","background-type":"","background-media":"","overlay-type":"","overlay-color":"","overlay-opacity":"","overlay-gradient":""},"tablet":{"background-color":"var(--ast-global-color-5)","background-image":"","background-repeat":"repeat","background-position":"center center","background-size":"auto","background-attachment":"scroll","background-type":"","background-media":"","overlay-type":"","overlay-color":"","overlay-opacity":"","overlay-gradient":""},"mobile":{"background-color":"var(--ast-global-color-5)","background-image":"","background-repeat":"repeat","background-position":"center center","background-size":"auto","background-attachment":"scroll","background-type":"","background-media":"","overlay-type":"","overlay-color":"","overlay-opacity":"","overlay-gradient":""}},"footnotes":""},"categories":[45],"tags":[],"class_list":["post-14005","post","type-post","status-publish","format-standard","has-post-thumbnail","hentry","category-esportes"],"aioseo_notices":[],"_links":{"self":[{"href":"https:\/\/conexaodjota.com.br\/index.php?rest_route=\/wp\/v2\/posts\/14005","targetHints":{"allow":["GET"]}}],"collection":[{"href":"https:\/\/conexaodjota.com.br\/index.php?rest_route=\/wp\/v2\/posts"}],"about":[{"href":"https:\/\/conexaodjota.com.br\/index.php?rest_route=\/wp\/v2\/types\/post"}],"author":[{"embeddable":true,"href":"https:\/\/conexaodjota.com.br\/index.php?rest_route=\/wp\/v2\/users\/6"}],"replies":[{"embeddable":true,"href":"https:\/\/conexaodjota.com.br\/index.php?rest_route=%2Fwp%2Fv2%2Fcomments&post=14005"}],"version-history":[{"count":0,"href":"https:\/\/conexaodjota.com.br\/index.php?rest_route=\/wp\/v2\/posts\/14005\/revisions"}],"wp:featuredmedia":[{"embeddable":true,"href":"https:\/\/conexaodjota.com.br\/index.php?rest_route=\/wp\/v2\/media\/14006"}],"wp:attachment":[{"href":"https:\/\/conexaodjota.com.br\/index.php?rest_route=%2Fwp%2Fv2%2Fmedia&parent=14005"}],"wp:term":[{"taxonomy":"category","embeddable":true,"href":"https:\/\/conexaodjota.com.br\/index.php?rest_route=%2Fwp%2Fv2%2Fcategories&post=14005"},{"taxonomy":"post_tag","embeddable":true,"href":"https:\/\/conexaodjota.com.br\/index.php?rest_route=%2Fwp%2Fv2%2Ftags&post=14005"}],"curies":[{"name":"wp","href":"https:\/\/api.w.org\/{rel}","templated":true}]}}