{"id":13759,"date":"2025-11-15T16:59:07","date_gmt":"2025-11-15T19:59:07","guid":{"rendered":"https:\/\/conexaodjota.com.br\/?p=13759"},"modified":"2025-11-15T16:59:07","modified_gmt":"2025-11-15T19:59:07","slug":"brasil-joga-bem-e-derrota-senegal-por-2-a-0-no-amistoso-em-londres","status":"publish","type":"post","link":"https:\/\/conexaodjota.com.br\/?p=13759","title":{"rendered":"Brasil joga bem e derrota Senegal por 2 a 0 no amistoso em Londres"},"content":{"rendered":"<\/p>\n<p><a class=\"\" href=\"https:\/\/agenciabrasil.ebc.com.br\/esportes\/noticia\/2025-11\/brasil-joga-bem-e-derrota-senegal-por-2-0-no-amistoso-em-londres\"><br \/>\n                    <img decoding=\"async\" src=\"https:\/\/cdn.jsdelivr.net\/gh\/sergiosdlima\/assets-ebc@1.0.0\/abr\/assets\/images\/logo-agenciabrasil.svg\" alt=\"Logo Ag\u00eancia Brasil\"><br \/>\n\t\t\t\t<\/a><\/p>\n<p>A sele\u00e7\u00e3o brasileira deu mais uma mostra de que est\u00e1 evoluindo na sua prepara\u00e7\u00e3o para a Copa do Mundo de 2026 ao jogar bem e derrotar o Senegal pelo placar de 2 a 0 em partida amistosa disputada na tarde deste s\u00e1bado (15) no Emirates Stadium, em Londres.<img decoding=\"async\" src=\"https:\/\/agenciabrasil.ebc.com.br\/ebc.png?id=1668011&#038;o=rss\"><img decoding=\"async\" src=\"https:\/\/agenciabrasil.ebc.com.br\/ebc.gif?id=1668011&#038;o=rss\"><\/p>\n<p>Diante de um advers\u00e1rio que tem bons valores individuais, em especial o zagueiro Koulibaly, do Al-Hilal (Ar\u00e1bia Saudita), e o atacante Sadio Man\u00e9, do Al-Nassr (Ar\u00e1bia Saudita), o t\u00e9cnico italiano Carlo Ancelotti optou por posicionar a equipe brasileira de forma adiantada, para fazer press\u00e3o na defesa advers\u00e1ria, e optou nas constantes associa\u00e7\u00f5es do quarteto ofensivo formado por Est\u00eav\u00e3o, Vinicius J\u00fanior, Rodrygo e Matheus Cunha.<\/p>\n<\/p>\n<h3>Not\u00edcias relacionadas:<\/h3>\n<ul>\n<li><a href=\"https:\/\/agenciabrasil.ebc.com.br\/esportes\/noticia\/2025-11\/ancelotti-busca-defesa-solida-e-escala-militao-como-lateral-do-brasil\">Ancelotti busca defesa s\u00f3lida e escala Milit\u00e3o como lateral do Brasil .<\/a><\/li>\n<li><a href=\"https:\/\/agenciabrasil.ebc.com.br\/esportes\/noticia\/2025-11\/carlo-ancelotti-convoca-selecao-para-dois-ultimos-amistosos-de-2025\">Carlo Ancelotti convoca sele\u00e7\u00e3o para dois \u00faltimos amistosos de 2025.<\/a><\/li>\n<li><a href=\"https:\/\/agenciabrasil.ebc.com.br\/esportes\/noticia\/2025-11\/marta-e-indicada-ao-premio-de-gol-mais-bonito-da-temporada-da-fifa\">Marta \u00e9 indicada ao pr\u00eamio de gol mais bonito da temporada da Fifa.<\/a><\/li>\n<\/ul>\n<p>\u00a0<br \/>\n<script async=\"\" src=\"\/\/www.instagram.com\/embed.js\"><\/script><\/p>\n<blockquote class=\"instagram-media\" data-instgrm-permalink=\"https:\/\/www.instagram.com\/p\/DRFij1tD2xg\/?utm_source=ig_embed&#038;utm_campaign=loading\" data-instgrm-version=\"14\">\n<div>\n<div>\n<div>\n<h3>Not\u00edcias relacionadas:<\/h3>\n<ul>\n<li><a href=\"https:\/\/agenciabrasil.ebc.com.br\/esportes\/noticia\/2025-11\/ancelotti-busca-defesa-solida-e-escala-militao-como-lateral-do-brasil\">Ancelotti busca defesa s\u00f3lida e escala Milit\u00e3o como lateral do Brasil .<\/a><\/li>\n<li><a href=\"https:\/\/agenciabrasil.ebc.com.br\/esportes\/noticia\/2025-11\/carlo-ancelotti-convoca-selecao-para-dois-ultimos-amistosos-de-2025\">Carlo Ancelotti convoca sele\u00e7\u00e3o para dois \u00faltimos amistosos de 2025.<\/a><\/li>\n<li><a href=\"https:\/\/agenciabrasil.ebc.com.br\/esportes\/noticia\/2025-11\/marta-e-indicada-ao-premio-de-gol-mais-bonito-da-temporada-da-fifa\">Marta \u00e9 indicada ao pr\u00eamio de gol mais bonito da temporada da Fifa.<\/a><\/li>\n<\/ul>\n<p>\u00a0<\/p><\/div>\n<div>\n<div>\n<h3>Not\u00edcias relacionadas:<\/h3>\n<ul>\n<li><a href=\"https:\/\/agenciabrasil.ebc.com.br\/esportes\/noticia\/2025-11\/ancelotti-busca-defesa-solida-e-escala-militao-como-lateral-do-brasil\">Ancelotti busca defesa s\u00f3lida e escala Milit\u00e3o como lateral do Brasil .<\/a><\/li>\n<li><a href=\"https:\/\/agenciabrasil.ebc.com.br\/esportes\/noticia\/2025-11\/carlo-ancelotti-convoca-selecao-para-dois-ultimos-amistosos-de-2025\">Carlo Ancelotti convoca sele\u00e7\u00e3o para dois \u00faltimos amistosos de 2025.<\/a><\/li>\n<li><a href=\"https:\/\/agenciabrasil.ebc.com.br\/esportes\/noticia\/2025-11\/marta-e-indicada-ao-premio-de-gol-mais-bonito-da-temporada-da-fifa\">Marta \u00e9 indicada ao pr\u00eamio de gol mais bonito da temporada da Fifa.<\/a><\/li>\n<\/ul>\n<p>\u00a0<\/p><\/div>\n<div>\n<h3>Not\u00edcias relacionadas:<\/h3>\n<ul>\n<li><a href=\"https:\/\/agenciabrasil.ebc.com.br\/esportes\/noticia\/2025-11\/ancelotti-busca-defesa-solida-e-escala-militao-como-lateral-do-brasil\">Ancelotti busca defesa s\u00f3lida e escala Milit\u00e3o como lateral do Brasil .<\/a><\/li>\n<li><a href=\"https:\/\/agenciabrasil.ebc.com.br\/esportes\/noticia\/2025-11\/carlo-ancelotti-convoca-selecao-para-dois-ultimos-amistosos-de-2025\">Carlo Ancelotti convoca sele\u00e7\u00e3o para dois \u00faltimos amistosos de 2025.<\/a><\/li>\n<li><a href=\"https:\/\/agenciabrasil.ebc.com.br\/esportes\/noticia\/2025-11\/marta-e-indicada-ao-premio-de-gol-mais-bonito-da-temporada-da-fifa\">Marta \u00e9 indicada ao pr\u00eamio de gol mais bonito da temporada da Fifa.<\/a><\/li>\n<\/ul>\n<p>\u00a0<\/p><\/div>\n<\/div>\n<\/div>\n<div>\n<h3>Not\u00edcias relacionadas:<\/h3>\n<ul>\n<li><a href=\"https:\/\/agenciabrasil.ebc.com.br\/esportes\/noticia\/2025-11\/ancelotti-busca-defesa-solida-e-escala-militao-como-lateral-do-brasil\">Ancelotti busca defesa s\u00f3lida e escala Milit\u00e3o como lateral do Brasil .<\/a><\/li>\n<li><a href=\"https:\/\/agenciabrasil.ebc.com.br\/esportes\/noticia\/2025-11\/carlo-ancelotti-convoca-selecao-para-dois-ultimos-amistosos-de-2025\">Carlo Ancelotti convoca sele\u00e7\u00e3o para dois \u00faltimos amistosos de 2025.<\/a><\/li>\n<li><a href=\"https:\/\/agenciabrasil.ebc.com.br\/esportes\/noticia\/2025-11\/marta-e-indicada-ao-premio-de-gol-mais-bonito-da-temporada-da-fifa\">Marta \u00e9 indicada ao pr\u00eamio de gol mais bonito da temporada da Fifa.<\/a><\/li>\n<\/ul>\n<p>\u00a0<\/p><\/div>\n<div><a href=\"https:\/\/www.instagram.com\/p\/DRFij1tD2xg\/?utm_source=ig_embed&#038;utm_campaign=loading\" target=\"_blank\"><svg height=\"50px\" version=\"1.1\" viewbox=\"0 0 60 60\" width=\"50px\" xmlns=\"https:\/\/www.w3.org\/2000\/svg\" xmlns:xlink=\"https:\/\/www.w3.org\/1999\/xlink\"><g fill=\"none\" fill-rule=\"evenodd\" stroke=\"none\" stroke-width=\"1\"><g fill=\"#000000\" transform=\"translate(-511.000000, -20.000000)\"><g><path d=\"M556.869,30.41 C554.814,30.41 553.148,32.076 553.148,34.131 C553.148,36.186 554.814,37.852 556.869,37.852 C558.924,37.852 560.59,36.186 560.59,34.131 C560.59,32.076 558.924,30.41 556.869,30.41 M541,60.657 C535.114,60.657 530.342,55.887 530.342,50 C530.342,44.114 535.114,39.342 541,39.342 C546.887,39.342 551.658,44.114 551.658,50 C551.658,55.887 546.887,60.657 541,60.657 M541,33.886 C532.1,33.886 524.886,41.1 524.886,50 C524.886,58.899 532.1,66.113 541,66.113 C549.9,66.113 557.115,58.899 557.115,50 C557.115,41.1 549.9,33.886 541,33.886 M565.378,62.101 C565.244,65.022 564.756,66.606 564.346,67.663 C563.803,69.06 563.154,70.057 562.106,71.106 C561.058,72.155 560.06,72.803 558.662,73.347 C557.607,73.757 556.021,74.244 553.102,74.378 C549.944,74.521 548.997,74.552 541,74.552 C533.003,74.552 532.056,74.521 528.898,74.378 C525.979,74.244 524.393,73.757 523.338,73.347 C521.94,72.803 520.942,72.155 519.894,71.106 C518.846,70.057 518.197,69.06 517.654,67.663 C517.244,66.606 516.755,65.022 516.623,62.101 C516.479,58.943 516.448,57.996 516.448,50 C516.448,42.003 516.479,41.056 516.623,37.899 C516.755,34.978 517.244,33.391 517.654,32.338 C518.197,30.938 518.846,29.942 519.894,28.894 C520.942,27.846 521.94,27.196 523.338,26.654 C524.393,26.244 525.979,25.756 528.898,25.623 C532.057,25.479 533.004,25.448 541,25.448 C548.997,25.448 549.943,25.479 553.102,25.623 C556.021,25.756 557.607,26.244 558.662,26.654 C560.06,27.196 561.058,27.846 562.106,28.894 C563.154,29.942 563.803,30.938 564.346,32.338 C564.756,33.391 565.244,34.978 565.378,37.899 C565.522,41.056 565.552,42.003 565.552,50 C565.552,57.996 565.522,58.943 565.378,62.101 M570.82,37.631 C570.674,34.438 570.167,32.258 569.425,30.349 C568.659,28.377 567.633,26.702 565.965,25.035 C564.297,23.368 562.623,22.342 560.652,21.575 C558.743,20.834 556.562,20.326 553.369,20.18 C550.169,20.033 549.148,20 541,20 C532.853,20 531.831,20.033 528.631,20.18 C525.438,20.326 523.257,20.834 521.349,21.575 C519.376,22.342 517.703,23.368 516.035,25.035 C514.368,26.702 513.342,28.377 512.574,30.349 C511.834,32.258 511.326,34.438 511.181,37.631 C511.035,40.831 511,41.851 511,50 C511,58.147 511.035,59.17 511.181,62.369 C511.326,65.562 511.834,67.743 512.574,69.651 C513.342,71.625 514.368,73.296 516.035,74.965 C517.703,76.634 519.376,77.658 521.349,78.425 C523.257,79.167 525.438,79.673 528.631,79.82 C531.831,79.965 532.853,80.001 541,80.001 C549.148,80.001 550.169,79.965 553.369,79.82 C556.562,79.673 558.743,79.167 560.652,78.425 C562.623,77.658 564.297,76.634 565.965,74.965 C567.633,73.296 568.659,71.625 569.425,69.651 C570.167,67.743 570.674,65.562 570.82,62.369 C570.966,59.17 571,58.147 571,50 C571,41.851 570.966,40.831 570.82,37.631\"><\/path><\/g><\/g><\/g><\/svg><\/a><\/div>\n<div>\n<div><a href=\"https:\/\/www.instagram.com\/p\/DRFij1tD2xg\/?utm_source=ig_embed&#038;utm_campaign=loading\" target=\"_blank\">Ver essa foto no Instagram<\/a><\/div>\n<\/div>\n<div>\n<h3>Not\u00edcias relacionadas:<\/h3>\n<ul>\n<li><a href=\"https:\/\/agenciabrasil.ebc.com.br\/esportes\/noticia\/2025-11\/ancelotti-busca-defesa-solida-e-escala-militao-como-lateral-do-brasil\">Ancelotti busca defesa s\u00f3lida e escala Milit\u00e3o como lateral do Brasil .<\/a><\/li>\n<li><a href=\"https:\/\/agenciabrasil.ebc.com.br\/esportes\/noticia\/2025-11\/carlo-ancelotti-convoca-selecao-para-dois-ultimos-amistosos-de-2025\">Carlo Ancelotti convoca sele\u00e7\u00e3o para dois \u00faltimos amistosos de 2025.<\/a><\/li>\n<li><a href=\"https:\/\/agenciabrasil.ebc.com.br\/esportes\/noticia\/2025-11\/marta-e-indicada-ao-premio-de-gol-mais-bonito-da-temporada-da-fifa\">Marta \u00e9 indicada ao pr\u00eamio de gol mais bonito da temporada da Fifa.<\/a><\/li>\n<\/ul>\n<p>\u00a0<\/p><\/div>\n<div>\n<div>\n<div>\n<h3>Not\u00edcias relacionadas:<\/h3>\n<ul>\n<li><a href=\"https:\/\/agenciabrasil.ebc.com.br\/esportes\/noticia\/2025-11\/ancelotti-busca-defesa-solida-e-escala-militao-como-lateral-do-brasil\">Ancelotti busca defesa s\u00f3lida e escala Milit\u00e3o como lateral do Brasil .<\/a><\/li>\n<li><a href=\"https:\/\/agenciabrasil.ebc.com.br\/esportes\/noticia\/2025-11\/carlo-ancelotti-convoca-selecao-para-dois-ultimos-amistosos-de-2025\">Carlo Ancelotti convoca sele\u00e7\u00e3o para dois \u00faltimos amistosos de 2025.<\/a><\/li>\n<li><a href=\"https:\/\/agenciabrasil.ebc.com.br\/esportes\/noticia\/2025-11\/marta-e-indicada-ao-premio-de-gol-mais-bonito-da-temporada-da-fifa\">Marta \u00e9 indicada ao pr\u00eamio de gol mais bonito da temporada da Fifa.<\/a><\/li>\n<\/ul>\n<p>\u00a0<\/p><\/div>\n<div>\n<h3>Not\u00edcias relacionadas:<\/h3>\n<ul>\n<li><a href=\"https:\/\/agenciabrasil.ebc.com.br\/esportes\/noticia\/2025-11\/ancelotti-busca-defesa-solida-e-escala-militao-como-lateral-do-brasil\">Ancelotti busca defesa s\u00f3lida e escala Milit\u00e3o como lateral do Brasil .<\/a><\/li>\n<li><a href=\"https:\/\/agenciabrasil.ebc.com.br\/esportes\/noticia\/2025-11\/carlo-ancelotti-convoca-selecao-para-dois-ultimos-amistosos-de-2025\">Carlo Ancelotti convoca sele\u00e7\u00e3o para dois \u00faltimos amistosos de 2025.<\/a><\/li>\n<li><a href=\"https:\/\/agenciabrasil.ebc.com.br\/esportes\/noticia\/2025-11\/marta-e-indicada-ao-premio-de-gol-mais-bonito-da-temporada-da-fifa\">Marta \u00e9 indicada ao pr\u00eamio de gol mais bonito da temporada da Fifa.<\/a><\/li>\n<\/ul>\n<p>\u00a0<\/p><\/div>\n<div>\n<h3>Not\u00edcias relacionadas:<\/h3>\n<ul>\n<li><a href=\"https:\/\/agenciabrasil.ebc.com.br\/esportes\/noticia\/2025-11\/ancelotti-busca-defesa-solida-e-escala-militao-como-lateral-do-brasil\">Ancelotti busca defesa s\u00f3lida e escala Milit\u00e3o como lateral do Brasil .<\/a><\/li>\n<li><a href=\"https:\/\/agenciabrasil.ebc.com.br\/esportes\/noticia\/2025-11\/carlo-ancelotti-convoca-selecao-para-dois-ultimos-amistosos-de-2025\">Carlo Ancelotti convoca sele\u00e7\u00e3o para dois \u00faltimos amistosos de 2025.<\/a><\/li>\n<li><a href=\"https:\/\/agenciabrasil.ebc.com.br\/esportes\/noticia\/2025-11\/marta-e-indicada-ao-premio-de-gol-mais-bonito-da-temporada-da-fifa\">Marta \u00e9 indicada ao pr\u00eamio de gol mais bonito da temporada da Fifa.<\/a><\/li>\n<\/ul>\n<p>\u00a0<\/p><\/div>\n<\/div>\n<div>\n<div>\n<h3>Not\u00edcias relacionadas:<\/h3>\n<ul>\n<li><a href=\"https:\/\/agenciabrasil.ebc.com.br\/esportes\/noticia\/2025-11\/ancelotti-busca-defesa-solida-e-escala-militao-como-lateral-do-brasil\">Ancelotti busca defesa s\u00f3lida e escala Milit\u00e3o como lateral do Brasil .<\/a><\/li>\n<li><a href=\"https:\/\/agenciabrasil.ebc.com.br\/esportes\/noticia\/2025-11\/carlo-ancelotti-convoca-selecao-para-dois-ultimos-amistosos-de-2025\">Carlo Ancelotti convoca sele\u00e7\u00e3o para dois \u00faltimos amistosos de 2025.<\/a><\/li>\n<li><a href=\"https:\/\/agenciabrasil.ebc.com.br\/esportes\/noticia\/2025-11\/marta-e-indicada-ao-premio-de-gol-mais-bonito-da-temporada-da-fifa\">Marta \u00e9 indicada ao pr\u00eamio de gol mais bonito da temporada da Fifa.<\/a><\/li>\n<\/ul>\n<p>\u00a0<\/p><\/div>\n<div>\n<h3>Not\u00edcias relacionadas:<\/h3>\n<ul>\n<li><a href=\"https:\/\/agenciabrasil.ebc.com.br\/esportes\/noticia\/2025-11\/ancelotti-busca-defesa-solida-e-escala-militao-como-lateral-do-brasil\">Ancelotti busca defesa s\u00f3lida e escala Milit\u00e3o como lateral do Brasil .<\/a><\/li>\n<li><a href=\"https:\/\/agenciabrasil.ebc.com.br\/esportes\/noticia\/2025-11\/carlo-ancelotti-convoca-selecao-para-dois-ultimos-amistosos-de-2025\">Carlo Ancelotti convoca sele\u00e7\u00e3o para dois \u00faltimos amistosos de 2025.<\/a><\/li>\n<li><a href=\"https:\/\/agenciabrasil.ebc.com.br\/esportes\/noticia\/2025-11\/marta-e-indicada-ao-premio-de-gol-mais-bonito-da-temporada-da-fifa\">Marta \u00e9 indicada ao pr\u00eamio de gol mais bonito da temporada da Fifa.<\/a><\/li>\n<\/ul>\n<p>\u00a0<\/p><\/div>\n<\/div>\n<div>\n<div>\n<h3>Not\u00edcias relacionadas:<\/h3>\n<ul>\n<li><a href=\"https:\/\/agenciabrasil.ebc.com.br\/esportes\/noticia\/2025-11\/ancelotti-busca-defesa-solida-e-escala-militao-como-lateral-do-brasil\">Ancelotti busca defesa s\u00f3lida e escala Milit\u00e3o como lateral do Brasil .<\/a><\/li>\n<li><a href=\"https:\/\/agenciabrasil.ebc.com.br\/esportes\/noticia\/2025-11\/carlo-ancelotti-convoca-selecao-para-dois-ultimos-amistosos-de-2025\">Carlo Ancelotti convoca sele\u00e7\u00e3o para dois \u00faltimos amistosos de 2025.<\/a><\/li>\n<li><a href=\"https:\/\/agenciabrasil.ebc.com.br\/esportes\/noticia\/2025-11\/marta-e-indicada-ao-premio-de-gol-mais-bonito-da-temporada-da-fifa\">Marta \u00e9 indicada ao pr\u00eamio de gol mais bonito da temporada da Fifa.<\/a><\/li>\n<\/ul>\n<p>\u00a0<\/p><\/div>\n<div>\n<h3>Not\u00edcias relacionadas:<\/h3>\n<ul>\n<li><a href=\"https:\/\/agenciabrasil.ebc.com.br\/esportes\/noticia\/2025-11\/ancelotti-busca-defesa-solida-e-escala-militao-como-lateral-do-brasil\">Ancelotti busca defesa s\u00f3lida e escala Milit\u00e3o como lateral do Brasil .<\/a><\/li>\n<li><a href=\"https:\/\/agenciabrasil.ebc.com.br\/esportes\/noticia\/2025-11\/carlo-ancelotti-convoca-selecao-para-dois-ultimos-amistosos-de-2025\">Carlo Ancelotti convoca sele\u00e7\u00e3o para dois \u00faltimos amistosos de 2025.<\/a><\/li>\n<li><a href=\"https:\/\/agenciabrasil.ebc.com.br\/esportes\/noticia\/2025-11\/marta-e-indicada-ao-premio-de-gol-mais-bonito-da-temporada-da-fifa\">Marta \u00e9 indicada ao pr\u00eamio de gol mais bonito da temporada da Fifa.<\/a><\/li>\n<\/ul>\n<p>\u00a0<\/p><\/div>\n<div>\n<h3>Not\u00edcias relacionadas:<\/h3>\n<ul>\n<li><a href=\"https:\/\/agenciabrasil.ebc.com.br\/esportes\/noticia\/2025-11\/ancelotti-busca-defesa-solida-e-escala-militao-como-lateral-do-brasil\">Ancelotti busca defesa s\u00f3lida e escala Milit\u00e3o como lateral do Brasil .<\/a><\/li>\n<li><a href=\"https:\/\/agenciabrasil.ebc.com.br\/esportes\/noticia\/2025-11\/carlo-ancelotti-convoca-selecao-para-dois-ultimos-amistosos-de-2025\">Carlo Ancelotti convoca sele\u00e7\u00e3o para dois \u00faltimos amistosos de 2025.<\/a><\/li>\n<li><a href=\"https:\/\/agenciabrasil.ebc.com.br\/esportes\/noticia\/2025-11\/marta-e-indicada-ao-premio-de-gol-mais-bonito-da-temporada-da-fifa\">Marta \u00e9 indicada ao pr\u00eamio de gol mais bonito da temporada da Fifa.<\/a><\/li>\n<\/ul>\n<p>\u00a0<\/p><\/div>\n<\/div>\n<\/div>\n<div>\n<div>\n<h3>Not\u00edcias relacionadas:<\/h3>\n<ul>\n<li><a href=\"https:\/\/agenciabrasil.ebc.com.br\/esportes\/noticia\/2025-11\/ancelotti-busca-defesa-solida-e-escala-militao-como-lateral-do-brasil\">Ancelotti busca defesa s\u00f3lida e escala Milit\u00e3o como lateral do Brasil .<\/a><\/li>\n<li><a href=\"https:\/\/agenciabrasil.ebc.com.br\/esportes\/noticia\/2025-11\/carlo-ancelotti-convoca-selecao-para-dois-ultimos-amistosos-de-2025\">Carlo Ancelotti convoca sele\u00e7\u00e3o para dois \u00faltimos amistosos de 2025.<\/a><\/li>\n<li><a href=\"https:\/\/agenciabrasil.ebc.com.br\/esportes\/noticia\/2025-11\/marta-e-indicada-ao-premio-de-gol-mais-bonito-da-temporada-da-fifa\">Marta \u00e9 indicada ao pr\u00eamio de gol mais bonito da temporada da Fifa.<\/a><\/li>\n<\/ul>\n<p>\u00a0<\/p><\/div>\n<div>\n<h3>Not\u00edcias relacionadas:<\/h3>\n<ul>\n<li><a href=\"https:\/\/agenciabrasil.ebc.com.br\/esportes\/noticia\/2025-11\/ancelotti-busca-defesa-solida-e-escala-militao-como-lateral-do-brasil\">Ancelotti busca defesa s\u00f3lida e escala Milit\u00e3o como lateral do Brasil .<\/a><\/li>\n<li><a href=\"https:\/\/agenciabrasil.ebc.com.br\/esportes\/noticia\/2025-11\/carlo-ancelotti-convoca-selecao-para-dois-ultimos-amistosos-de-2025\">Carlo Ancelotti convoca sele\u00e7\u00e3o para dois \u00faltimos amistosos de 2025.<\/a><\/li>\n<li><a href=\"https:\/\/agenciabrasil.ebc.com.br\/esportes\/noticia\/2025-11\/marta-e-indicada-ao-premio-de-gol-mais-bonito-da-temporada-da-fifa\">Marta \u00e9 indicada ao pr\u00eamio de gol mais bonito da temporada da Fifa.<\/a><\/li>\n<\/ul>\n<p>\u00a0<\/p><\/div>\n<\/div>\n<p><a href=\"https:\/\/www.instagram.com\/p\/DRFij1tD2xg\/?utm_source=ig_embed&#038;utm_campaign=loading\" target=\"_blank\">Uma publica\u00e7\u00e3o compartilhada por CBF \u2022 Sele\u00e7\u00e3o Brasileira de Futebol (@brasil)<\/a><\/p>\n<\/div>\n<\/blockquote>\n<p><script async=\"\" src=\"\/\/www.instagram.com\/embed.js\"><\/script><\/p>\n<p>Esta proposta de jogo<\/p>\n<h3>Not\u00edcias relacionadas:<\/h3>\n<ul>\n<li><a href=\"https:\/\/agenciabrasil.ebc.com.br\/esportes\/noticia\/2025-11\/ancelotti-busca-defesa-solida-e-escala-militao-como-lateral-do-brasil\">Ancelotti busca defesa s\u00f3lida e escala Milit\u00e3o como lateral do Brasil .<\/a><\/li>\n<li><a href=\"https:\/\/agenciabrasil.ebc.com.br\/esportes\/noticia\/2025-11\/carlo-ancelotti-convoca-selecao-para-dois-ultimos-amistosos-de-2025\">Carlo Ancelotti convoca sele\u00e7\u00e3o para dois \u00faltimos amistosos de 2025.<\/a><\/li>\n<li><a href=\"https:\/\/agenciabrasil.ebc.com.br\/esportes\/noticia\/2025-11\/marta-e-indicada-ao-premio-de-gol-mais-bonito-da-temporada-da-fifa\">Marta \u00e9 indicada ao pr\u00eamio de gol mais bonito da temporada da Fifa.<\/a><\/li>\n<\/ul>\n<p>\u00a0se mostrou acertada desde os primeiros movimentos, com a sele\u00e7\u00e3o brasileira n\u00e3o demorando a levar perigo ao gol defendido pelo goleiro \u00c9douard Mendy. Logo aos tr\u00eas minutos Est\u00eav\u00e3o finalizou mal ap\u00f3s boa jogada de Vinicius J\u00fanior, e a bola sobrou para Matheus Cunha, que bateu colocado para a bola explodir no p\u00e9 da trave. O camisa 21 do Brasil queria jogo e voltou a colocar uma bola na trave. Desta vez de cabe\u00e7a, aos 16 minutos, ap\u00f3s o meio-campista Bruno Guimar\u00e3es levantar na \u00e1rea.<\/p>\n<p>Mas aos 27 minutos n\u00e3o teve jeito. Bruno Guimar\u00e3es tentou uma tabela, a defesa senegalesa cortou parcialmente e a bola sobrou na entrada da \u00e1rea, onde Est\u00eav\u00e3o apareceu em velocidade para bater forte de esquerda<\/p>\n<h3>Not\u00edcias relacionadas:<\/h3>\n<ul>\n<li><a href=\"https:\/\/agenciabrasil.ebc.com.br\/esportes\/noticia\/2025-11\/ancelotti-busca-defesa-solida-e-escala-militao-como-lateral-do-brasil\">Ancelotti busca defesa s\u00f3lida e escala Milit\u00e3o como lateral do Brasil .<\/a><\/li>\n<li><a href=\"https:\/\/agenciabrasil.ebc.com.br\/esportes\/noticia\/2025-11\/carlo-ancelotti-convoca-selecao-para-dois-ultimos-amistosos-de-2025\">Carlo Ancelotti convoca sele\u00e7\u00e3o para dois \u00faltimos amistosos de 2025.<\/a><\/li>\n<li><a href=\"https:\/\/agenciabrasil.ebc.com.br\/esportes\/noticia\/2025-11\/marta-e-indicada-ao-premio-de-gol-mais-bonito-da-temporada-da-fifa\">Marta \u00e9 indicada ao pr\u00eamio de gol mais bonito da temporada da Fifa.<\/a><\/li>\n<\/ul>\n<p>\u00a0para abrir o marcador. Este foi o quarto gol do atacante do Chelsea (Inglaterra) pela sele\u00e7\u00e3o principal do Brasil.<\/p>\n<p>O time verde-amarelo continuou dominando as a\u00e7\u00f5es e n\u00e3o demorou a ampliar. Aos 35 minutos o juiz assinalou falta na entrada da \u00e1rea do Senegal. Rodrygo levantou a bola no capricho, e Casemiro dominou na pequena \u00e1rea para bater colocado e superar o goleiro \u00c9douard Mendy.<\/p>\n<p>Ap\u00f3s o intervalo a equipe brasileira passou a dar sinais de que cansou um pouco em raz\u00e3o do esfor\u00e7o para marcar o advers\u00e1rio sob press\u00e3o. Assim, o Senegal chegou<\/p>\n<h3>Not\u00edcias relacionadas:<\/h3>\n<ul>\n<li><a href=\"https:\/\/agenciabrasil.ebc.com.br\/esportes\/noticia\/2025-11\/ancelotti-busca-defesa-solida-e-escala-militao-como-lateral-do-brasil\">Ancelotti busca defesa s\u00f3lida e escala Milit\u00e3o como lateral do Brasil .<\/a><\/li>\n<li><a href=\"https:\/\/agenciabrasil.ebc.com.br\/esportes\/noticia\/2025-11\/carlo-ancelotti-convoca-selecao-para-dois-ultimos-amistosos-de-2025\">Carlo Ancelotti convoca sele\u00e7\u00e3o para dois \u00faltimos amistosos de 2025.<\/a><\/li>\n<li><a href=\"https:\/\/agenciabrasil.ebc.com.br\/esportes\/noticia\/2025-11\/marta-e-indicada-ao-premio-de-gol-mais-bonito-da-temporada-da-fifa\">Marta \u00e9 indicada ao pr\u00eamio de gol mais bonito da temporada da Fifa.<\/a><\/li>\n<\/ul>\n<p>\u00a0com perigo ao gol defendido por Ederson. Carlo Ancelotti fez mudan\u00e7as para oxigenar seu time, que n\u00e3o correu grandes perigos para manter a vantagem at\u00e9 o apito final.<\/p>\n<p>Na pr\u00f3xima ter\u00e7a-feira (18) a equipe de Carlo Ancelotti ter\u00e1 mais uma oportunidade de realizar testes para a Copa do Mundo de 2026, quando enfrentar\u00e1 a Tun\u00edsia, a partir das 16h30, no Decathlon Stadium, em Lille (Fran\u00e7a).<\/p>\n","protected":false},"excerpt":{"rendered":"<p>A sele\u00e7\u00e3o brasileira deu mais uma mostra de que est\u00e1 evoluindo na sua prepara\u00e7\u00e3o para a Copa do Mundo de 2026 ao jogar bem e derrotar o Senegal pelo placar de 2 a 0 em partida amistosa disputada na tarde deste s\u00e1bado (15) no Emirates Stadium, em Londres. Diante de um advers\u00e1rio que tem bons [&hellip;]<\/p>\n","protected":false},"author":6,"featured_media":13760,"comment_status":"open","ping_status":"open","sticky":false,"template":"","format":"standard","meta":{"_monsterinsights_skip_tracking":false,"_monsterinsights_sitenote_active":false,"_monsterinsights_sitenote_note":"","_monsterinsights_sitenote_category":0,"site-sidebar-layout":"default","site-content-layout":"","ast-site-content-layout":"","site-content-style":"default","site-sidebar-style":"default","ast-global-header-display":"","ast-banner-title-visibility":"","ast-main-header-display":"","ast-hfb-above-header-display":"","ast-hfb-below-header-display":"","ast-hfb-mobile-header-display":"","site-post-title":"","ast-breadcrumbs-content":"","ast-featured-img":"","footer-sml-layout":"","theme-transparent-header-meta":"","adv-header-id-meta":"","stick-header-meta":"","header-above-stick-meta":"","header-main-stick-meta":"","header-below-stick-meta":"","astra-migrate-meta-layouts":"default","ast-page-background-enabled":"default","ast-page-background-meta":{"desktop":{"background-color":"var(--ast-global-color-4)","background-image":"","background-repeat":"repeat","background-position":"center center","background-size":"auto","background-attachment":"scroll","background-type":"","background-media":"","overlay-type":"","overlay-color":"","overlay-opacity":"","overlay-gradient":""},"tablet":{"background-color":"","background-image":"","background-repeat":"repeat","background-position":"center center","background-size":"auto","background-attachment":"scroll","background-type":"","background-media":"","overlay-type":"","overlay-color":"","overlay-opacity":"","overlay-gradient":""},"mobile":{"background-color":"","background-image":"","background-repeat":"repeat","background-position":"center center","background-size":"auto","background-attachment":"scroll","background-type":"","background-media":"","overlay-type":"","overlay-color":"","overlay-opacity":"","overlay-gradient":""}},"ast-content-background-meta":{"desktop":{"background-color":"var(--ast-global-color-5)","background-image":"","background-repeat":"repeat","background-position":"center center","background-size":"auto","background-attachment":"scroll","background-type":"","background-media":"","overlay-type":"","overlay-color":"","overlay-opacity":"","overlay-gradient":""},"tablet":{"background-color":"var(--ast-global-color-5)","background-image":"","background-repeat":"repeat","background-position":"center center","background-size":"auto","background-attachment":"scroll","background-type":"","background-media":"","overlay-type":"","overlay-color":"","overlay-opacity":"","overlay-gradient":""},"mobile":{"background-color":"var(--ast-global-color-5)","background-image":"","background-repeat":"repeat","background-position":"center center","background-size":"auto","background-attachment":"scroll","background-type":"","background-media":"","overlay-type":"","overlay-color":"","overlay-opacity":"","overlay-gradient":""}},"footnotes":""},"categories":[45],"tags":[],"class_list":["post-13759","post","type-post","status-publish","format-standard","has-post-thumbnail","hentry","category-esportes"],"aioseo_notices":[],"_links":{"self":[{"href":"https:\/\/conexaodjota.com.br\/index.php?rest_route=\/wp\/v2\/posts\/13759","targetHints":{"allow":["GET"]}}],"collection":[{"href":"https:\/\/conexaodjota.com.br\/index.php?rest_route=\/wp\/v2\/posts"}],"about":[{"href":"https:\/\/conexaodjota.com.br\/index.php?rest_route=\/wp\/v2\/types\/post"}],"author":[{"embeddable":true,"href":"https:\/\/conexaodjota.com.br\/index.php?rest_route=\/wp\/v2\/users\/6"}],"replies":[{"embeddable":true,"href":"https:\/\/conexaodjota.com.br\/index.php?rest_route=%2Fwp%2Fv2%2Fcomments&post=13759"}],"version-history":[{"count":0,"href":"https:\/\/conexaodjota.com.br\/index.php?rest_route=\/wp\/v2\/posts\/13759\/revisions"}],"wp:featuredmedia":[{"embeddable":true,"href":"https:\/\/conexaodjota.com.br\/index.php?rest_route=\/wp\/v2\/media\/13760"}],"wp:attachment":[{"href":"https:\/\/conexaodjota.com.br\/index.php?rest_route=%2Fwp%2Fv2%2Fmedia&parent=13759"}],"wp:term":[{"taxonomy":"category","embeddable":true,"href":"https:\/\/conexaodjota.com.br\/index.php?rest_route=%2Fwp%2Fv2%2Fcategories&post=13759"},{"taxonomy":"post_tag","embeddable":true,"href":"https:\/\/conexaodjota.com.br\/index.php?rest_route=%2Fwp%2Fv2%2Ftags&post=13759"}],"curies":[{"name":"wp","href":"https:\/\/api.w.org\/{rel}","templated":true}]}}