{"id":12327,"date":"2025-10-17T18:59:54","date_gmt":"2025-10-17T21:59:54","guid":{"rendered":"https:\/\/conexaodjota.com.br\/?p=12327"},"modified":"2025-10-17T18:59:54","modified_gmt":"2025-10-17T21:59:54","slug":"paraciclismo-sabrina-custodia-e-ouro-e-1a-recordista-mundial-do-pais","status":"publish","type":"post","link":"https:\/\/conexaodjota.com.br\/?p=12327","title":{"rendered":"Paraciclismo: Sabrina Cust\u00f3dia \u00e9 ouro e 1\u00aa recordista mundial do pa\u00eds"},"content":{"rendered":"<\/p>\n<p><a class=\"\" href=\"https:\/\/agenciabrasil.ebc.com.br\/esportes\/noticia\/2025-10\/paraciclismo-sabrina-custodia-e-ouro-e-1a-recordista-mundial-do-pa%C3%ADs\"><br \/>\n                    <img decoding=\"async\" src=\"https:\/\/cdn.jsdelivr.net\/gh\/sergiosdlima\/assets-ebc@1.0.0\/abr\/assets\/images\/logo-agenciabrasil.svg\" alt=\"Logo Ag\u00eancia Brasil\"><br \/>\n\t\t\t\t<\/a><\/p>\n<p>Aos 44 anos, a paraciclista Sabrina Cust\u00f3dia da Silva tornou-se a primeira brasileira recordista mundial da hist\u00f3ria da modalidade e, de quebra, faturou a medalha de ouro no Campeonato Mundial disputado no vel\u00f3dromo ol\u00edmpico do Rio de Janeiro. Na noite de quinta-feira (16), ela foi campe\u00e3 da prova de contrarrel\u00f3gio de 1 quil\u00f4metro da classe WC2 (competidores com defici\u00eancia f\u00edsico-motora), com o tempo recorde de 1min20s020.\u00a0A prata ficou com a su\u00ed\u00e7a Flurina Rigling e o bronze com a alem\u00e3 com Maike Hausberger.\u00a0<img decoding=\"async\" src=\"https:\/\/agenciabrasil.ebc.com.br\/ebc.png?id=1663340&#038;o=rss\"><img decoding=\"async\" src=\"https:\/\/agenciabrasil.ebc.com.br\/ebc.gif?id=1663340&#038;o=rss\"><\/p>\n<p>\u201cA hora chegou, e n\u00e3o foi s\u00f3 o t\u00edtulo mundial, teve o recorde mundial! \u00c9 muita emo\u00e7\u00e3o para um dia s\u00f3. Treinei muito este ano, me preparei demais para chegar neste momento. Mas mesmo sabendo que estava pronta, a ficha n\u00e3o caiu ainda\u201d, disse a paulista de S\u00e3o Jos\u00e9 dos Campos, que ano passado j\u00e1 conquistara prata no Mundial.<\/p>\n<blockquote class=\"twitter-tweet\">\n<p dir=\"ltr\" lang=\"en\" xml:lang=\"en\">\n<h3>Not\u00edcias relacionadas:<\/h3>\n<ul>\n<li><a href=\"https:\/\/agenciabrasil.ebc.com.br\/esportes\/noticia\/2025-10\/apos-2-semanas-terminam-os-jogos-universitarios-brasileiros-em-natal\">Ap\u00f3s 2 semanas, terminam os Jogos Universit\u00e1rios Brasileiros em Natal.<\/a><\/li>\n<li><a href=\"https:\/\/agenciabrasil.ebc.com.br\/esportes\/noticia\/2025-10\/liverpool-nao-tera-alisson-em-classico-contra-manchester-united\">Liverpool n\u00e3o ter\u00e1 Alisson em cl\u00e1ssico contra Manchester United .<\/a><\/li>\n<li><a href=\"https:\/\/agenciabrasil.ebc.com.br\/esportes\/noticia\/2025-10\/vitoria-derrota-bahia-e-ganha-folego-na-luta-contra-o-rebaixamento\">Vit\u00f3ria derrota Bahia e ganha f\u00f4lego na luta contra o rebaixamento.<\/a><\/li>\n<\/ul>\n<p>Women C2 1km Time Trial podium \ud83d\udc47<\/p>\n<p>\ud83e\udd47 Sabrina Custodia da Silva \ud83c\udde7\ud83c\uddf7<br \/>\n\ud83e\udd48 Flurina Rigling \ud83c\udde8\ud83c\udded<br \/>\n\ud83e\udd49 Maike Hausberger \ud83c\udde9\ud83c\uddea<\/p>\n<p>\ud83d\udccd 2025 UCI <a href=\"https:\/\/twitter.com\/hashtag\/ParaCycling?src=hash&#038;ref_src=twsrc%5Etfw\">#ParaCycling<\/a> Track World Championships<br \/>\n<a href=\"https:\/\/twitter.com\/hashtag\/Rio2025?src=hash&#038;ref_src=twsrc%5Etfw\">#Rio2025<\/a> <a href=\"https:\/\/t.co\/vdiBaEPjt0\">pic.twitter.com\/vdiBaEPjt0<\/a><br \/>\n\u2014 UCI Para-Cycling (@UCI_paracycling) <a href=\"https:\/\/twitter.com\/UCI_paracycling\/status\/1978967522243236229?ref_src=twsrc%5Etfw\">October 16, 2025<\/a><\/p><\/blockquote>\n<p><script async=\"\" src=\"https:\/\/platform.twitter.com\/widgets.js\" charset=\"utf-8\"><\/script><script async=\"\" src=\"https:\/\/platform.twitter.com\/widgets.js\" charset=\"utf-8\"><\/script><script async=\"\" src=\"https:\/\/platform.twitter.com\/widgets.js\" charset=\"utf-8\"><\/script><\/p>\n<p>O Brasil tamb\u00e9m assegurou prata com Vict\u00f3ria Barbosa no <em>sprint\u00a0\u00a0<\/em>na categoria W1 (atletas com defici\u00eancia f\u00edsico-motora). Ela liderava a prova, mas acabou superada na volta decisiva pela australiana Tahlia Clayton-Goodie, que arrematou o ouro.<\/p>\n<p>Outro destaque no primeiro dia do Mundial foi a estreia de Jerusa Geber, multicampe\u00e3 no atletismo paral\u00edmpico, que disputou a prova mista de contrarrel\u00f3gio de 750m na bicicleta dupla (<em>tandem<\/em>). Ela competiu com Carolina Barbosa, ao lado da dupla de Bruno Bonfim dos Santos e o piloto Endrigo Rosa. No qualificat\u00f3rio eles ficaram em quinto lugar e n\u00e3o avan\u00e7aram \u00e0 final.<\/p>\n<p>O Mundial de paraciclismo de pista vai at\u00e9 domingo (19), com entrada gratuita. No s\u00e1bado (18), h\u00e1 provas pela manh\u00e3 &#8211; a partir das 10h (hor\u00e1rio de Bras\u00edlia) e \u00e0 tarde. J\u00e1 no domingo (19), as disputas t\u00eam in\u00edcio \u00e0s 9h.<\/p>\n","protected":false},"excerpt":{"rendered":"<p>Aos 44 anos, a paraciclista Sabrina Cust\u00f3dia da Silva tornou-se a primeira brasileira recordista mundial da hist\u00f3ria da modalidade e, de quebra, faturou a medalha de ouro no Campeonato Mundial disputado no vel\u00f3dromo ol\u00edmpico do Rio de Janeiro. Na noite de quinta-feira (16), ela foi campe\u00e3 da prova de contrarrel\u00f3gio de 1 quil\u00f4metro da classe [&hellip;]<\/p>\n","protected":false},"author":6,"featured_media":12328,"comment_status":"open","ping_status":"open","sticky":false,"template":"","format":"standard","meta":{"_monsterinsights_skip_tracking":false,"_monsterinsights_sitenote_active":false,"_monsterinsights_sitenote_note":"","_monsterinsights_sitenote_category":0,"site-sidebar-layout":"default","site-content-layout":"","ast-site-content-layout":"","site-content-style":"default","site-sidebar-style":"default","ast-global-header-display":"","ast-banner-title-visibility":"","ast-main-header-display":"","ast-hfb-above-header-display":"","ast-hfb-below-header-display":"","ast-hfb-mobile-header-display":"","site-post-title":"","ast-breadcrumbs-content":"","ast-featured-img":"","footer-sml-layout":"","theme-transparent-header-meta":"","adv-header-id-meta":"","stick-header-meta":"","header-above-stick-meta":"","header-main-stick-meta":"","header-below-stick-meta":"","astra-migrate-meta-layouts":"default","ast-page-background-enabled":"default","ast-page-background-meta":{"desktop":{"background-color":"var(--ast-global-color-4)","background-image":"","background-repeat":"repeat","background-position":"center center","background-size":"auto","background-attachment":"scroll","background-type":"","background-media":"","overlay-type":"","overlay-color":"","overlay-opacity":"","overlay-gradient":""},"tablet":{"background-color":"","background-image":"","background-repeat":"repeat","background-position":"center center","background-size":"auto","background-attachment":"scroll","background-type":"","background-media":"","overlay-type":"","overlay-color":"","overlay-opacity":"","overlay-gradient":""},"mobile":{"background-color":"","background-image":"","background-repeat":"repeat","background-position":"center center","background-size":"auto","background-attachment":"scroll","background-type":"","background-media":"","overlay-type":"","overlay-color":"","overlay-opacity":"","overlay-gradient":""}},"ast-content-background-meta":{"desktop":{"background-color":"var(--ast-global-color-5)","background-image":"","background-repeat":"repeat","background-position":"center center","background-size":"auto","background-attachment":"scroll","background-type":"","background-media":"","overlay-type":"","overlay-color":"","overlay-opacity":"","overlay-gradient":""},"tablet":{"background-color":"var(--ast-global-color-5)","background-image":"","background-repeat":"repeat","background-position":"center center","background-size":"auto","background-attachment":"scroll","background-type":"","background-media":"","overlay-type":"","overlay-color":"","overlay-opacity":"","overlay-gradient":""},"mobile":{"background-color":"var(--ast-global-color-5)","background-image":"","background-repeat":"repeat","background-position":"center center","background-size":"auto","background-attachment":"scroll","background-type":"","background-media":"","overlay-type":"","overlay-color":"","overlay-opacity":"","overlay-gradient":""}},"footnotes":""},"categories":[45],"tags":[],"class_list":["post-12327","post","type-post","status-publish","format-standard","has-post-thumbnail","hentry","category-esportes"],"aioseo_notices":[],"_links":{"self":[{"href":"https:\/\/conexaodjota.com.br\/index.php?rest_route=\/wp\/v2\/posts\/12327","targetHints":{"allow":["GET"]}}],"collection":[{"href":"https:\/\/conexaodjota.com.br\/index.php?rest_route=\/wp\/v2\/posts"}],"about":[{"href":"https:\/\/conexaodjota.com.br\/index.php?rest_route=\/wp\/v2\/types\/post"}],"author":[{"embeddable":true,"href":"https:\/\/conexaodjota.com.br\/index.php?rest_route=\/wp\/v2\/users\/6"}],"replies":[{"embeddable":true,"href":"https:\/\/conexaodjota.com.br\/index.php?rest_route=%2Fwp%2Fv2%2Fcomments&post=12327"}],"version-history":[{"count":0,"href":"https:\/\/conexaodjota.com.br\/index.php?rest_route=\/wp\/v2\/posts\/12327\/revisions"}],"wp:featuredmedia":[{"embeddable":true,"href":"https:\/\/conexaodjota.com.br\/index.php?rest_route=\/wp\/v2\/media\/12328"}],"wp:attachment":[{"href":"https:\/\/conexaodjota.com.br\/index.php?rest_route=%2Fwp%2Fv2%2Fmedia&parent=12327"}],"wp:term":[{"taxonomy":"category","embeddable":true,"href":"https:\/\/conexaodjota.com.br\/index.php?rest_route=%2Fwp%2Fv2%2Fcategories&post=12327"},{"taxonomy":"post_tag","embeddable":true,"href":"https:\/\/conexaodjota.com.br\/index.php?rest_route=%2Fwp%2Fv2%2Ftags&post=12327"}],"curies":[{"name":"wp","href":"https:\/\/api.w.org\/{rel}","templated":true}]}}