{"id":12227,"date":"2025-10-15T19:10:09","date_gmt":"2025-10-15T22:10:09","guid":{"rendered":"https:\/\/conexaodjota.com.br\/?p=12227"},"modified":"2025-10-15T19:10:09","modified_gmt":"2025-10-15T22:10:09","slug":"atleta-estudante-da-ufpr-compete-nos-jubs-por-bicampeonato-no-karate","status":"publish","type":"post","link":"https:\/\/conexaodjota.com.br\/?p=12227","title":{"rendered":"Atleta-estudante da UFPR compete nos JUBs por bicampeonato no karat\u00ea"},"content":{"rendered":"<\/p>\n<p><a class=\"\" href=\"https:\/\/agenciabrasil.ebc.com.br\/esportes\/noticia\/2025-10\/atleta-estudante-da-ufpr-compete-nos-jubs-por-bicampeonato-no-karate\"><br \/>\n                    <img decoding=\"async\" src=\"https:\/\/cdn.jsdelivr.net\/gh\/sergiosdlima\/assets-ebc@1.0.0\/abr\/assets\/images\/logo-agenciabrasil.svg\" alt=\"Logo Ag\u00eancia Brasil\"><br \/>\n\t\t\t\t<\/a><\/p>\n<p>Emilly Amorim tem apenas 20 anos, mas j\u00e1 tem certeza de que o karat\u00ea vai fazer parte da vida dela pra sempre. Estudante do sexto per\u00edodo de educa\u00e7\u00e3o f\u00edsica da Universidade Federal do Paran\u00e1 (UFPR), ela disputa os Jogos Universit\u00e1rios Brasileiros (JUBs), em Natal, e competir\u00e1 na categoria at\u00e9 50 quilos nesta quinta-feira (16). Pela terceira vez ela\u00a0participa dos\u00a0JUBs e seu objetivo principal, al\u00e9m da medalha dourada, \u00e9 ganhar um boneco do mascote da competi\u00e7\u00e3o, o Joca, que est\u00e1 sendo entregue aos vencedores nesta edi\u00e7\u00e3o. Emilly j\u00e1 conquistou uma medalha de bronze e uma de ouro nos JUBs, mas ainda n\u00e3o tem um Joca.<img decoding=\"async\" src=\"https:\/\/agenciabrasil.ebc.com.br\/ebc.png?id=1663035&#038;o=rss\"><img decoding=\"async\" src=\"https:\/\/agenciabrasil.ebc.com.br\/ebc.gif?id=1663035&#038;o=rss\"><\/p>\n<p>\u201cEstou bastante animada, esse ano est\u00e1 bem mais dif\u00edcil.\u00a0No ano passado foram tr\u00eas lutas, este ano vou ter que fazer cinco, mas a minha expectativa ainda \u00e9 alta: quero levar um Joca pra casa\u201d, planeja a estudante.<\/p>\n<\/p>\n<h3>Not\u00edcias relacionadas:<\/h3>\n<ul>\n<li><a href=\"https:\/\/agenciabrasil.ebc.com.br\/esportes\/noticia\/2025-10\/hugo-calderano-e-bruna-takahashi-sao-campeoes-do-pan-americano-nos-eua\">Hugo Calderano e Bruna Takahashi s\u00e3o campe\u00f5es do Pan-Americano nos EUA.<\/a><\/li>\n<li><a href=\"https:\/\/agenciabrasil.ebc.com.br\/esportes\/noticia\/2025-10\/jovem-conta-com-torcida-da-familia-e-garante-prata-nos-jubs\">Jovem conta com torcida da fam\u00edlia e garante prata nos Jubs.<\/a><\/li>\n<li><a href=\"https:\/\/agenciabrasil.ebc.com.br\/esportes\/noticia\/2025-10\/radio-nacional-transmite-emocoes-de-fortaleza-e-vasco\">R\u00e1dio Nacional transmite as emo\u00e7\u00f5es de Fortaleza e Vasco.<\/a><\/li>\n<\/ul>\n<p>O karat\u00ea entrou na vida da Emilly quando ela tinha apenas 5 anos, depois de ver o filme de anima\u00e7\u00e3o \u201cKung Fu Panda\u201d e come\u00e7ar a imitar as personagens pela casa. Os pais matricularam ela num projeto social no interior do Paran\u00e1 e a partir da\u00ed, a Emilly nunca mais foi a mesma. \u201cO karat\u00ea foi a base de tudo, eu aprendi respeito, saber competir, que \u00e9 muito importante pra uma crian\u00e7a, ent\u00e3o o karat\u00ea me moldou, eu n\u00e3o sei o que \u00e9 que seria de mim nem da minha personalidade sem o karat\u00ea\u201d, revela.<\/p>\n<p>Com o esporte, Emilly realizou alguns sonhos. Um deles, representar o Brasil internacionalmente.<\/p>\n<p>\u201cEu entrei na sele\u00e7\u00e3o brasileira com 16 anos, inclusive foi minha primeira viagem internacional sozinha, e os meus pais ficaram com muito medo. A sele\u00e7\u00e3o brasileira foi a conquista mais importante que eu tive, tanto pra mim, quanto pra minha fam\u00edlia\u201d.<\/p>\n<div class=\"dnd-widget-wrapper context-cheio_8colunas type-image\">\n<div class=\"dnd-atom-rendered\"><!-- scald=440696:cheio_8colunas --><br \/>\n            <img decoding=\"async\" src=\"https:\/\/agenciabrasil.ebc.com.br\/sites\/default\/files\/thumbnails\/image\/loading_v2.gif\" data-echo=\"https:\/\/imagens.ebc.com.br\/D43y7WbM4Xm3799W5n27PxSM2VM=\/754x0\/smart\/https:\/\/agenciabrasil.ebc.com.br\/sites\/default\/files\/thumbnails\/image\/2025\/10\/15\/emily_amorin_karate_jubs_2025_natal.jpg?itok=u7tqTXoN\" alt=\"Emily Amorim, karat\u00ea, JUBs Natal 2025\" title=\"Reprodu\u00e7\u00e3o Instagram\/Emily Amorim\"><br \/>\n        <noscript><img decoding=\"async\" src=\"https:\/\/imagens.ebc.com.br\/D43y7WbM4Xm3799W5n27PxSM2VM=\/754x0\/smart\/https:\/\/agenciabrasil.ebc.com.br\/sites\/default\/files\/thumbnails\/image\/2025\/10\/15\/emily_amorin_karate_jubs_2025_natal.jpg?itok=u7tqTXoN\" alt=\"Emily Amorim, karat\u00ea, JUBs Natal 2025\" title=\"Reprodu\u00e7\u00e3o Instagram\/Emily Amorim\"><\/noscript><br \/>\n    <!-- END scald=440696 --><\/div>\n<div class=\"dnd-caption-wrapper\">\n<div class=\"meta\"><!--copyright=440696-->Emily Amorim, de 20 anos,\u00a0j\u00e1 faturou bronze e ouro nos JUBs. Nesta quinta (15) ela vai em busca de mais um p\u00f3dio na categoria dos 50 kg no karat\u00ea &#8211; <strong>Reprodu\u00e7\u00e3o Instagram\/Emily Amorim<\/strong><!--END copyright=440696--><\/div>\n<\/div>\n<\/div>\n<p>Para o futuro, Emilly tem muitos planos, todos com o karat\u00ea no meio. \u201cEu quero me formar no ano que vem, j\u00e1 entrar num projeto de p\u00f3s-gradua\u00e7\u00e3o, e iniciar a licenciatura. Quero continuar lutando, que \u00e9 o principal, com certeza. Vindo em Jubs, muitos e muitos anos\u201d enumera. Isso tudo acompanhado de uma rotina incans\u00e1vel de treinos e estudos, al\u00e9m do trabalho. Tudo bem organizado. \u201cEu arrumo a minha rotina por semestres, porque na faculdade n\u00e3o \u00e9 a gente que escolhe os nossos hor\u00e1rios. Quando saem os hor\u00e1rios, eu me organizo para treinar, trabalhar e estudar todos os dias, sem falta, mas pelo menos no domingo eu consigo ficar de boa\u201d, explica.<\/p>\n<p>O trabalho da Emilly tamb\u00e9m envolve o karat\u00ea. Ela atua em um projeto de\u00a0inicia\u00e7\u00e3o esportiva de crian\u00e7as neurodivergentes.<\/p>\n<p>\u201cEu trabalho com <em>cross training<\/em>, <em>cross kids<\/em> e com karat\u00ea tamb\u00e9m. Eu tive uma experi\u00eancia muito boa com uma crian\u00e7a neurodivergente com o karat\u00ea e eu me apaixonei. Ent\u00e3o comecei a fazer cursos, entender melhor como lidar com crian\u00e7as assim, como ajud\u00e1-las a se desenvolver melhor\u201d, revela Emily, que tamb\u00e9m planeja continuar trabalhando nessa \u00e1rea.<\/p>\n<p>De todas coisas que o karat\u00ea trouxe pra Emilly, a mais marcante foi a persist\u00eancia.<\/p>\n<p>\u201cEu pratico desde meus cinco anos e o meu sonho desde sempre era entrar na sele\u00e7\u00e3o brasileira e todos os anos eu ficava em segundo lugar. Voc\u00ea tem que ganhar de todo mundo da sua categoria para entrar na sele\u00e7\u00e3o, e eu ficava em segundo. Eu chorava, mas aprendi. O\u00a0meu sensei me ensinou: se voc\u00ea continuar tentando, uma hora vai dar certo. \u201cE isso eu levei pra tudo na minha vida. Persist\u00eancia. N\u00e3o parar s\u00f3 porque eu ca\u00ed. Levanta, vamos continuar. Se cair de novo, levanta de novo\u201d, concluiu.<\/p>\n<p><em><strong>* <\/strong>Ver\u00f4nica Dalcanal viajou a Natal \u00e0 convite da Confedera\u00e7\u00e3o Brasileira de Desportos Universit\u00e1rios (CBDU).<\/em><\/p>\n","protected":false},"excerpt":{"rendered":"<p>Emilly Amorim tem apenas 20 anos, mas j\u00e1 tem certeza de que o karat\u00ea vai fazer parte da vida dela pra sempre. Estudante do sexto per\u00edodo de educa\u00e7\u00e3o f\u00edsica da Universidade Federal do Paran\u00e1 (UFPR), ela disputa os Jogos Universit\u00e1rios Brasileiros (JUBs), em Natal, e competir\u00e1 na categoria at\u00e9 50 quilos nesta quinta-feira (16). Pela [&hellip;]<\/p>\n","protected":false},"author":255,"featured_media":12228,"comment_status":"open","ping_status":"open","sticky":false,"template":"","format":"standard","meta":{"_monsterinsights_skip_tracking":false,"_monsterinsights_sitenote_active":false,"_monsterinsights_sitenote_note":"","_monsterinsights_sitenote_category":0,"site-sidebar-layout":"default","site-content-layout":"","ast-site-content-layout":"","site-content-style":"default","site-sidebar-style":"default","ast-global-header-display":"","ast-banner-title-visibility":"","ast-main-header-display":"","ast-hfb-above-header-display":"","ast-hfb-below-header-display":"","ast-hfb-mobile-header-display":"","site-post-title":"","ast-breadcrumbs-content":"","ast-featured-img":"","footer-sml-layout":"","theme-transparent-header-meta":"","adv-header-id-meta":"","stick-header-meta":"","header-above-stick-meta":"","header-main-stick-meta":"","header-below-stick-meta":"","astra-migrate-meta-layouts":"default","ast-page-background-enabled":"default","ast-page-background-meta":{"desktop":{"background-color":"var(--ast-global-color-4)","background-image":"","background-repeat":"repeat","background-position":"center center","background-size":"auto","background-attachment":"scroll","background-type":"","background-media":"","overlay-type":"","overlay-color":"","overlay-opacity":"","overlay-gradient":""},"tablet":{"background-color":"","background-image":"","background-repeat":"repeat","background-position":"center center","background-size":"auto","background-attachment":"scroll","background-type":"","background-media":"","overlay-type":"","overlay-color":"","overlay-opacity":"","overlay-gradient":""},"mobile":{"background-color":"","background-image":"","background-repeat":"repeat","background-position":"center center","background-size":"auto","background-attachment":"scroll","background-type":"","background-media":"","overlay-type":"","overlay-color":"","overlay-opacity":"","overlay-gradient":""}},"ast-content-background-meta":{"desktop":{"background-color":"var(--ast-global-color-5)","background-image":"","background-repeat":"repeat","background-position":"center center","background-size":"auto","background-attachment":"scroll","background-type":"","background-media":"","overlay-type":"","overlay-color":"","overlay-opacity":"","overlay-gradient":""},"tablet":{"background-color":"var(--ast-global-color-5)","background-image":"","background-repeat":"repeat","background-position":"center center","background-size":"auto","background-attachment":"scroll","background-type":"","background-media":"","overlay-type":"","overlay-color":"","overlay-opacity":"","overlay-gradient":""},"mobile":{"background-color":"var(--ast-global-color-5)","background-image":"","background-repeat":"repeat","background-position":"center center","background-size":"auto","background-attachment":"scroll","background-type":"","background-media":"","overlay-type":"","overlay-color":"","overlay-opacity":"","overlay-gradient":""}},"footnotes":""},"categories":[45],"tags":[],"class_list":["post-12227","post","type-post","status-publish","format-standard","has-post-thumbnail","hentry","category-esportes"],"aioseo_notices":[],"_links":{"self":[{"href":"https:\/\/conexaodjota.com.br\/index.php?rest_route=\/wp\/v2\/posts\/12227","targetHints":{"allow":["GET"]}}],"collection":[{"href":"https:\/\/conexaodjota.com.br\/index.php?rest_route=\/wp\/v2\/posts"}],"about":[{"href":"https:\/\/conexaodjota.com.br\/index.php?rest_route=\/wp\/v2\/types\/post"}],"author":[{"embeddable":true,"href":"https:\/\/conexaodjota.com.br\/index.php?rest_route=\/wp\/v2\/users\/255"}],"replies":[{"embeddable":true,"href":"https:\/\/conexaodjota.com.br\/index.php?rest_route=%2Fwp%2Fv2%2Fcomments&post=12227"}],"version-history":[{"count":0,"href":"https:\/\/conexaodjota.com.br\/index.php?rest_route=\/wp\/v2\/posts\/12227\/revisions"}],"wp:featuredmedia":[{"embeddable":true,"href":"https:\/\/conexaodjota.com.br\/index.php?rest_route=\/wp\/v2\/media\/12228"}],"wp:attachment":[{"href":"https:\/\/conexaodjota.com.br\/index.php?rest_route=%2Fwp%2Fv2%2Fmedia&parent=12227"}],"wp:term":[{"taxonomy":"category","embeddable":true,"href":"https:\/\/conexaodjota.com.br\/index.php?rest_route=%2Fwp%2Fv2%2Fcategories&post=12227"},{"taxonomy":"post_tag","embeddable":true,"href":"https:\/\/conexaodjota.com.br\/index.php?rest_route=%2Fwp%2Fv2%2Ftags&post=12227"}],"curies":[{"name":"wp","href":"https:\/\/api.w.org\/{rel}","templated":true}]}}